{"id":1677,"date":"2024-02-26T16:03:38","date_gmt":"2024-02-26T16:03:38","guid":{"rendered":"https:\/\/queervibesmag.com\/?p=1677"},"modified":"2024-02-26T16:03:41","modified_gmt":"2024-02-26T16:03:41","slug":"gay-friendly-st-patricks-staten-island","status":"publish","type":"post","link":"https:\/\/queervibesmag.com\/es\/gay-friendly-st-patricks-staten-island\/","title":{"rendered":"Desfile inclusivo del D\u00eda de San Patricio en Staten Island"},"content":{"rendered":"<p><strong><em>Gay-Friendly St. Patrick\u2019s Staten Island<\/em><\/strong><\/p>\n\n\n\n<h2 class=\"wp-block-heading\">Staten Island acoge un nuevo desfile<\/h2>\n\n\n\n<p>Este a\u00f1o, Staten Island presenta un nuevo desfile del D\u00eda de San Patricio que supone un cambio significativo respecto a pr\u00e1cticas anteriores al incluir a grupos LGBTQ.<\/p>\n\n\n\n<p>Esta decisi\u00f3n sigue a una historia de exclusi\u00f3n de las celebraciones tradicionales del patrimonio irland\u00e9s en el municipio.<\/p>\n\n\n\n<h2 class=\"wp-block-heading\">Iniciativa del Desfile de la Avenida Forest<\/h2>\n\n\n\n<p>La iniciativa de este evento inclusivo est\u00e1 liderada por el Forest Avenue Business Improvement District (BID), seg\u00fan informa el Staten Island Advance. Este nuevo desfile est\u00e1 programado para el d\u00eda de San Patricio, el 17 de marzo, a mediod\u00eda, en contraste con el desfile m\u00e1s antiguo organizado por la Antigua Orden de Hibernios el 3 de marzo, que hist\u00f3ricamente ha excluido a los grupos queer. El pr\u00f3ximo Desfile de San Patricio de Forest Avenue ha recibido luz verde de la administraci\u00f3n Adams, lo que pone de relieve el compromiso del alcalde Eric Adams con las celebraciones inclusivas en toda la ciudad.<\/p>\n\n\n\n<h2 class=\"wp-block-heading\">La Alcald\u00eda hace hincapi\u00e9 en la inclusi\u00f3n<\/h2>\n\n\n\n<p>\"Desde el primer d\u00eda, la alcaldesa Adams ha tenido claro que las celebraciones en nuestra ciudad deben ser acogedoras e inclusivas. Por eso estamos encantados de colaborar con el Staten Island Business Outreach Center en su primer desfile del D\u00eda de San Patricio de este a\u00f1o, en el que todos los interesados -independientemente de su orientaci\u00f3n sexual, identidad de g\u00e9nero, raza o creencias- ser\u00e1n bienvenidos a desfilar juntos.\"<\/p>\n\n\n\n<h2 class=\"wp-block-heading\">Apoyo del Pride Center de Staten Island<\/h2>\n\n\n\n<p>El Centro del Orgullo de Staten Island, una organizaci\u00f3n LGBTQ clave en la zona, no tard\u00f3 en respaldar el nuevo desfile. \"Estamos encantados de que el BID de Forest Avenue nos haya invitado a desfilar en el Desfile de San Patricio de Forest Avenue el 17 de marzo\", declar\u00f3 Carol Bullock, directora ejecutiva del Pride Center de Staten Island. \"Es maravilloso ver que el BID recupera la uni\u00f3n para celebrar el D\u00eda de San Patricio con este desfile, un acontecimiento hist\u00f3rico en la comunidad de Staten Island. Nos entusiasma desfilar por Forest Avenue con nuestra pancarta del Pride Center of Staten Island, celebrando la herencia irlandesa.\"<\/p>\n\n\n\n<h2 class=\"wp-block-heading\">Un cambio hist\u00f3rico para Staten Island<\/h2>\n\n\n\n<p>Esta inclusi\u00f3n marca un cambio significativo para Staten Island, que se ha resistido notablemente a la participaci\u00f3n LGBTQ en sus celebraciones del D\u00eda de San Patricio, en contraste con otros distritos de la ciudad de Nueva York. A pesar de que durante una d\u00e9cada los grupos LGBTQ han sido bien recibidos en el principal desfile del D\u00eda de San Patricio en Manhattan, Staten Island hab\u00eda permanecido al margen hasta ahora.<\/p>\n\n\n\n<h2 class=\"wp-block-heading\">Superar las hostilidades del pasado<\/h2>\n\n\n\n<p>Las anteriores interacciones entre el Pride Center de Staten Island y el organizador del tradicional desfile, Larry Cummings, han estado cargadas de tensi\u00f3n. Se ha informado de que Cummings deneg\u00f3 la solicitud de la organizaci\u00f3n para desfilar el a\u00f1o pasado, afirmando: \"Dirig\u00eds una organizaci\u00f3n homosexual. No acepto su solicitud, ahora l\u00e1rguese\".<\/p>\n\n\n\n<h2 class=\"wp-block-heading\">Parade Registration and Route<\/h2>\n\n\n\n<p>Para aquellos interesados en participar en el Desfile del D\u00eda de San Patricio de la Avenida Forest, la inscripci\u00f3n est\u00e1 disponible a trav\u00e9s de Eventbrite, con la ruta del desfile que abarca la Avenida Forest desde Hart Boulevard hasta Broadway. Se anima a los participantes a reunirse a las 11 a.m., antes del comienzo del mediod\u00eda.<\/p>\n\n\n\n<h2 class=\"wp-block-heading\">Liderazgo de apoyo<\/h2>\n\n\n\n<p>El concejal de Staten Island David Carr, miembro del Grupo LGBTQIA+ del Ayuntamiento de Nueva York, ha participado activamente en la creaci\u00f3n de este nuevo desfile.<\/p>\n\n\n\n<p>Carr expres\u00f3 su apoyo, declarando: \"El Forest Avenue BID est\u00e1 trabajando duro para organizar un nuevo desfile en el D\u00eda de San Patricio que incluya a toda la comunidad. Celebrar el D\u00eda de San Patricio y la herencia irlandesa es algo en lo que todo el mundo deber\u00eda poder participar. Apoyo sus esfuerzos y pienso participar en este desfile. Tambi\u00e9n he estado ayudando a facilitar la presentaci\u00f3n de la solicitud de permiso y su aprobaci\u00f3n con la oficina del alcalde y la polic\u00eda de Nueva York. Doy las gracias al alcalde y a los mandos policiales por su r\u00e1pida actuaci\u00f3n en este asunto\".<\/p>\n\n\n\n<h2 class=\"wp-block-heading\">Mensaje de inclusi\u00f3n del Director General de GLAAD<\/h2>\n\n\n\n<p>La directora ejecutiva de GLAAD, Kate Ellis, natural de Staten Island, tambi\u00e9n comparti\u00f3 su entusiasmo por el desfile inclusivo, destacando su importancia en un contexto de creciente ret\u00f3rica anti-LGBTQ. \"Gracias a los defensores locales de Staten Island, encabezados por el Pride Center de Staten Island, que han luchado incansablemente por la inclusi\u00f3n y la visibilidad, todos podr\u00e1n celebrar el D\u00eda de San Patricio. <\/p>\n\n\n\n<p>Un desfile inclusivo del D\u00eda de San Patricio en Staten Island anima a una orgullosa lesbiana irlandesa-cat\u00f3lica de Staten Island. Con los extremistas impulsando m\u00e1s que nunca la ret\u00f3rica y los proyectos de ley anti-LGBTQ, la inclusi\u00f3n de las personas LGBTQ se ha vuelto crucial. Es vital que los j\u00f3venes LGBTQ de Staten Island, y de todo el mundo, reciban el mensaje de que pertenecen a un grupo, que son bienvenidos y que se les quiere.<\/p>","protected":false},"excerpt":{"rendered":"<p>Gay-Friendly St. Patrick\u2019s Staten Island Staten Island Welcomes a New Parade This year, Staten Island is introducing a new St. Patrick\u2019s Day Parade that marks a significant departure from past practices by including LGBTQ groups. This decision follows a history of exclusion from the borough\u2019s traditional celebrations of Irish heritage. The Forest Avenue Parade Initiative&#8230;<\/p>","protected":false},"author":1,"featured_media":1678,"comment_status":"open","ping_status":"open","sticky":false,"template":"","format":"standard","meta":{"_jetpack_memberships_contains_paid_content":false,"footnotes":""},"categories":[13,10],"tags":[],"class_list":["post-1677","post","type-post","status-publish","format-standard","has-post-thumbnail","hentry","category-lgbtq-world-events","category-world-news-lgbtq"],"yoast_head":"<!-- This site is optimized with the Yoast SEO plugin v27.5 - https:\/\/yoast.com\/product\/yoast-seo-wordpress\/ -->\n<title>Staten Island&#039;s Inclusive St. Patrick&#039;s Day Parade<\/title>\n<meta name=\"description\" content=\"Gay-Friendly St. Patrick\u2019s Staten Island, welcoming LGBTQ groups for a celebration of Irish heritage and unity.\" \/>\n<meta name=\"robots\" content=\"index, follow, max-snippet:-1, max-image-preview:large, max-video-preview:-1\" \/>\n<link rel=\"canonical\" href=\"https:\/\/queervibesmag.com\/es\/gay-friendly-st-patricks-staten-island\/\" \/>\n<meta property=\"og:locale\" content=\"es_ES\" \/>\n<meta property=\"og:type\" content=\"article\" \/>\n<meta property=\"og:title\" content=\"Staten Island&#039;s Inclusive St. Patrick&#039;s Day Parade\" \/>\n<meta property=\"og:description\" content=\"Gay-Friendly St. Patrick\u2019s Staten Island, welcoming LGBTQ groups for a celebration of Irish heritage and unity.\" \/>\n<meta property=\"og:url\" content=\"https:\/\/queervibesmag.com\/es\/gay-friendly-st-patricks-staten-island\/\" \/>\n<meta property=\"og:site_name\" content=\"Queer Vibes Mag\" \/>\n<meta property=\"article:published_time\" content=\"2024-02-26T16:03:38+00:00\" \/>\n<meta property=\"article:modified_time\" content=\"2024-02-26T16:03:41+00:00\" \/>\n<meta property=\"og:image\" content=\"https:\/\/queervibesmag.com\/wp-content\/uploads\/2024\/02\/5555d5d.jpg\" \/>\n\t<meta property=\"og:image:width\" content=\"792\" \/>\n\t<meta property=\"og:image:height\" content=\"763\" \/>\n\t<meta property=\"og:image:type\" content=\"image\/jpeg\" \/>\n<meta name=\"author\" content=\"QueerVibesMag\" \/>\n<meta name=\"twitter:card\" content=\"summary_large_image\" \/>\n<meta name=\"twitter:creator\" content=\"@queervibesmag\" \/>\n<meta name=\"twitter:site\" content=\"@queervibesmag\" \/>\n<meta name=\"twitter:label1\" content=\"Escrito por\" \/>\n\t<meta name=\"twitter:data1\" content=\"QueerVibesMag\" \/>\n\t<meta name=\"twitter:label2\" content=\"Tiempo de lectura\" \/>\n\t<meta name=\"twitter:data2\" content=\"4 minutos\" \/>\n<script type=\"application\/ld+json\" class=\"yoast-schema-graph\">{\"@context\":\"https:\\\/\\\/schema.org\",\"@graph\":[{\"@type\":\"Article\",\"@id\":\"https:\\\/\\\/queervibesmag.com\\\/gay-friendly-st-patricks-staten-island\\\/#article\",\"isPartOf\":{\"@id\":\"https:\\\/\\\/queervibesmag.com\\\/gay-friendly-st-patricks-staten-island\\\/\"},\"author\":{\"name\":\"QueerVibesMag\",\"@id\":\"https:\\\/\\\/queervibesmag.com\\\/#\\\/schema\\\/person\\\/9d2589cb12fe07ed1ef0d3c3f9228d52\"},\"headline\":\"Staten Island&#8217;s Inclusive St. Patrick&#8217;s Day Parade\",\"datePublished\":\"2024-02-26T16:03:38+00:00\",\"dateModified\":\"2024-02-26T16:03:41+00:00\",\"mainEntityOfPage\":{\"@id\":\"https:\\\/\\\/queervibesmag.com\\\/gay-friendly-st-patricks-staten-island\\\/\"},\"wordCount\":746,\"commentCount\":0,\"publisher\":{\"@id\":\"https:\\\/\\\/queervibesmag.com\\\/#organization\"},\"image\":{\"@id\":\"https:\\\/\\\/queervibesmag.com\\\/gay-friendly-st-patricks-staten-island\\\/#primaryimage\"},\"thumbnailUrl\":\"https:\\\/\\\/i0.wp.com\\\/queervibesmag.com\\\/wp-content\\\/uploads\\\/2024\\\/02\\\/5555d5d.jpg?fit=792%2C763&ssl=1\",\"articleSection\":[\"LGBTQ WORLD EVENTS\",\"WORLD NEWS LGBTQ\"],\"inLanguage\":\"es\",\"potentialAction\":[{\"@type\":\"CommentAction\",\"name\":\"Comment\",\"target\":[\"https:\\\/\\\/queervibesmag.com\\\/gay-friendly-st-patricks-staten-island\\\/#respond\"]}]},{\"@type\":\"WebPage\",\"@id\":\"https:\\\/\\\/queervibesmag.com\\\/gay-friendly-st-patricks-staten-island\\\/\",\"url\":\"https:\\\/\\\/queervibesmag.com\\\/gay-friendly-st-patricks-staten-island\\\/\",\"name\":\"Staten Island's Inclusive St. Patrick's Day Parade\",\"isPartOf\":{\"@id\":\"https:\\\/\\\/queervibesmag.com\\\/#website\"},\"primaryImageOfPage\":{\"@id\":\"https:\\\/\\\/queervibesmag.com\\\/gay-friendly-st-patricks-staten-island\\\/#primaryimage\"},\"image\":{\"@id\":\"https:\\\/\\\/queervibesmag.com\\\/gay-friendly-st-patricks-staten-island\\\/#primaryimage\"},\"thumbnailUrl\":\"https:\\\/\\\/i0.wp.com\\\/queervibesmag.com\\\/wp-content\\\/uploads\\\/2024\\\/02\\\/5555d5d.jpg?fit=792%2C763&ssl=1\",\"datePublished\":\"2024-02-26T16:03:38+00:00\",\"dateModified\":\"2024-02-26T16:03:41+00:00\",\"description\":\"Gay-Friendly St. Patrick\u2019s Staten Island, welcoming LGBTQ groups for a celebration of Irish heritage and unity.\",\"breadcrumb\":{\"@id\":\"https:\\\/\\\/queervibesmag.com\\\/gay-friendly-st-patricks-staten-island\\\/#breadcrumb\"},\"inLanguage\":\"es\",\"potentialAction\":[{\"@type\":\"ReadAction\",\"target\":[\"https:\\\/\\\/queervibesmag.com\\\/gay-friendly-st-patricks-staten-island\\\/\"]}]},{\"@type\":\"ImageObject\",\"inLanguage\":\"es\",\"@id\":\"https:\\\/\\\/queervibesmag.com\\\/gay-friendly-st-patricks-staten-island\\\/#primaryimage\",\"url\":\"https:\\\/\\\/i0.wp.com\\\/queervibesmag.com\\\/wp-content\\\/uploads\\\/2024\\\/02\\\/5555d5d.jpg?fit=792%2C763&ssl=1\",\"contentUrl\":\"https:\\\/\\\/i0.wp.com\\\/queervibesmag.com\\\/wp-content\\\/uploads\\\/2024\\\/02\\\/5555d5d.jpg?fit=792%2C763&ssl=1\",\"width\":792,\"height\":763,\"caption\":\"Staten Island's Inclusive St. Patrick's Day Parade\"},{\"@type\":\"BreadcrumbList\",\"@id\":\"https:\\\/\\\/queervibesmag.com\\\/gay-friendly-st-patricks-staten-island\\\/#breadcrumb\",\"itemListElement\":[{\"@type\":\"ListItem\",\"position\":1,\"name\":\"Home\",\"item\":\"https:\\\/\\\/queervibesmag.com\\\/\"},{\"@type\":\"ListItem\",\"position\":2,\"name\":\"Staten Island&#8217;s Inclusive St. Patrick&#8217;s Day Parade\"}]},{\"@type\":\"WebSite\",\"@id\":\"https:\\\/\\\/queervibesmag.com\\\/#website\",\"url\":\"https:\\\/\\\/queervibesmag.com\\\/\",\"name\":\"Queer Vibes Mag\",\"description\":\"WORLD WIDE LGBTQ NEWS\",\"publisher\":{\"@id\":\"https:\\\/\\\/queervibesmag.com\\\/#organization\"},\"potentialAction\":[{\"@type\":\"SearchAction\",\"target\":{\"@type\":\"EntryPoint\",\"urlTemplate\":\"https:\\\/\\\/queervibesmag.com\\\/?s={search_term_string}\"},\"query-input\":{\"@type\":\"PropertyValueSpecification\",\"valueRequired\":true,\"valueName\":\"search_term_string\"}}],\"inLanguage\":\"es\"},{\"@type\":\"Organization\",\"@id\":\"https:\\\/\\\/queervibesmag.com\\\/#organization\",\"name\":\"Queer Vibes Mag | LGBT NEWS\",\"alternateName\":\"Queer Vibes Mag | LGBT NEWS\",\"url\":\"https:\\\/\\\/queervibesmag.com\\\/\",\"logo\":{\"@type\":\"ImageObject\",\"inLanguage\":\"es\",\"@id\":\"https:\\\/\\\/queervibesmag.com\\\/#\\\/schema\\\/logo\\\/image\\\/\",\"url\":\"https:\\\/\\\/i0.wp.com\\\/queervibesmag.com\\\/wp-content\\\/uploads\\\/2023\\\/09\\\/cropped-Black_and_White_Modern_Literary_Magazine_Logo__2__-_Copie-removebg-preview.png?fit=200%2C200&ssl=1\",\"contentUrl\":\"https:\\\/\\\/i0.wp.com\\\/queervibesmag.com\\\/wp-content\\\/uploads\\\/2023\\\/09\\\/cropped-Black_and_White_Modern_Literary_Magazine_Logo__2__-_Copie-removebg-preview.png?fit=200%2C200&ssl=1\",\"width\":200,\"height\":200,\"caption\":\"Queer Vibes Mag | LGBT NEWS\"},\"image\":{\"@id\":\"https:\\\/\\\/queervibesmag.com\\\/#\\\/schema\\\/logo\\\/image\\\/\"},\"sameAs\":[\"https:\\\/\\\/x.com\\\/queervibesmag\"]},{\"@type\":\"Person\",\"@id\":\"https:\\\/\\\/queervibesmag.com\\\/#\\\/schema\\\/person\\\/9d2589cb12fe07ed1ef0d3c3f9228d52\",\"name\":\"QueerVibesMag\",\"image\":{\"@type\":\"ImageObject\",\"inLanguage\":\"es\",\"@id\":\"https:\\\/\\\/secure.gravatar.com\\\/avatar\\\/0bbb5765594baaa323b58b57926b3d7976708f18854390fef40c88a59647f3b8?s=96&d=mm&r=g\",\"url\":\"https:\\\/\\\/secure.gravatar.com\\\/avatar\\\/0bbb5765594baaa323b58b57926b3d7976708f18854390fef40c88a59647f3b8?s=96&d=mm&r=g\",\"contentUrl\":\"https:\\\/\\\/secure.gravatar.com\\\/avatar\\\/0bbb5765594baaa323b58b57926b3d7976708f18854390fef40c88a59647f3b8?s=96&d=mm&r=g\",\"caption\":\"QueerVibesMag\"},\"sameAs\":[\"https:\\\/\\\/queervibesmag.com\"],\"url\":\"https:\\\/\\\/queervibesmag.com\\\/es\\\/author\\\/admin\\\/\"}]}<\/script>\n<!-- \/ Yoast SEO plugin. -->","yoast_head_json":{"title":"Staten Island's Inclusive St. Patrick's Day Parade","description":"Gay-Friendly St. Patrick\u2019s Staten Island, welcoming LGBTQ groups for a celebration of Irish heritage and unity.","robots":{"index":"index","follow":"follow","max-snippet":"max-snippet:-1","max-image-preview":"max-image-preview:large","max-video-preview":"max-video-preview:-1"},"canonical":"https:\/\/queervibesmag.com\/es\/gay-friendly-st-patricks-staten-island\/","og_locale":"es_ES","og_type":"article","og_title":"Staten Island's Inclusive St. Patrick's Day Parade","og_description":"Gay-Friendly St. Patrick\u2019s Staten Island, welcoming LGBTQ groups for a celebration of Irish heritage and unity.","og_url":"https:\/\/queervibesmag.com\/es\/gay-friendly-st-patricks-staten-island\/","og_site_name":"Queer Vibes Mag","article_published_time":"2024-02-26T16:03:38+00:00","article_modified_time":"2024-02-26T16:03:41+00:00","og_image":[{"width":792,"height":763,"url":"https:\/\/queervibesmag.com\/wp-content\/uploads\/2024\/02\/5555d5d.jpg","type":"image\/jpeg"}],"author":"QueerVibesMag","twitter_card":"summary_large_image","twitter_creator":"@queervibesmag","twitter_site":"@queervibesmag","twitter_misc":{"Escrito por":"QueerVibesMag","Tiempo de lectura":"4 minutos"},"schema":{"@context":"https:\/\/schema.org","@graph":[{"@type":"Article","@id":"https:\/\/queervibesmag.com\/gay-friendly-st-patricks-staten-island\/#article","isPartOf":{"@id":"https:\/\/queervibesmag.com\/gay-friendly-st-patricks-staten-island\/"},"author":{"name":"QueerVibesMag","@id":"https:\/\/queervibesmag.com\/#\/schema\/person\/9d2589cb12fe07ed1ef0d3c3f9228d52"},"headline":"Staten Island&#8217;s Inclusive St. Patrick&#8217;s Day Parade","datePublished":"2024-02-26T16:03:38+00:00","dateModified":"2024-02-26T16:03:41+00:00","mainEntityOfPage":{"@id":"https:\/\/queervibesmag.com\/gay-friendly-st-patricks-staten-island\/"},"wordCount":746,"commentCount":0,"publisher":{"@id":"https:\/\/queervibesmag.com\/#organization"},"image":{"@id":"https:\/\/queervibesmag.com\/gay-friendly-st-patricks-staten-island\/#primaryimage"},"thumbnailUrl":"https:\/\/i0.wp.com\/queervibesmag.com\/wp-content\/uploads\/2024\/02\/5555d5d.jpg?fit=792%2C763&ssl=1","articleSection":["LGBTQ WORLD EVENTS","WORLD NEWS LGBTQ"],"inLanguage":"es","potentialAction":[{"@type":"CommentAction","name":"Comment","target":["https:\/\/queervibesmag.com\/gay-friendly-st-patricks-staten-island\/#respond"]}]},{"@type":"WebPage","@id":"https:\/\/queervibesmag.com\/gay-friendly-st-patricks-staten-island\/","url":"https:\/\/queervibesmag.com\/gay-friendly-st-patricks-staten-island\/","name":"Staten Island's Inclusive St. Patrick's Day Parade","isPartOf":{"@id":"https:\/\/queervibesmag.com\/#website"},"primaryImageOfPage":{"@id":"https:\/\/queervibesmag.com\/gay-friendly-st-patricks-staten-island\/#primaryimage"},"image":{"@id":"https:\/\/queervibesmag.com\/gay-friendly-st-patricks-staten-island\/#primaryimage"},"thumbnailUrl":"https:\/\/i0.wp.com\/queervibesmag.com\/wp-content\/uploads\/2024\/02\/5555d5d.jpg?fit=792%2C763&ssl=1","datePublished":"2024-02-26T16:03:38+00:00","dateModified":"2024-02-26T16:03:41+00:00","description":"Gay-Friendly St. Patrick\u2019s Staten Island, welcoming LGBTQ groups for a celebration of Irish heritage and unity.","breadcrumb":{"@id":"https:\/\/queervibesmag.com\/gay-friendly-st-patricks-staten-island\/#breadcrumb"},"inLanguage":"es","potentialAction":[{"@type":"ReadAction","target":["https:\/\/queervibesmag.com\/gay-friendly-st-patricks-staten-island\/"]}]},{"@type":"ImageObject","inLanguage":"es","@id":"https:\/\/queervibesmag.com\/gay-friendly-st-patricks-staten-island\/#primaryimage","url":"https:\/\/i0.wp.com\/queervibesmag.com\/wp-content\/uploads\/2024\/02\/5555d5d.jpg?fit=792%2C763&ssl=1","contentUrl":"https:\/\/i0.wp.com\/queervibesmag.com\/wp-content\/uploads\/2024\/02\/5555d5d.jpg?fit=792%2C763&ssl=1","width":792,"height":763,"caption":"Staten Island's Inclusive St. Patrick's Day Parade"},{"@type":"BreadcrumbList","@id":"https:\/\/queervibesmag.com\/gay-friendly-st-patricks-staten-island\/#breadcrumb","itemListElement":[{"@type":"ListItem","position":1,"name":"Home","item":"https:\/\/queervibesmag.com\/"},{"@type":"ListItem","position":2,"name":"Staten Island&#8217;s Inclusive St. Patrick&#8217;s Day Parade"}]},{"@type":"WebSite","@id":"https:\/\/queervibesmag.com\/#website","url":"https:\/\/queervibesmag.com\/","name":"Queer Vibes Mag","description":"NOTICIAS LGBT EN EL MUNDO","publisher":{"@id":"https:\/\/queervibesmag.com\/#organization"},"potentialAction":[{"@type":"SearchAction","target":{"@type":"EntryPoint","urlTemplate":"https:\/\/queervibesmag.com\/?s={search_term_string}"},"query-input":{"@type":"PropertyValueSpecification","valueRequired":true,"valueName":"search_term_string"}}],"inLanguage":"es"},{"@type":"Organization","@id":"https:\/\/queervibesmag.com\/#organization","name":"Queer Vibes Mag | LGBT NEWS","alternateName":"Queer Vibes Mag | LGBT NEWS","url":"https:\/\/queervibesmag.com\/","logo":{"@type":"ImageObject","inLanguage":"es","@id":"https:\/\/queervibesmag.com\/#\/schema\/logo\/image\/","url":"https:\/\/i0.wp.com\/queervibesmag.com\/wp-content\/uploads\/2023\/09\/cropped-Black_and_White_Modern_Literary_Magazine_Logo__2__-_Copie-removebg-preview.png?fit=200%2C200&ssl=1","contentUrl":"https:\/\/i0.wp.com\/queervibesmag.com\/wp-content\/uploads\/2023\/09\/cropped-Black_and_White_Modern_Literary_Magazine_Logo__2__-_Copie-removebg-preview.png?fit=200%2C200&ssl=1","width":200,"height":200,"caption":"Queer Vibes Mag | LGBT NEWS"},"image":{"@id":"https:\/\/queervibesmag.com\/#\/schema\/logo\/image\/"},"sameAs":["https:\/\/x.com\/queervibesmag"]},{"@type":"Person","@id":"https:\/\/queervibesmag.com\/#\/schema\/person\/9d2589cb12fe07ed1ef0d3c3f9228d52","name":"QueerVibesMag","image":{"@type":"ImageObject","inLanguage":"es","@id":"https:\/\/secure.gravatar.com\/avatar\/0bbb5765594baaa323b58b57926b3d7976708f18854390fef40c88a59647f3b8?s=96&d=mm&r=g","url":"https:\/\/secure.gravatar.com\/avatar\/0bbb5765594baaa323b58b57926b3d7976708f18854390fef40c88a59647f3b8?s=96&d=mm&r=g","contentUrl":"https:\/\/secure.gravatar.com\/avatar\/0bbb5765594baaa323b58b57926b3d7976708f18854390fef40c88a59647f3b8?s=96&d=mm&r=g","caption":"QueerVibesMag"},"sameAs":["https:\/\/queervibesmag.com"],"url":"https:\/\/queervibesmag.com\/es\/author\/admin\/"}]}},"jetpack_featured_media_url":"https:\/\/i0.wp.com\/queervibesmag.com\/wp-content\/uploads\/2024\/02\/5555d5d.jpg?fit=792%2C763&ssl=1","jetpack_sharing_enabled":true,"jetpack-related-posts":[{"id":4173,"url":"https:\/\/queervibesmag.com\/es\/lgbtq-groups-st-patricks-day-parade-staten-island\/","url_meta":{"origin":1677,"position":0},"title":"Staten Island : LGBTQ Groups March Under Their Banner at the St. Patrick\u2019s Day Parade","author":"QueerVibesMag","date":"marzo 3, 2025","format":false,"excerpt":"Staten Island: LGBTQ Groups March Under Their Banner at the St. Patrick\u2019s Day Parade A Major Step Forward for the LGBTQ Community For the first time in 61 years, an LGBTQ group marched under its own banner at the traditional St. Patrick\u2019s Day Parade in Staten Island on Sunday. Organizers\u2026","rel":"","context":"En \u00abUS LGBT NEWS\u00bb","block_context":{"text":"US LGBT NEWS","link":"https:\/\/queervibesmag.com\/es\/category\/us-lgbt-news\/"},"img":{"alt_text":"Staten Island: LGBTQ Groups March Under Their Banner at the St. Patrick\u2019s Day Parade","src":"https:\/\/i0.wp.com\/queervibesmag.com\/wp-content\/uploads\/2025\/03\/Capture.JPGk_.jpg?fit=1153%2C695&ssl=1&resize=350%2C200","width":350,"height":200,"srcset":"https:\/\/i0.wp.com\/queervibesmag.com\/wp-content\/uploads\/2025\/03\/Capture.JPGk_.jpg?fit=1153%2C695&ssl=1&resize=350%2C200 1x, https:\/\/i0.wp.com\/queervibesmag.com\/wp-content\/uploads\/2025\/03\/Capture.JPGk_.jpg?fit=1153%2C695&ssl=1&resize=525%2C300 1.5x, https:\/\/i0.wp.com\/queervibesmag.com\/wp-content\/uploads\/2025\/03\/Capture.JPGk_.jpg?fit=1153%2C695&ssl=1&resize=700%2C400 2x, https:\/\/i0.wp.com\/queervibesmag.com\/wp-content\/uploads\/2025\/03\/Capture.JPGk_.jpg?fit=1153%2C695&ssl=1&resize=1050%2C600 3x"},"classes":[]},{"id":2551,"url":"https:\/\/queervibesmag.com\/es\/thailands-lgbtq-pride-parade-is-seen-as-a-popular-and-political-success\/","url_meta":{"origin":1677,"position":1},"title":"El Desfile del Orgullo LGBTQ de Tailandia se considera un \u00e9xito popular y pol\u00edtico","author":"QueerVibesMag","date":"junio 2, 2024","format":false,"excerpt":"Thailand\u2019s LGBTQ Pride Parade is seen as a popular and political success Celebrating LGBTQ+ Community with Enthusiasm Thailand began its Pride Month festivities with a vibrant parade on Saturday, setting the stage to potentially become the first Southeast Asian nation to legalize marriage equality. The annual Bangkok Pride Parade took\u2026","rel":"","context":"En \u00abGOOD NEWS\u00bb","block_context":{"text":"GOOD NEWS","link":"https:\/\/queervibesmag.com\/es\/category\/good-news\/"},"img":{"alt_text":"Thailand\u2019s LGBTQ Pride Parade is seen as a popular and political success","src":"https:\/\/i0.wp.com\/queervibesmag.com\/wp-content\/uploads\/2024\/06\/Thailands-LGBTQ-Pride-Parade-is-seen-as-a-popular-and-political-success.jpg?fit=836%2C544&ssl=1&resize=350%2C200","width":350,"height":200,"srcset":"https:\/\/i0.wp.com\/queervibesmag.com\/wp-content\/uploads\/2024\/06\/Thailands-LGBTQ-Pride-Parade-is-seen-as-a-popular-and-political-success.jpg?fit=836%2C544&ssl=1&resize=350%2C200 1x, https:\/\/i0.wp.com\/queervibesmag.com\/wp-content\/uploads\/2024\/06\/Thailands-LGBTQ-Pride-Parade-is-seen-as-a-popular-and-political-success.jpg?fit=836%2C544&ssl=1&resize=525%2C300 1.5x, https:\/\/i0.wp.com\/queervibesmag.com\/wp-content\/uploads\/2024\/06\/Thailands-LGBTQ-Pride-Parade-is-seen-as-a-popular-and-political-success.jpg?fit=836%2C544&ssl=1&resize=700%2C400 2x"},"classes":[]},{"id":2686,"url":"https:\/\/queervibesmag.com\/es\/rome-lgbtq-pride-parade-marks-30th-anniversary\/","url_meta":{"origin":1677,"position":2},"title":"30 aniversario de la Marcha del Orgullo LGBTQ+ de Roma","author":"QueerVibesMag","date":"junio 17, 2024","format":false,"excerpt":"Rome LGBTQ+ Pride Parade Marks 30th Anniversary Colorful Celebration Through the Streets The 30th anniversary of the Rome LGBTQ+ Pride parade saw tens of thousands of participants in vibrant attire marching through the streets of the Italian capital. The event was marked by lively displays of banners, dancing, and singing\u2026","rel":"","context":"En \u00abWORLD NEWS LGBTQ\u00bb","block_context":{"text":"WORLD NEWS LGBTQ","link":"https:\/\/queervibesmag.com\/es\/category\/world-news-lgbtq\/"},"img":{"alt_text":"Rome LGBTQ+ Pride Parade Marks 30th Anniversary","src":"https:\/\/i0.wp.com\/queervibesmag.com\/wp-content\/uploads\/2024\/06\/68352.jpg?fit=738%2C490&ssl=1&resize=350%2C200","width":350,"height":200,"srcset":"https:\/\/i0.wp.com\/queervibesmag.com\/wp-content\/uploads\/2024\/06\/68352.jpg?fit=738%2C490&ssl=1&resize=350%2C200 1x, https:\/\/i0.wp.com\/queervibesmag.com\/wp-content\/uploads\/2024\/06\/68352.jpg?fit=738%2C490&ssl=1&resize=525%2C300 1.5x, https:\/\/i0.wp.com\/queervibesmag.com\/wp-content\/uploads\/2024\/06\/68352.jpg?fit=738%2C490&ssl=1&resize=700%2C400 2x"},"classes":[]},{"id":8445,"url":"https:\/\/queervibesmag.com\/es\/2026-prides-calendar-southern-france-events\/","url_meta":{"origin":1677,"position":3},"title":"2026 Prides Calendar: Southern France Events","author":"QueerVibesMag","date":"abril 29, 2026","format":false,"excerpt":"The Pride events in the south of France encapsulate the vibrancy of a movement that is both festive and activist. In 2026, these parades are being reinvented in cities like Marseille, Montpellier, and Toulon, as well as in emerging locales, celebrating the diversity of LGBTQ+ stories, journeys, and identities. Beneath\u2026","rel":"","context":"En \u00abLGBTQ INFOS NEWS\u00bb","block_context":{"text":"LGBTQ INFOS NEWS","link":"https:\/\/queervibesmag.com\/es\/category\/lgbtq-infos-news\/"},"img":{"alt_text":"","src":"","width":0,"height":0},"classes":[]},{"id":6097,"url":"https:\/\/queervibesmag.com\/es\/budapest-mayor-investigated-after-approving-2025-pride\/","url_meta":{"origin":1677,"position":4},"title":"Budapest Mayor Investigated After Approving 2025 Pride","author":"QueerVibesMag","date":"agosto 19, 2025","format":false,"excerpt":"Budapest Mayor Under Investigation Over Pride Support Police Summons Linked to Support for LGBTQ+ Pride March Green Party Mayor of Budapest, Gergely Karacsony, has been summoned by Hungarian police as a suspect following his decision to move forward with the planned LGBTQ+ Pride Parade on June 28, 2025, despite a\u2026","rel":"","context":"En \u00abLGBTQ INFOS NEWS\u00bb","block_context":{"text":"LGBTQ INFOS NEWS","link":"https:\/\/queervibesmag.com\/es\/category\/lgbtq-infos-news\/"},"img":{"alt_text":"Budapest Mayor Investigated After Approving 2025 Pride","src":"https:\/\/i0.wp.com\/queervibesmag.com\/wp-content\/uploads\/2025\/08\/68a4a1c67a4da.png?fit=1024%2C1024&ssl=1&resize=350%2C200","width":350,"height":200,"srcset":"https:\/\/i0.wp.com\/queervibesmag.com\/wp-content\/uploads\/2025\/08\/68a4a1c67a4da.png?fit=1024%2C1024&ssl=1&resize=350%2C200 1x, https:\/\/i0.wp.com\/queervibesmag.com\/wp-content\/uploads\/2025\/08\/68a4a1c67a4da.png?fit=1024%2C1024&ssl=1&resize=525%2C300 1.5x, https:\/\/i0.wp.com\/queervibesmag.com\/wp-content\/uploads\/2025\/08\/68a4a1c67a4da.png?fit=1024%2C1024&ssl=1&resize=700%2C400 2x"},"classes":[]},{"id":3187,"url":"https:\/\/queervibesmag.com\/es\/thousands-attend-foyle-pride-in-derry\/","url_meta":{"origin":1677,"position":5},"title":"Thousands attend Foyle Pride in Derry","author":"QueerVibesMag","date":"agosto 26, 2024","format":false,"excerpt":"Thousands attend Foyle Pride in Derry Parade Caps Off 10-Day Festival Thousands of attendees flocked to Londonderry to participate in the 2024 Foyle Pride celebrations, marking the conclusion of a vibrant 10-day festival. The parade began at 14:00 BST, starting from the North West transport hub. It proceeded across the\u2026","rel":"","context":"En \u00abLGBTQ WORLD EVENTS\u00bb","block_context":{"text":"LGBTQ WORLD EVENTS","link":"https:\/\/queervibesmag.com\/es\/category\/lgbtq-world-events\/"},"img":{"alt_text":"Thousands attend Foyle Pride in Derry","src":"https:\/\/i0.wp.com\/queervibesmag.com\/wp-content\/uploads\/2024\/08\/Thousands-attend-Foyle-Pride-in-Derry.jpg?fit=719%2C419&ssl=1&resize=350%2C200","width":350,"height":200,"srcset":"https:\/\/i0.wp.com\/queervibesmag.com\/wp-content\/uploads\/2024\/08\/Thousands-attend-Foyle-Pride-in-Derry.jpg?fit=719%2C419&ssl=1&resize=350%2C200 1x, https:\/\/i0.wp.com\/queervibesmag.com\/wp-content\/uploads\/2024\/08\/Thousands-attend-Foyle-Pride-in-Derry.jpg?fit=719%2C419&ssl=1&resize=525%2C300 1.5x, https:\/\/i0.wp.com\/queervibesmag.com\/wp-content\/uploads\/2024\/08\/Thousands-attend-Foyle-Pride-in-Derry.jpg?fit=719%2C419&ssl=1&resize=700%2C400 2x"},"classes":[]}],"_links":{"self":[{"href":"https:\/\/queervibesmag.com\/es\/wp-json\/wp\/v2\/posts\/1677","targetHints":{"allow":["GET"]}}],"collection":[{"href":"https:\/\/queervibesmag.com\/es\/wp-json\/wp\/v2\/posts"}],"about":[{"href":"https:\/\/queervibesmag.com\/es\/wp-json\/wp\/v2\/types\/post"}],"author":[{"embeddable":true,"href":"https:\/\/queervibesmag.com\/es\/wp-json\/wp\/v2\/users\/1"}],"replies":[{"embeddable":true,"href":"https:\/\/queervibesmag.com\/es\/wp-json\/wp\/v2\/comments?post=1677"}],"version-history":[{"count":1,"href":"https:\/\/queervibesmag.com\/es\/wp-json\/wp\/v2\/posts\/1677\/revisions"}],"predecessor-version":[{"id":1679,"href":"https:\/\/queervibesmag.com\/es\/wp-json\/wp\/v2\/posts\/1677\/revisions\/1679"}],"wp:featuredmedia":[{"embeddable":true,"href":"https:\/\/queervibesmag.com\/es\/wp-json\/wp\/v2\/media\/1678"}],"wp:attachment":[{"href":"https:\/\/queervibesmag.com\/es\/wp-json\/wp\/v2\/media?parent=1677"}],"wp:term":[{"taxonomy":"category","embeddable":true,"href":"https:\/\/queervibesmag.com\/es\/wp-json\/wp\/v2\/categories?post=1677"},{"taxonomy":"post_tag","embeddable":true,"href":"https:\/\/queervibesmag.com\/es\/wp-json\/wp\/v2\/tags?post=1677"}],"curies":[{"name":"wp","href":"https:\/\/api.w.org\/{rel}","templated":true}]}}