{"id":2416,"date":"2024-05-15T08:22:45","date_gmt":"2024-05-15T08:22:45","guid":{"rendered":"https:\/\/queervibesmag.com\/?p=2416"},"modified":"2024-05-15T08:49:23","modified_gmt":"2024-05-15T08:49:23","slug":"saskatchewan-party-excluded-from-regina-pride-parade","status":"publish","type":"post","link":"https:\/\/queervibesmag.com\/es\/saskatchewan-party-excluded-from-regina-pride-parade\/","title":{"rendered":"Partido de Saskatchewan excluido del desfile del Orgullo de Regina"},"content":{"rendered":"<p><strong><em>Partido de Saskatchewan excluido del desfile del Orgullo de Regina<\/em><\/strong><\/p>\n\n\n\n<h2 class=\"wp-block-heading\">Rechazo motivado por contradicciones pol\u00edticas<\/h2>\n\n\n\n<p>Riviera Bonneau, copresidenta de Queen City Pride, expres\u00f3 su sorpresa ante la petici\u00f3n del gobernante Partido de Saskatchewan de participar en el pr\u00f3ximo Desfile del Orgullo de Regina. Seg\u00fan Bonneau, extender una invitaci\u00f3n a los miembros del partido parec\u00eda incoherente con sus recientes acciones, que ella considera contrarias a los intereses de la comunidad LGBTQ+. \u00abTodos nos sentimos un poco frustrados, confusos y un poco asqueados\u00bb, declar\u00f3 Bonneau el lunes. \u00abNo puedes fingir que eres nuestro aliado, unirte a nuestro desfile y hacer todo esto mientras perjudicas activamente a los miembros de nuestra comunidad\u00bb.<\/p>\n\n\n\n<figure class=\"wp-block-embed is-type-video is-provider-dailymotion wp-block-embed-dailymotion\"><div class=\"wp-block-embed__wrapper\">\n<iframe title=\"Partido de Saskatchewan excluido del desfile del Orgullo de Regina\" frameborder=\"0\" width=\"422\" height=\"750\" src=\"https:\/\/geo.dailymotion.com\/player.html?video=x8yiqbm&#038;\" allowfullscreen allow=\"autoplay; fullscreen; picture-in-picture; web-share\"><\/iframe>\n<\/div><\/figure>\n\n\n\n<figure class=\"wp-block-embed is-type-video is-provider-youtube wp-block-embed-youtube wp-embed-aspect-16-9 wp-has-aspect-ratio\"><div class=\"wp-block-embed__wrapper\">\n<iframe title=\"Partido de Saskatchewan excluido del desfile del Orgullo de Regina\" width=\"500\" height=\"281\" src=\"https:\/\/www.youtube.com\/embed\/EKxDMNJh9yI?feature=oembed\" frameborder=\"0\" allow=\"accelerometer; autoplay; clipboard-write; encrypted-media; gyroscope; picture-in-picture; web-share\" referrerpolicy=\"strict-origin-when-cross-origin\" allowfullscreen><\/iframe>\n<\/div><\/figure>\n\n\n\n<script type='text\/javascript' src='\/\/pl23198454.highcpmgate.com\/2b\/b7\/b2\/2bb7b2fa3b95492704cbc948d2ed5324.js'><\/script>\n\n\n\n<script async=\"async\" data-cfasync=\"false\" src=\"\/\/pl23211232.highcpmgate.com\/4624e693d7737a32bb7d16f4665f5eec\/invoke.js\"><\/script>\n<div id=\"container-4624e693d7737a32bb7d16f4665f5eec\"><\/div>\n\n\n\n<figure class=\"wp-block-embed is-type-rich is-provider-pinterest wp-block-embed-pinterest\"><div class=\"wp-block-embed__wrapper\">\n<iframe title=\"Queer Vibes Mag\" src=\"https:\/\/assets.pinterest.com\/ext\/embed.html?grid=queervibesmag&#038;src=oembed\" height=\"900\" width=\"450\" frameborder=\"0\" scrolling=\"no\" ><\/iframe>\n<\/div><\/figure>\n\n\n\n<figure class=\"wp-block-embed is-type-video is-provider-tiktok wp-block-embed-tiktok\"><div class=\"wp-block-embed__wrapper\">\n<blockquote class=\"tiktok-embed\" cite=\"https:\/\/www.tiktok.com\/@queervibesmag\/video\/7369145468263157034\" data-video-id=\"7369145468263157034\" data-embed-from=\"oembed\" style=\"max-width:605px; min-width:325px;\"> <section> <a target=\"_blank\" title=\"@queervibesmag\" href=\"https:\/\/www.tiktok.com\/@queervibesmag?refer=embed\">@queervibesmag<\/a> <p>Partido de Saskatchewan excluido del desfile del Orgullo de Regina <a title=\"news\" target=\"_blank\" href=\"https:\/\/www.tiktok.com\/tag\/news?refer=embed\">#news<\/a> <a title=\"saskatchewan\" target=\"_blank\" href=\"https:\/\/www.tiktok.com\/tag\/saskatchewan?refer=embed\">#saskatchewan<\/a> <a title=\"pride\" target=\"_blank\" href=\"https:\/\/www.tiktok.com\/tag\/pride?refer=embed\">#pride<\/a> <a title=\"lgbtq\" target=\"_blank\" href=\"https:\/\/www.tiktok.com\/tag\/lgbtq?refer=embed\">#lgbtq<\/a><\/p> <a target=\"_blank\" title=\"\u266c original sound - queervibesmag - queervibesmag\" href=\"https:\/\/www.tiktok.com\/music\/original-sound-queervibesmag-7369145497233279786?refer=embed\">\u266c original sound &#8211; queervibesmag &#8211; queervibesmag<\/a> <\/section> <\/blockquote> <script async src=\"https:\/\/www.tiktok.com\/embed.js\"><\/script>\n<\/div><\/figure>","protected":false},"excerpt":{"rendered":"<p>Saskatchewan Party Excluded from Regina Pride Parade Refusal Motivated by Political Contradictions Riviera Bonneau, co-chair of Queen City Pride, expressed her surprise at the request from the ruling Saskatchewan Party to participate in the upcoming Regina Pride Parade. According to Bonneau, extending an invitation to party members seemed inconsistent with their recent actions, which she&#8230;<\/p>","protected":false},"author":1,"featured_media":2417,"comment_status":"closed","ping_status":"open","sticky":false,"template":"","format":"standard","meta":{"_jetpack_memberships_contains_paid_content":false,"footnotes":""},"categories":[10],"tags":[],"class_list":["post-2416","post","type-post","status-publish","format-standard","has-post-thumbnail","hentry","category-world-news-lgbtq"],"yoast_head":"<!-- This site is optimized with the Yoast SEO plugin v27.5 - https:\/\/yoast.com\/product\/yoast-seo-wordpress\/ -->\n<title>Saskatchewan Party Excluded from Regina Pride Parade<\/title>\n<meta name=\"description\" content=\"Saskatchewan Party Excluded from Regina Pride Parade due to contradictions with LGBTQ+ support, reveals Riviera Bonneau of Queen City Pride, expressing confusion and dismay.\" \/>\n<meta name=\"robots\" content=\"index, follow, max-snippet:-1, max-image-preview:large, max-video-preview:-1\" \/>\n<link rel=\"canonical\" href=\"https:\/\/queervibesmag.com\/es\/saskatchewan-party-excluded-from-regina-pride-parade\/\" \/>\n<meta property=\"og:locale\" content=\"es_ES\" \/>\n<meta property=\"og:type\" content=\"article\" \/>\n<meta property=\"og:title\" content=\"Saskatchewan Party Excluded from Regina Pride Parade\" \/>\n<meta property=\"og:description\" content=\"Saskatchewan Party Excluded from Regina Pride Parade due to contradictions with LGBTQ+ support, reveals Riviera Bonneau of Queen City Pride, expressing confusion and dismay.\" \/>\n<meta property=\"og:url\" content=\"https:\/\/queervibesmag.com\/es\/saskatchewan-party-excluded-from-regina-pride-parade\/\" \/>\n<meta property=\"og:site_name\" content=\"Queer Vibes Mag\" \/>\n<meta property=\"article:published_time\" content=\"2024-05-15T08:22:45+00:00\" \/>\n<meta property=\"article:modified_time\" content=\"2024-05-15T08:49:23+00:00\" \/>\n<meta property=\"og:image\" content=\"https:\/\/queervibesmag.com\/wp-content\/uploads\/2024\/05\/People-hold-pride-flags-while-attending-a0.jpg\" \/>\n\t<meta property=\"og:image:width\" content=\"859\" \/>\n\t<meta property=\"og:image:height\" content=\"556\" \/>\n\t<meta property=\"og:image:type\" content=\"image\/jpeg\" \/>\n<meta name=\"author\" content=\"QueerVibesMag\" \/>\n<meta name=\"twitter:card\" content=\"summary_large_image\" \/>\n<meta name=\"twitter:creator\" content=\"@queervibesmag\" \/>\n<meta name=\"twitter:site\" content=\"@queervibesmag\" \/>\n<meta name=\"twitter:label1\" content=\"Escrito por\" \/>\n\t<meta name=\"twitter:data1\" content=\"QueerVibesMag\" \/>\n\t<meta name=\"twitter:label2\" content=\"Tiempo de lectura\" \/>\n\t<meta name=\"twitter:data2\" content=\"1 minuto\" \/>\n<script type=\"application\/ld+json\" class=\"yoast-schema-graph\">{\"@context\":\"https:\\\/\\\/schema.org\",\"@graph\":[{\"@type\":\"Article\",\"@id\":\"https:\\\/\\\/queervibesmag.com\\\/saskatchewan-party-excluded-from-regina-pride-parade\\\/#article\",\"isPartOf\":{\"@id\":\"https:\\\/\\\/queervibesmag.com\\\/saskatchewan-party-excluded-from-regina-pride-parade\\\/\"},\"author\":{\"name\":\"QueerVibesMag\",\"@id\":\"https:\\\/\\\/queervibesmag.com\\\/#\\\/schema\\\/person\\\/9d2589cb12fe07ed1ef0d3c3f9228d52\"},\"headline\":\"Saskatchewan Party Excluded from Regina Pride Parade\",\"datePublished\":\"2024-05-15T08:22:45+00:00\",\"dateModified\":\"2024-05-15T08:49:23+00:00\",\"mainEntityOfPage\":{\"@id\":\"https:\\\/\\\/queervibesmag.com\\\/saskatchewan-party-excluded-from-regina-pride-parade\\\/\"},\"wordCount\":138,\"publisher\":{\"@id\":\"https:\\\/\\\/queervibesmag.com\\\/#organization\"},\"image\":{\"@id\":\"https:\\\/\\\/queervibesmag.com\\\/saskatchewan-party-excluded-from-regina-pride-parade\\\/#primaryimage\"},\"thumbnailUrl\":\"https:\\\/\\\/i0.wp.com\\\/queervibesmag.com\\\/wp-content\\\/uploads\\\/2024\\\/05\\\/People-hold-pride-flags-while-attending-a0.jpg?fit=859%2C556&ssl=1\",\"articleSection\":[\"WORLD NEWS LGBTQ\"],\"inLanguage\":\"es\"},{\"@type\":\"WebPage\",\"@id\":\"https:\\\/\\\/queervibesmag.com\\\/saskatchewan-party-excluded-from-regina-pride-parade\\\/\",\"url\":\"https:\\\/\\\/queervibesmag.com\\\/saskatchewan-party-excluded-from-regina-pride-parade\\\/\",\"name\":\"Saskatchewan Party Excluded from Regina Pride Parade\",\"isPartOf\":{\"@id\":\"https:\\\/\\\/queervibesmag.com\\\/#website\"},\"primaryImageOfPage\":{\"@id\":\"https:\\\/\\\/queervibesmag.com\\\/saskatchewan-party-excluded-from-regina-pride-parade\\\/#primaryimage\"},\"image\":{\"@id\":\"https:\\\/\\\/queervibesmag.com\\\/saskatchewan-party-excluded-from-regina-pride-parade\\\/#primaryimage\"},\"thumbnailUrl\":\"https:\\\/\\\/i0.wp.com\\\/queervibesmag.com\\\/wp-content\\\/uploads\\\/2024\\\/05\\\/People-hold-pride-flags-while-attending-a0.jpg?fit=859%2C556&ssl=1\",\"datePublished\":\"2024-05-15T08:22:45+00:00\",\"dateModified\":\"2024-05-15T08:49:23+00:00\",\"description\":\"Saskatchewan Party Excluded from Regina Pride Parade due to contradictions with LGBTQ+ support, reveals Riviera Bonneau of Queen City Pride, expressing confusion and dismay.\",\"breadcrumb\":{\"@id\":\"https:\\\/\\\/queervibesmag.com\\\/saskatchewan-party-excluded-from-regina-pride-parade\\\/#breadcrumb\"},\"inLanguage\":\"es\",\"potentialAction\":[{\"@type\":\"ReadAction\",\"target\":[\"https:\\\/\\\/queervibesmag.com\\\/saskatchewan-party-excluded-from-regina-pride-parade\\\/\"]}]},{\"@type\":\"ImageObject\",\"inLanguage\":\"es\",\"@id\":\"https:\\\/\\\/queervibesmag.com\\\/saskatchewan-party-excluded-from-regina-pride-parade\\\/#primaryimage\",\"url\":\"https:\\\/\\\/i0.wp.com\\\/queervibesmag.com\\\/wp-content\\\/uploads\\\/2024\\\/05\\\/People-hold-pride-flags-while-attending-a0.jpg?fit=859%2C556&ssl=1\",\"contentUrl\":\"https:\\\/\\\/i0.wp.com\\\/queervibesmag.com\\\/wp-content\\\/uploads\\\/2024\\\/05\\\/People-hold-pride-flags-while-attending-a0.jpg?fit=859%2C556&ssl=1\",\"width\":859,\"height\":556,\"caption\":\"Saskatchewan Party Excluded from Regina Pride Parade\"},{\"@type\":\"BreadcrumbList\",\"@id\":\"https:\\\/\\\/queervibesmag.com\\\/saskatchewan-party-excluded-from-regina-pride-parade\\\/#breadcrumb\",\"itemListElement\":[{\"@type\":\"ListItem\",\"position\":1,\"name\":\"Home\",\"item\":\"https:\\\/\\\/queervibesmag.com\\\/\"},{\"@type\":\"ListItem\",\"position\":2,\"name\":\"Saskatchewan Party Excluded from Regina Pride Parade\"}]},{\"@type\":\"WebSite\",\"@id\":\"https:\\\/\\\/queervibesmag.com\\\/#website\",\"url\":\"https:\\\/\\\/queervibesmag.com\\\/\",\"name\":\"Queer Vibes Mag\",\"description\":\"WORLD WIDE LGBTQ NEWS\",\"publisher\":{\"@id\":\"https:\\\/\\\/queervibesmag.com\\\/#organization\"},\"potentialAction\":[{\"@type\":\"SearchAction\",\"target\":{\"@type\":\"EntryPoint\",\"urlTemplate\":\"https:\\\/\\\/queervibesmag.com\\\/?s={search_term_string}\"},\"query-input\":{\"@type\":\"PropertyValueSpecification\",\"valueRequired\":true,\"valueName\":\"search_term_string\"}}],\"inLanguage\":\"es\"},{\"@type\":\"Organization\",\"@id\":\"https:\\\/\\\/queervibesmag.com\\\/#organization\",\"name\":\"Queer Vibes Mag | LGBT NEWS\",\"alternateName\":\"Queer Vibes Mag | LGBT NEWS\",\"url\":\"https:\\\/\\\/queervibesmag.com\\\/\",\"logo\":{\"@type\":\"ImageObject\",\"inLanguage\":\"es\",\"@id\":\"https:\\\/\\\/queervibesmag.com\\\/#\\\/schema\\\/logo\\\/image\\\/\",\"url\":\"https:\\\/\\\/i0.wp.com\\\/queervibesmag.com\\\/wp-content\\\/uploads\\\/2023\\\/09\\\/cropped-Black_and_White_Modern_Literary_Magazine_Logo__2__-_Copie-removebg-preview.png?fit=200%2C200&ssl=1\",\"contentUrl\":\"https:\\\/\\\/i0.wp.com\\\/queervibesmag.com\\\/wp-content\\\/uploads\\\/2023\\\/09\\\/cropped-Black_and_White_Modern_Literary_Magazine_Logo__2__-_Copie-removebg-preview.png?fit=200%2C200&ssl=1\",\"width\":200,\"height\":200,\"caption\":\"Queer Vibes Mag | LGBT NEWS\"},\"image\":{\"@id\":\"https:\\\/\\\/queervibesmag.com\\\/#\\\/schema\\\/logo\\\/image\\\/\"},\"sameAs\":[\"https:\\\/\\\/x.com\\\/queervibesmag\"]},{\"@type\":\"Person\",\"@id\":\"https:\\\/\\\/queervibesmag.com\\\/#\\\/schema\\\/person\\\/9d2589cb12fe07ed1ef0d3c3f9228d52\",\"name\":\"QueerVibesMag\",\"image\":{\"@type\":\"ImageObject\",\"inLanguage\":\"es\",\"@id\":\"https:\\\/\\\/secure.gravatar.com\\\/avatar\\\/0bbb5765594baaa323b58b57926b3d7976708f18854390fef40c88a59647f3b8?s=96&d=mm&r=g\",\"url\":\"https:\\\/\\\/secure.gravatar.com\\\/avatar\\\/0bbb5765594baaa323b58b57926b3d7976708f18854390fef40c88a59647f3b8?s=96&d=mm&r=g\",\"contentUrl\":\"https:\\\/\\\/secure.gravatar.com\\\/avatar\\\/0bbb5765594baaa323b58b57926b3d7976708f18854390fef40c88a59647f3b8?s=96&d=mm&r=g\",\"caption\":\"QueerVibesMag\"},\"sameAs\":[\"https:\\\/\\\/queervibesmag.com\"],\"url\":\"https:\\\/\\\/queervibesmag.com\\\/es\\\/author\\\/admin\\\/\"}]}<\/script>\n<!-- \/ Yoast SEO plugin. -->","yoast_head_json":{"title":"Partido de Saskatchewan excluido del desfile del Orgullo de Regina","description":"Saskatchewan Party Excluded from Regina Pride Parade due to contradictions with LGBTQ+ support, reveals Riviera Bonneau of Queen City Pride, expressing confusion and dismay.","robots":{"index":"index","follow":"follow","max-snippet":"max-snippet:-1","max-image-preview":"max-image-preview:large","max-video-preview":"max-video-preview:-1"},"canonical":"https:\/\/queervibesmag.com\/es\/saskatchewan-party-excluded-from-regina-pride-parade\/","og_locale":"es_ES","og_type":"article","og_title":"Saskatchewan Party Excluded from Regina Pride Parade","og_description":"Saskatchewan Party Excluded from Regina Pride Parade due to contradictions with LGBTQ+ support, reveals Riviera Bonneau of Queen City Pride, expressing confusion and dismay.","og_url":"https:\/\/queervibesmag.com\/es\/saskatchewan-party-excluded-from-regina-pride-parade\/","og_site_name":"Queer Vibes Mag","article_published_time":"2024-05-15T08:22:45+00:00","article_modified_time":"2024-05-15T08:49:23+00:00","og_image":[{"width":859,"height":556,"url":"https:\/\/queervibesmag.com\/wp-content\/uploads\/2024\/05\/People-hold-pride-flags-while-attending-a0.jpg","type":"image\/jpeg"}],"author":"QueerVibesMag","twitter_card":"summary_large_image","twitter_creator":"@queervibesmag","twitter_site":"@queervibesmag","twitter_misc":{"Escrito por":"QueerVibesMag","Tiempo de lectura":"1 minuto"},"schema":{"@context":"https:\/\/schema.org","@graph":[{"@type":"Article","@id":"https:\/\/queervibesmag.com\/saskatchewan-party-excluded-from-regina-pride-parade\/#article","isPartOf":{"@id":"https:\/\/queervibesmag.com\/saskatchewan-party-excluded-from-regina-pride-parade\/"},"author":{"name":"QueerVibesMag","@id":"https:\/\/queervibesmag.com\/#\/schema\/person\/9d2589cb12fe07ed1ef0d3c3f9228d52"},"headline":"Saskatchewan Party Excluded from Regina Pride Parade","datePublished":"2024-05-15T08:22:45+00:00","dateModified":"2024-05-15T08:49:23+00:00","mainEntityOfPage":{"@id":"https:\/\/queervibesmag.com\/saskatchewan-party-excluded-from-regina-pride-parade\/"},"wordCount":138,"publisher":{"@id":"https:\/\/queervibesmag.com\/#organization"},"image":{"@id":"https:\/\/queervibesmag.com\/saskatchewan-party-excluded-from-regina-pride-parade\/#primaryimage"},"thumbnailUrl":"https:\/\/i0.wp.com\/queervibesmag.com\/wp-content\/uploads\/2024\/05\/People-hold-pride-flags-while-attending-a0.jpg?fit=859%2C556&ssl=1","articleSection":["WORLD NEWS LGBTQ"],"inLanguage":"es"},{"@type":"WebPage","@id":"https:\/\/queervibesmag.com\/saskatchewan-party-excluded-from-regina-pride-parade\/","url":"https:\/\/queervibesmag.com\/saskatchewan-party-excluded-from-regina-pride-parade\/","name":"Partido de Saskatchewan excluido del desfile del Orgullo de Regina","isPartOf":{"@id":"https:\/\/queervibesmag.com\/#website"},"primaryImageOfPage":{"@id":"https:\/\/queervibesmag.com\/saskatchewan-party-excluded-from-regina-pride-parade\/#primaryimage"},"image":{"@id":"https:\/\/queervibesmag.com\/saskatchewan-party-excluded-from-regina-pride-parade\/#primaryimage"},"thumbnailUrl":"https:\/\/i0.wp.com\/queervibesmag.com\/wp-content\/uploads\/2024\/05\/People-hold-pride-flags-while-attending-a0.jpg?fit=859%2C556&ssl=1","datePublished":"2024-05-15T08:22:45+00:00","dateModified":"2024-05-15T08:49:23+00:00","description":"Saskatchewan Party Excluded from Regina Pride Parade due to contradictions with LGBTQ+ support, reveals Riviera Bonneau of Queen City Pride, expressing confusion and dismay.","breadcrumb":{"@id":"https:\/\/queervibesmag.com\/saskatchewan-party-excluded-from-regina-pride-parade\/#breadcrumb"},"inLanguage":"es","potentialAction":[{"@type":"ReadAction","target":["https:\/\/queervibesmag.com\/saskatchewan-party-excluded-from-regina-pride-parade\/"]}]},{"@type":"ImageObject","inLanguage":"es","@id":"https:\/\/queervibesmag.com\/saskatchewan-party-excluded-from-regina-pride-parade\/#primaryimage","url":"https:\/\/i0.wp.com\/queervibesmag.com\/wp-content\/uploads\/2024\/05\/People-hold-pride-flags-while-attending-a0.jpg?fit=859%2C556&ssl=1","contentUrl":"https:\/\/i0.wp.com\/queervibesmag.com\/wp-content\/uploads\/2024\/05\/People-hold-pride-flags-while-attending-a0.jpg?fit=859%2C556&ssl=1","width":859,"height":556,"caption":"Saskatchewan Party Excluded from Regina Pride Parade"},{"@type":"BreadcrumbList","@id":"https:\/\/queervibesmag.com\/saskatchewan-party-excluded-from-regina-pride-parade\/#breadcrumb","itemListElement":[{"@type":"ListItem","position":1,"name":"Home","item":"https:\/\/queervibesmag.com\/"},{"@type":"ListItem","position":2,"name":"Saskatchewan Party Excluded from Regina Pride Parade"}]},{"@type":"WebSite","@id":"https:\/\/queervibesmag.com\/#website","url":"https:\/\/queervibesmag.com\/","name":"Queer Vibes Mag","description":"NOTICIAS LGBT EN EL MUNDO","publisher":{"@id":"https:\/\/queervibesmag.com\/#organization"},"potentialAction":[{"@type":"SearchAction","target":{"@type":"EntryPoint","urlTemplate":"https:\/\/queervibesmag.com\/?s={search_term_string}"},"query-input":{"@type":"PropertyValueSpecification","valueRequired":true,"valueName":"search_term_string"}}],"inLanguage":"es"},{"@type":"Organization","@id":"https:\/\/queervibesmag.com\/#organization","name":"Queer Vibes Mag | LGBT NEWS","alternateName":"Queer Vibes Mag | LGBT NEWS","url":"https:\/\/queervibesmag.com\/","logo":{"@type":"ImageObject","inLanguage":"es","@id":"https:\/\/queervibesmag.com\/#\/schema\/logo\/image\/","url":"https:\/\/i0.wp.com\/queervibesmag.com\/wp-content\/uploads\/2023\/09\/cropped-Black_and_White_Modern_Literary_Magazine_Logo__2__-_Copie-removebg-preview.png?fit=200%2C200&ssl=1","contentUrl":"https:\/\/i0.wp.com\/queervibesmag.com\/wp-content\/uploads\/2023\/09\/cropped-Black_and_White_Modern_Literary_Magazine_Logo__2__-_Copie-removebg-preview.png?fit=200%2C200&ssl=1","width":200,"height":200,"caption":"Queer Vibes Mag | LGBT NEWS"},"image":{"@id":"https:\/\/queervibesmag.com\/#\/schema\/logo\/image\/"},"sameAs":["https:\/\/x.com\/queervibesmag"]},{"@type":"Person","@id":"https:\/\/queervibesmag.com\/#\/schema\/person\/9d2589cb12fe07ed1ef0d3c3f9228d52","name":"QueerVibesMag","image":{"@type":"ImageObject","inLanguage":"es","@id":"https:\/\/secure.gravatar.com\/avatar\/0bbb5765594baaa323b58b57926b3d7976708f18854390fef40c88a59647f3b8?s=96&d=mm&r=g","url":"https:\/\/secure.gravatar.com\/avatar\/0bbb5765594baaa323b58b57926b3d7976708f18854390fef40c88a59647f3b8?s=96&d=mm&r=g","contentUrl":"https:\/\/secure.gravatar.com\/avatar\/0bbb5765594baaa323b58b57926b3d7976708f18854390fef40c88a59647f3b8?s=96&d=mm&r=g","caption":"QueerVibesMag"},"sameAs":["https:\/\/queervibesmag.com"],"url":"https:\/\/queervibesmag.com\/es\/author\/admin\/"}]}},"jetpack_featured_media_url":"https:\/\/i0.wp.com\/queervibesmag.com\/wp-content\/uploads\/2024\/05\/People-hold-pride-flags-while-attending-a0.jpg?fit=859%2C556&ssl=1","jetpack_sharing_enabled":true,"jetpack-related-posts":[{"id":2686,"url":"https:\/\/queervibesmag.com\/es\/rome-lgbtq-pride-parade-marks-30th-anniversary\/","url_meta":{"origin":2416,"position":0},"title":"30 aniversario de la Marcha del Orgullo LGBTQ+ de Roma","author":"QueerVibesMag","date":"junio 17, 2024","format":false,"excerpt":"Rome LGBTQ+ Pride Parade Marks 30th Anniversary Colorful Celebration Through the Streets The 30th anniversary of the Rome LGBTQ+ Pride parade saw tens of thousands of participants in vibrant attire marching through the streets of the Italian capital. The event was marked by lively displays of banners, dancing, and singing\u2026","rel":"","context":"En \u00abWORLD NEWS LGBTQ\u00bb","block_context":{"text":"WORLD NEWS LGBTQ","link":"https:\/\/queervibesmag.com\/es\/category\/world-news-lgbtq\/"},"img":{"alt_text":"Rome LGBTQ+ Pride Parade Marks 30th Anniversary","src":"https:\/\/i0.wp.com\/queervibesmag.com\/wp-content\/uploads\/2024\/06\/68352.jpg?fit=738%2C490&ssl=1&resize=350%2C200","width":350,"height":200,"srcset":"https:\/\/i0.wp.com\/queervibesmag.com\/wp-content\/uploads\/2024\/06\/68352.jpg?fit=738%2C490&ssl=1&resize=350%2C200 1x, https:\/\/i0.wp.com\/queervibesmag.com\/wp-content\/uploads\/2024\/06\/68352.jpg?fit=738%2C490&ssl=1&resize=525%2C300 1.5x, https:\/\/i0.wp.com\/queervibesmag.com\/wp-content\/uploads\/2024\/06\/68352.jpg?fit=738%2C490&ssl=1&resize=700%2C400 2x"},"classes":[]},{"id":3187,"url":"https:\/\/queervibesmag.com\/es\/thousands-attend-foyle-pride-in-derry\/","url_meta":{"origin":2416,"position":1},"title":"Thousands attend Foyle Pride in Derry","author":"QueerVibesMag","date":"agosto 26, 2024","format":false,"excerpt":"Thousands attend Foyle Pride in Derry Parade Caps Off 10-Day Festival Thousands of attendees flocked to Londonderry to participate in the 2024 Foyle Pride celebrations, marking the conclusion of a vibrant 10-day festival. The parade began at 14:00 BST, starting from the North West transport hub. It proceeded across the\u2026","rel":"","context":"En \u00abLGBTQ WORLD EVENTS\u00bb","block_context":{"text":"LGBTQ WORLD EVENTS","link":"https:\/\/queervibesmag.com\/es\/category\/lgbtq-world-events\/"},"img":{"alt_text":"Thousands attend Foyle Pride in Derry","src":"https:\/\/i0.wp.com\/queervibesmag.com\/wp-content\/uploads\/2024\/08\/Thousands-attend-Foyle-Pride-in-Derry.jpg?fit=719%2C419&ssl=1&resize=350%2C200","width":350,"height":200,"srcset":"https:\/\/i0.wp.com\/queervibesmag.com\/wp-content\/uploads\/2024\/08\/Thousands-attend-Foyle-Pride-in-Derry.jpg?fit=719%2C419&ssl=1&resize=350%2C200 1x, https:\/\/i0.wp.com\/queervibesmag.com\/wp-content\/uploads\/2024\/08\/Thousands-attend-Foyle-Pride-in-Derry.jpg?fit=719%2C419&ssl=1&resize=525%2C300 1.5x, https:\/\/i0.wp.com\/queervibesmag.com\/wp-content\/uploads\/2024\/08\/Thousands-attend-Foyle-Pride-in-Derry.jpg?fit=719%2C419&ssl=1&resize=700%2C400 2x"},"classes":[]},{"id":2551,"url":"https:\/\/queervibesmag.com\/es\/thailands-lgbtq-pride-parade-is-seen-as-a-popular-and-political-success\/","url_meta":{"origin":2416,"position":2},"title":"El Desfile del Orgullo LGBTQ de Tailandia se considera un \u00e9xito popular y pol\u00edtico","author":"QueerVibesMag","date":"junio 2, 2024","format":false,"excerpt":"Thailand\u2019s LGBTQ Pride Parade is seen as a popular and political success Celebrating LGBTQ+ Community with Enthusiasm Thailand began its Pride Month festivities with a vibrant parade on Saturday, setting the stage to potentially become the first Southeast Asian nation to legalize marriage equality. The annual Bangkok Pride Parade took\u2026","rel":"","context":"En \u00abGOOD NEWS\u00bb","block_context":{"text":"GOOD NEWS","link":"https:\/\/queervibesmag.com\/es\/category\/good-news\/"},"img":{"alt_text":"Thailand\u2019s LGBTQ Pride Parade is seen as a popular and political success","src":"https:\/\/i0.wp.com\/queervibesmag.com\/wp-content\/uploads\/2024\/06\/Thailands-LGBTQ-Pride-Parade-is-seen-as-a-popular-and-political-success.jpg?fit=836%2C544&ssl=1&resize=350%2C200","width":350,"height":200,"srcset":"https:\/\/i0.wp.com\/queervibesmag.com\/wp-content\/uploads\/2024\/06\/Thailands-LGBTQ-Pride-Parade-is-seen-as-a-popular-and-political-success.jpg?fit=836%2C544&ssl=1&resize=350%2C200 1x, https:\/\/i0.wp.com\/queervibesmag.com\/wp-content\/uploads\/2024\/06\/Thailands-LGBTQ-Pride-Parade-is-seen-as-a-popular-and-political-success.jpg?fit=836%2C544&ssl=1&resize=525%2C300 1.5x, https:\/\/i0.wp.com\/queervibesmag.com\/wp-content\/uploads\/2024\/06\/Thailands-LGBTQ-Pride-Parade-is-seen-as-a-popular-and-political-success.jpg?fit=836%2C544&ssl=1&resize=700%2C400 2x"},"classes":[]},{"id":1677,"url":"https:\/\/queervibesmag.com\/es\/gay-friendly-st-patricks-staten-island\/","url_meta":{"origin":2416,"position":3},"title":"Desfile inclusivo del D\u00eda de San Patricio en Staten Island","author":"QueerVibesMag","date":"febrero 26, 2024","format":false,"excerpt":"Gay-Friendly St. Patrick\u2019s Staten Island Staten Island Welcomes a New Parade This year, Staten Island is introducing a new St. Patrick\u2019s Day Parade that marks a significant departure from past practices by including LGBTQ groups. This decision follows a history of exclusion from the borough\u2019s traditional celebrations of Irish heritage.\u2026","rel":"","context":"En \u00abLGBTQ WORLD EVENTS\u00bb","block_context":{"text":"LGBTQ WORLD EVENTS","link":"https:\/\/queervibesmag.com\/es\/category\/lgbtq-world-events\/"},"img":{"alt_text":"Staten Island's Inclusive St. Patrick's Day Parade","src":"https:\/\/i0.wp.com\/queervibesmag.com\/wp-content\/uploads\/2024\/02\/5555d5d.jpg?fit=792%2C763&ssl=1&resize=350%2C200","width":350,"height":200,"srcset":"https:\/\/i0.wp.com\/queervibesmag.com\/wp-content\/uploads\/2024\/02\/5555d5d.jpg?fit=792%2C763&ssl=1&resize=350%2C200 1x, https:\/\/i0.wp.com\/queervibesmag.com\/wp-content\/uploads\/2024\/02\/5555d5d.jpg?fit=792%2C763&ssl=1&resize=525%2C300 1.5x, https:\/\/i0.wp.com\/queervibesmag.com\/wp-content\/uploads\/2024\/02\/5555d5d.jpg?fit=792%2C763&ssl=1&resize=700%2C400 2x"},"classes":[]},{"id":347,"url":"https:\/\/queervibesmag.com\/es\/incidents-at-maribors-pride-parade\/","url_meta":{"origin":2416,"position":4},"title":"Eslovenia : Violencia en el desfile del Orgullo Gay de Maribor","author":"QueerVibesMag","date":"septiembre 17, 2023","format":false,"excerpt":"Maribor's Pride Parade Violence Slovenia : Incidents at Maribor's Pride Parade During the recent Pride Parade in Maribor, which saw participation from over 300 individuals, there were unfortunate episodes of violence. The event, themed \"From Laws to Society,\" was meant to be a peaceful demonstration, but it took a turn\u2026","rel":"","context":"En \u00abLGBTQ INFOS NEWS\u00bb","block_context":{"text":"LGBTQ INFOS NEWS","link":"https:\/\/queervibesmag.com\/es\/category\/lgbtq-infos-news\/"},"img":{"alt_text":"Maribor's Pride Parade Violence","src":"https:\/\/i0.wp.com\/queervibesmag.com\/wp-content\/uploads\/2023\/09\/Maribors-Pride-Parade-Violence.jpg?fit=1096%2C732&ssl=1&resize=350%2C200","width":350,"height":200,"srcset":"https:\/\/i0.wp.com\/queervibesmag.com\/wp-content\/uploads\/2023\/09\/Maribors-Pride-Parade-Violence.jpg?fit=1096%2C732&ssl=1&resize=350%2C200 1x, https:\/\/i0.wp.com\/queervibesmag.com\/wp-content\/uploads\/2023\/09\/Maribors-Pride-Parade-Violence.jpg?fit=1096%2C732&ssl=1&resize=525%2C300 1.5x, https:\/\/i0.wp.com\/queervibesmag.com\/wp-content\/uploads\/2023\/09\/Maribors-Pride-Parade-Violence.jpg?fit=1096%2C732&ssl=1&resize=700%2C400 2x, https:\/\/i0.wp.com\/queervibesmag.com\/wp-content\/uploads\/2023\/09\/Maribors-Pride-Parade-Violence.jpg?fit=1096%2C732&ssl=1&resize=1050%2C600 3x"},"classes":[]},{"id":2826,"url":"https:\/\/queervibesmag.com\/es\/thousands-cheer-on-annual-pride-parade-in-london\/","url_meta":{"origin":2416,"position":5},"title":"Miles de personas animan el desfile anual del Orgullo en Londres","author":"QueerVibesMag","date":"julio 1, 2024","format":false,"excerpt":"Thousands cheer on annual Pride parade in London A Colorful Procession London's annual Pride Parade was a vibrant spectacle this year, featuring giant peacock floats, motorbike formations, and martial arts demonstrations set to energetic pop tunes. Attendees dressed in a variety of outfits, from carnival costumes to gym gear, as\u2026","rel":"","context":"En \u00abLGBTQ WORLD EVENTS\u00bb","block_context":{"text":"LGBTQ WORLD EVENTS","link":"https:\/\/queervibesmag.com\/es\/category\/lgbtq-world-events\/"},"img":{"alt_text":"Thousands cheer on annual Pride parade in London","src":"https:\/\/i0.wp.com\/queervibesmag.com\/wp-content\/uploads\/2024\/07\/Thousands-cheer-on-annual-Pride-parade-in-London.jpg?fit=920%2C559&ssl=1&resize=350%2C200","width":350,"height":200,"srcset":"https:\/\/i0.wp.com\/queervibesmag.com\/wp-content\/uploads\/2024\/07\/Thousands-cheer-on-annual-Pride-parade-in-London.jpg?fit=920%2C559&ssl=1&resize=350%2C200 1x, https:\/\/i0.wp.com\/queervibesmag.com\/wp-content\/uploads\/2024\/07\/Thousands-cheer-on-annual-Pride-parade-in-London.jpg?fit=920%2C559&ssl=1&resize=525%2C300 1.5x, https:\/\/i0.wp.com\/queervibesmag.com\/wp-content\/uploads\/2024\/07\/Thousands-cheer-on-annual-Pride-parade-in-London.jpg?fit=920%2C559&ssl=1&resize=700%2C400 2x"},"classes":[]}],"_links":{"self":[{"href":"https:\/\/queervibesmag.com\/es\/wp-json\/wp\/v2\/posts\/2416","targetHints":{"allow":["GET"]}}],"collection":[{"href":"https:\/\/queervibesmag.com\/es\/wp-json\/wp\/v2\/posts"}],"about":[{"href":"https:\/\/queervibesmag.com\/es\/wp-json\/wp\/v2\/types\/post"}],"author":[{"embeddable":true,"href":"https:\/\/queervibesmag.com\/es\/wp-json\/wp\/v2\/users\/1"}],"replies":[{"embeddable":true,"href":"https:\/\/queervibesmag.com\/es\/wp-json\/wp\/v2\/comments?post=2416"}],"version-history":[{"count":2,"href":"https:\/\/queervibesmag.com\/es\/wp-json\/wp\/v2\/posts\/2416\/revisions"}],"predecessor-version":[{"id":2421,"href":"https:\/\/queervibesmag.com\/es\/wp-json\/wp\/v2\/posts\/2416\/revisions\/2421"}],"wp:featuredmedia":[{"embeddable":true,"href":"https:\/\/queervibesmag.com\/es\/wp-json\/wp\/v2\/media\/2417"}],"wp:attachment":[{"href":"https:\/\/queervibesmag.com\/es\/wp-json\/wp\/v2\/media?parent=2416"}],"wp:term":[{"taxonomy":"category","embeddable":true,"href":"https:\/\/queervibesmag.com\/es\/wp-json\/wp\/v2\/categories?post=2416"},{"taxonomy":"post_tag","embeddable":true,"href":"https:\/\/queervibesmag.com\/es\/wp-json\/wp\/v2\/tags?post=2416"}],"curies":[{"name":"wp","href":"https:\/\/api.w.org\/{rel}","templated":true}]}}