{"id":2555,"date":"2024-06-02T10:13:30","date_gmt":"2024-06-02T10:13:30","guid":{"rendered":"https:\/\/queervibesmag.com\/?p=2555"},"modified":"2024-06-26T11:29:29","modified_gmt":"2024-06-26T11:29:29","slug":"we-exist-south-koreas-first-lgbtq-councillor-advocates-for-inclusion","status":"publish","type":"post","link":"https:\/\/queervibesmag.com\/es\/we-exist-south-koreas-first-lgbtq-councillor-advocates-for-inclusion\/","title":{"rendered":"Existimos\u00bb: El primer concejal LGBTQ de Corea del Sur aboga por la inclusi\u00f3n"},"content":{"rendered":"<p><strong><em>Existimos\u00bb: El primer concejal LGBTQ de Corea del Sur aboga por la inclusi\u00f3n<\/em><\/strong><\/p>\n\n\n\n<p>El primer legislador abiertamente gay de Corea del Sur ha logrado un gran avance en el partido gobernante, pero reconoce que a\u00fan queda mucho por hacer para lograr la inclusi\u00f3n pol\u00edtica en el pa\u00eds.<\/p>\n\n\n\n<h2 class=\"wp-block-heading\">Elecciones hist\u00f3ricas y luchas en curso<\/h2>\n\n\n\n<p>La elecci\u00f3n de Cha Hae-young como concejal del distrito de Mapo el 1 de junio de 2022 marc\u00f3 un hito importante para la comunidad LGBTQ de Corea del Sur. Este acontecimiento hist\u00f3rico coincidi\u00f3 con la marcha anual del Orgullo LGBTQ de Se\u00fal. Sin embargo, a pesar de estos avances, el camino hacia la inclusi\u00f3n sigue siendo dif\u00edcil. Dos a\u00f1os despu\u00e9s de la elecci\u00f3n de Cha, el mayor festival queer de Asia se enfrenta a problemas de reubicaci\u00f3n, ya que las autoridades municipales alegan posibles \u00abconflictos sociales\u00bb para trasladar las celebraciones previstas para el s\u00e1bado fuera de la plaza central de la capital.<\/p>\n\n\n\n<h2 class=\"wp-block-heading\">Debate p\u00fablico y din\u00e1mica de los partidos<\/h2>\n\n\n\n<p>Cha reconoce la dificultad que tienen muchos surcoreanos para hablar de sexualidad y cuestiones LGBTQ, pero insiste en la necesidad de un mayor di\u00e1logo p\u00fablico para avanzar en la inclusi\u00f3n. Incluso en el partido de Cha, que tiene mayor\u00eda parlamentaria, no hay una estrategia clara para abordar estos temas con el p\u00fablico. \u00abTenemos que demostrar a la gente que nosotros (las personas LGBTQ) existimos\u00bb, afirma Cha, que utiliza los pronombres ellos\/ellas para subrayar la importancia de la visibilidad.<\/p>\n\n\n\n<h2 class=\"wp-block-heading\">Visibilidad y compromiso personal<\/h2>\n\n\n\n<p>Cha ha asumido su papel con entusiasmo, utilizando su oficina en el distrito Mapo de Se\u00fal para promover la visibilidad del colectivo LGBTQ. El despacho, decorado con guirnaldas arco iris y una gran bandera del Orgullo, sorprendi\u00f3 en un principio a otros miembros del consejo, pero desde entonces ha sido aceptado. A pesar de las presiones de ser el \u00fanico pol\u00edtico abiertamente LGBTQ, Cha sigue estando orgulloso de su identidad y se dedica a impulsar la legislaci\u00f3n contra la discriminaci\u00f3n y por la igualdad matrimonial.<\/p>\n\n\n\n<h2 class=\"wp-block-heading\">Contragolpe en el Festival del Orgullo<\/h2>\n\n\n\n<p>El festival queer de Se\u00fal celebra este a\u00f1o su 25 aniversario, pero se enfrenta a dificultades. Por segundo a\u00f1o consecutivo, se ha denegado a los organizadores el permiso para celebrar actos en lugares c\u00e9ntricos, alegando las autoridades municipales conflictos de programaci\u00f3n y posibles disturbios sociales. Los organizadores del festival argumentan que esta decisi\u00f3n perpet\u00faa la desigualdad. Yang Sun-woo, presidente del Festival de Cultura Queer de Se\u00fal, critic\u00f3 al alcalde conservador de la ciudad, Oh Se-hoon, por no apoyar un entorno inclusivo, cuestionando si esto se alinea con el objetivo de Se\u00fal de ser una \u00abciudad global y l\u00edder\u00bb.<\/p>\n\n\n\n<h2 class=\"wp-block-heading\">Diversidad para el futuro<\/h2>\n\n\n\n<p>Los retos demogr\u00e1ficos de Corea del Sur, entre ellos una de las tasas de natalidad m\u00e1s bajas del mundo, hacen necesario abrazar la inmigraci\u00f3n y la diversidad. Cha cree que aumentar la visibilidad de las personas LGBTQ es crucial para mostrar la diversidad existente en la sociedad surcoreana. A pesar de los obst\u00e1culos, Cha ha encontrado un entorno pol\u00edtico acogedor y productivo. Un cartel en su oficina reza: \u00abDamos la bienvenida a todas las razas, todas las religiones, todos los pa\u00edses de origen, todas las orientaciones sexuales, todos los g\u00e9neros. Estamos con vosotros, aqu\u00ed est\u00e1is seguros\u00bb.<\/p>\n\n\n\n<h2 class=\"wp-block-heading\">Compromiso con una sociedad inclusiva<\/h2>\n\n\n\n<p>Cha pretende que su partido, que tiene mayor\u00eda parlamentaria pero no la presidencia, sea m\u00e1s integrador. \u00abComo partido mayoritario, tenemos que avanzar hacia una sociedad integradora, no excluyente\u00bb, afirma, y subraya que \u00e9se ser\u00e1 su objetivo en los dos a\u00f1os que le quedan de mandato. Cha reconoce que dos a\u00f1os son insuficientes para alcanzar todos sus objetivos, por lo que la reelecci\u00f3n es crucial para continuar su labor de defensa.<\/p>\n\n\n\n<p><\/p>\n\n\n\n<script type='text\/javascript' src='\/\/pl23198454.highcpmgate.com\/2b\/b7\/b2\/2bb7b2fa3b95492704cbc948d2ed5324.js'><\/script>\n\n\n\n<script async=\"async\" data-cfasync=\"false\" src=\"\/\/pl23211232.highcpmgate.com\/4624e693d7737a32bb7d16f4665f5eec\/invoke.js\"><\/script>\n<div id=\"container-4624e693d7737a32bb7d16f4665f5eec\"><\/div>\n\n\n\n<figure class=\"wp-block-embed is-type-rich is-provider-pinterest wp-block-embed-pinterest\"><div class=\"wp-block-embed__wrapper\">\n<iframe title=\"Queer Vibes Mag\" src=\"https:\/\/assets.pinterest.com\/ext\/embed.html?grid=queervibesmag&#038;src=oembed\" height=\"900\" width=\"450\" frameborder=\"0\" scrolling=\"no\" ><\/iframe>\n<\/div><\/figure>","protected":false},"excerpt":{"rendered":"<p>&#8216;We Exist&#8217;: South Korea&#8217;s First LGBTQ Councillor Advocates for Inclusion South Korea&#8217;s first openly gay legislator has made a breakthrough in the ruling party, but acknowledges that much progress is still needed to achieve political inclusivity in the country. Historic Election and Ongoing Struggles Cha Hae-young&#8217;s election to the Mapo district council on June 1,&#8230;<\/p>","protected":false},"author":1,"featured_media":2556,"comment_status":"closed","ping_status":"open","sticky":false,"template":"","format":"standard","meta":{"_jetpack_memberships_contains_paid_content":false,"footnotes":""},"categories":[162,9,10],"tags":[],"class_list":["post-2555","post","type-post","status-publish","format-standard","has-post-thumbnail","hentry","category-lgbt-news-asia","category-lgbt-political-news","category-world-news-lgbtq"],"yoast_head":"<!-- This site is optimized with the Yoast SEO plugin v27.5 - https:\/\/yoast.com\/product\/yoast-seo-wordpress\/ -->\n<title>&#039;We Exist&#039;: South Korea&#039;s First LGBTQ Councillor Advocates for Inclusion<\/title>\n<meta name=\"description\" content=\"&#039;We Exist&#039;: South Korea&#039;s First LGBTQ Councillor Advocates for Inclusion, pushing for anti-discrimination laws and public dialogue on LGBTQ issues.\" \/>\n<meta name=\"robots\" content=\"index, follow, max-snippet:-1, max-image-preview:large, max-video-preview:-1\" \/>\n<link rel=\"canonical\" href=\"https:\/\/queervibesmag.com\/es\/we-exist-south-koreas-first-lgbtq-councillor-advocates-for-inclusion\/\" \/>\n<meta property=\"og:locale\" content=\"es_ES\" \/>\n<meta property=\"og:type\" content=\"article\" \/>\n<meta property=\"og:title\" content=\"&#039;We Exist&#039;: South Korea&#039;s First LGBTQ Councillor Advocates for Inclusion\" \/>\n<meta property=\"og:description\" content=\"&#039;We Exist&#039;: South Korea&#039;s First LGBTQ Councillor Advocates for Inclusion, pushing for anti-discrimination laws and public dialogue on LGBTQ issues.\" \/>\n<meta property=\"og:url\" content=\"https:\/\/queervibesmag.com\/es\/we-exist-south-koreas-first-lgbtq-councillor-advocates-for-inclusion\/\" \/>\n<meta property=\"og:site_name\" content=\"Queer Vibes Mag\" \/>\n<meta property=\"article:published_time\" content=\"2024-06-02T10:13:30+00:00\" \/>\n<meta property=\"article:modified_time\" content=\"2024-06-26T11:29:29+00:00\" \/>\n<meta property=\"og:image\" content=\"https:\/\/queervibesmag.com\/wp-content\/uploads\/2024\/06\/652gfd.jpg\" \/>\n\t<meta property=\"og:image:width\" content=\"1332\" \/>\n\t<meta property=\"og:image:height\" content=\"910\" \/>\n\t<meta property=\"og:image:type\" content=\"image\/jpeg\" \/>\n<meta name=\"author\" content=\"QueerVibesMag\" \/>\n<meta name=\"twitter:card\" content=\"summary_large_image\" \/>\n<meta name=\"twitter:creator\" content=\"@queervibesmag\" \/>\n<meta name=\"twitter:site\" content=\"@queervibesmag\" \/>\n<meta name=\"twitter:label1\" content=\"Escrito por\" \/>\n\t<meta name=\"twitter:data1\" content=\"QueerVibesMag\" \/>\n\t<meta name=\"twitter:label2\" content=\"Tiempo de lectura\" \/>\n\t<meta name=\"twitter:data2\" content=\"3 minutos\" \/>\n<script type=\"application\/ld+json\" class=\"yoast-schema-graph\">{\"@context\":\"https:\\\/\\\/schema.org\",\"@graph\":[{\"@type\":\"Article\",\"@id\":\"https:\\\/\\\/queervibesmag.com\\\/we-exist-south-koreas-first-lgbtq-councillor-advocates-for-inclusion\\\/#article\",\"isPartOf\":{\"@id\":\"https:\\\/\\\/queervibesmag.com\\\/we-exist-south-koreas-first-lgbtq-councillor-advocates-for-inclusion\\\/\"},\"author\":{\"name\":\"QueerVibesMag\",\"@id\":\"https:\\\/\\\/queervibesmag.com\\\/#\\\/schema\\\/person\\\/9d2589cb12fe07ed1ef0d3c3f9228d52\"},\"headline\":\"&#8216;We Exist&#8217;: South Korea&#8217;s First LGBTQ Councillor Advocates for Inclusion\",\"datePublished\":\"2024-06-02T10:13:30+00:00\",\"dateModified\":\"2024-06-26T11:29:29+00:00\",\"mainEntityOfPage\":{\"@id\":\"https:\\\/\\\/queervibesmag.com\\\/we-exist-south-koreas-first-lgbtq-councillor-advocates-for-inclusion\\\/\"},\"wordCount\":514,\"publisher\":{\"@id\":\"https:\\\/\\\/queervibesmag.com\\\/#organization\"},\"image\":{\"@id\":\"https:\\\/\\\/queervibesmag.com\\\/we-exist-south-koreas-first-lgbtq-councillor-advocates-for-inclusion\\\/#primaryimage\"},\"thumbnailUrl\":\"https:\\\/\\\/i0.wp.com\\\/queervibesmag.com\\\/wp-content\\\/uploads\\\/2024\\\/06\\\/652gfd.jpg?fit=1332%2C910&ssl=1\",\"articleSection\":[\"LGBT NEWS ASIA\",\"LGBT POLITICAL NEWS\",\"WORLD NEWS LGBTQ\"],\"inLanguage\":\"es\"},{\"@type\":\"WebPage\",\"@id\":\"https:\\\/\\\/queervibesmag.com\\\/we-exist-south-koreas-first-lgbtq-councillor-advocates-for-inclusion\\\/\",\"url\":\"https:\\\/\\\/queervibesmag.com\\\/we-exist-south-koreas-first-lgbtq-councillor-advocates-for-inclusion\\\/\",\"name\":\"'We Exist': South Korea's First LGBTQ Councillor Advocates for Inclusion\",\"isPartOf\":{\"@id\":\"https:\\\/\\\/queervibesmag.com\\\/#website\"},\"primaryImageOfPage\":{\"@id\":\"https:\\\/\\\/queervibesmag.com\\\/we-exist-south-koreas-first-lgbtq-councillor-advocates-for-inclusion\\\/#primaryimage\"},\"image\":{\"@id\":\"https:\\\/\\\/queervibesmag.com\\\/we-exist-south-koreas-first-lgbtq-councillor-advocates-for-inclusion\\\/#primaryimage\"},\"thumbnailUrl\":\"https:\\\/\\\/i0.wp.com\\\/queervibesmag.com\\\/wp-content\\\/uploads\\\/2024\\\/06\\\/652gfd.jpg?fit=1332%2C910&ssl=1\",\"datePublished\":\"2024-06-02T10:13:30+00:00\",\"dateModified\":\"2024-06-26T11:29:29+00:00\",\"description\":\"'We Exist': South Korea's First LGBTQ Councillor Advocates for Inclusion, pushing for anti-discrimination laws and public dialogue on LGBTQ issues.\",\"breadcrumb\":{\"@id\":\"https:\\\/\\\/queervibesmag.com\\\/we-exist-south-koreas-first-lgbtq-councillor-advocates-for-inclusion\\\/#breadcrumb\"},\"inLanguage\":\"es\",\"potentialAction\":[{\"@type\":\"ReadAction\",\"target\":[\"https:\\\/\\\/queervibesmag.com\\\/we-exist-south-koreas-first-lgbtq-councillor-advocates-for-inclusion\\\/\"]}]},{\"@type\":\"ImageObject\",\"inLanguage\":\"es\",\"@id\":\"https:\\\/\\\/queervibesmag.com\\\/we-exist-south-koreas-first-lgbtq-councillor-advocates-for-inclusion\\\/#primaryimage\",\"url\":\"https:\\\/\\\/i0.wp.com\\\/queervibesmag.com\\\/wp-content\\\/uploads\\\/2024\\\/06\\\/652gfd.jpg?fit=1332%2C910&ssl=1\",\"contentUrl\":\"https:\\\/\\\/i0.wp.com\\\/queervibesmag.com\\\/wp-content\\\/uploads\\\/2024\\\/06\\\/652gfd.jpg?fit=1332%2C910&ssl=1\",\"width\":1332,\"height\":910,\"caption\":\"'We Exist': South Korea's First LGBTQ Councillor Advocates for Inclusion\"},{\"@type\":\"BreadcrumbList\",\"@id\":\"https:\\\/\\\/queervibesmag.com\\\/we-exist-south-koreas-first-lgbtq-councillor-advocates-for-inclusion\\\/#breadcrumb\",\"itemListElement\":[{\"@type\":\"ListItem\",\"position\":1,\"name\":\"Home\",\"item\":\"https:\\\/\\\/queervibesmag.com\\\/\"},{\"@type\":\"ListItem\",\"position\":2,\"name\":\"&#8216;We Exist&#8217;: South Korea&#8217;s First LGBTQ Councillor Advocates for Inclusion\"}]},{\"@type\":\"WebSite\",\"@id\":\"https:\\\/\\\/queervibesmag.com\\\/#website\",\"url\":\"https:\\\/\\\/queervibesmag.com\\\/\",\"name\":\"Queer Vibes Mag\",\"description\":\"WORLD WIDE LGBTQ NEWS\",\"publisher\":{\"@id\":\"https:\\\/\\\/queervibesmag.com\\\/#organization\"},\"potentialAction\":[{\"@type\":\"SearchAction\",\"target\":{\"@type\":\"EntryPoint\",\"urlTemplate\":\"https:\\\/\\\/queervibesmag.com\\\/?s={search_term_string}\"},\"query-input\":{\"@type\":\"PropertyValueSpecification\",\"valueRequired\":true,\"valueName\":\"search_term_string\"}}],\"inLanguage\":\"es\"},{\"@type\":\"Organization\",\"@id\":\"https:\\\/\\\/queervibesmag.com\\\/#organization\",\"name\":\"Queer Vibes Mag | LGBT NEWS\",\"alternateName\":\"Queer Vibes Mag | LGBT NEWS\",\"url\":\"https:\\\/\\\/queervibesmag.com\\\/\",\"logo\":{\"@type\":\"ImageObject\",\"inLanguage\":\"es\",\"@id\":\"https:\\\/\\\/queervibesmag.com\\\/#\\\/schema\\\/logo\\\/image\\\/\",\"url\":\"https:\\\/\\\/i0.wp.com\\\/queervibesmag.com\\\/wp-content\\\/uploads\\\/2023\\\/09\\\/cropped-Black_and_White_Modern_Literary_Magazine_Logo__2__-_Copie-removebg-preview.png?fit=200%2C200&ssl=1\",\"contentUrl\":\"https:\\\/\\\/i0.wp.com\\\/queervibesmag.com\\\/wp-content\\\/uploads\\\/2023\\\/09\\\/cropped-Black_and_White_Modern_Literary_Magazine_Logo__2__-_Copie-removebg-preview.png?fit=200%2C200&ssl=1\",\"width\":200,\"height\":200,\"caption\":\"Queer Vibes Mag | LGBT NEWS\"},\"image\":{\"@id\":\"https:\\\/\\\/queervibesmag.com\\\/#\\\/schema\\\/logo\\\/image\\\/\"},\"sameAs\":[\"https:\\\/\\\/x.com\\\/queervibesmag\"]},{\"@type\":\"Person\",\"@id\":\"https:\\\/\\\/queervibesmag.com\\\/#\\\/schema\\\/person\\\/9d2589cb12fe07ed1ef0d3c3f9228d52\",\"name\":\"QueerVibesMag\",\"image\":{\"@type\":\"ImageObject\",\"inLanguage\":\"es\",\"@id\":\"https:\\\/\\\/secure.gravatar.com\\\/avatar\\\/0bbb5765594baaa323b58b57926b3d7976708f18854390fef40c88a59647f3b8?s=96&d=mm&r=g\",\"url\":\"https:\\\/\\\/secure.gravatar.com\\\/avatar\\\/0bbb5765594baaa323b58b57926b3d7976708f18854390fef40c88a59647f3b8?s=96&d=mm&r=g\",\"contentUrl\":\"https:\\\/\\\/secure.gravatar.com\\\/avatar\\\/0bbb5765594baaa323b58b57926b3d7976708f18854390fef40c88a59647f3b8?s=96&d=mm&r=g\",\"caption\":\"QueerVibesMag\"},\"sameAs\":[\"https:\\\/\\\/queervibesmag.com\"],\"url\":\"https:\\\/\\\/queervibesmag.com\\\/es\\\/author\\\/admin\\\/\"}]}<\/script>\n<!-- \/ Yoast SEO plugin. -->","yoast_head_json":{"title":"'We Exist': South Korea's First LGBTQ Councillor Advocates for Inclusion","description":"'We Exist': South Korea's First LGBTQ Councillor Advocates for Inclusion, pushing for anti-discrimination laws and public dialogue on LGBTQ issues.","robots":{"index":"index","follow":"follow","max-snippet":"max-snippet:-1","max-image-preview":"max-image-preview:large","max-video-preview":"max-video-preview:-1"},"canonical":"https:\/\/queervibesmag.com\/es\/we-exist-south-koreas-first-lgbtq-councillor-advocates-for-inclusion\/","og_locale":"es_ES","og_type":"article","og_title":"'We Exist': South Korea's First LGBTQ Councillor Advocates for Inclusion","og_description":"'We Exist': South Korea's First LGBTQ Councillor Advocates for Inclusion, pushing for anti-discrimination laws and public dialogue on LGBTQ issues.","og_url":"https:\/\/queervibesmag.com\/es\/we-exist-south-koreas-first-lgbtq-councillor-advocates-for-inclusion\/","og_site_name":"Queer Vibes Mag","article_published_time":"2024-06-02T10:13:30+00:00","article_modified_time":"2024-06-26T11:29:29+00:00","og_image":[{"width":1332,"height":910,"url":"https:\/\/queervibesmag.com\/wp-content\/uploads\/2024\/06\/652gfd.jpg","type":"image\/jpeg"}],"author":"QueerVibesMag","twitter_card":"summary_large_image","twitter_creator":"@queervibesmag","twitter_site":"@queervibesmag","twitter_misc":{"Escrito por":"QueerVibesMag","Tiempo de lectura":"3 minutos"},"schema":{"@context":"https:\/\/schema.org","@graph":[{"@type":"Article","@id":"https:\/\/queervibesmag.com\/we-exist-south-koreas-first-lgbtq-councillor-advocates-for-inclusion\/#article","isPartOf":{"@id":"https:\/\/queervibesmag.com\/we-exist-south-koreas-first-lgbtq-councillor-advocates-for-inclusion\/"},"author":{"name":"QueerVibesMag","@id":"https:\/\/queervibesmag.com\/#\/schema\/person\/9d2589cb12fe07ed1ef0d3c3f9228d52"},"headline":"&#8216;We Exist&#8217;: South Korea&#8217;s First LGBTQ Councillor Advocates for Inclusion","datePublished":"2024-06-02T10:13:30+00:00","dateModified":"2024-06-26T11:29:29+00:00","mainEntityOfPage":{"@id":"https:\/\/queervibesmag.com\/we-exist-south-koreas-first-lgbtq-councillor-advocates-for-inclusion\/"},"wordCount":514,"publisher":{"@id":"https:\/\/queervibesmag.com\/#organization"},"image":{"@id":"https:\/\/queervibesmag.com\/we-exist-south-koreas-first-lgbtq-councillor-advocates-for-inclusion\/#primaryimage"},"thumbnailUrl":"https:\/\/i0.wp.com\/queervibesmag.com\/wp-content\/uploads\/2024\/06\/652gfd.jpg?fit=1332%2C910&ssl=1","articleSection":["LGBT NEWS ASIA","LGBT POLITICAL NEWS","WORLD NEWS LGBTQ"],"inLanguage":"es"},{"@type":"WebPage","@id":"https:\/\/queervibesmag.com\/we-exist-south-koreas-first-lgbtq-councillor-advocates-for-inclusion\/","url":"https:\/\/queervibesmag.com\/we-exist-south-koreas-first-lgbtq-councillor-advocates-for-inclusion\/","name":"'We Exist': South Korea's First LGBTQ Councillor Advocates for Inclusion","isPartOf":{"@id":"https:\/\/queervibesmag.com\/#website"},"primaryImageOfPage":{"@id":"https:\/\/queervibesmag.com\/we-exist-south-koreas-first-lgbtq-councillor-advocates-for-inclusion\/#primaryimage"},"image":{"@id":"https:\/\/queervibesmag.com\/we-exist-south-koreas-first-lgbtq-councillor-advocates-for-inclusion\/#primaryimage"},"thumbnailUrl":"https:\/\/i0.wp.com\/queervibesmag.com\/wp-content\/uploads\/2024\/06\/652gfd.jpg?fit=1332%2C910&ssl=1","datePublished":"2024-06-02T10:13:30+00:00","dateModified":"2024-06-26T11:29:29+00:00","description":"'We Exist': South Korea's First LGBTQ Councillor Advocates for Inclusion, pushing for anti-discrimination laws and public dialogue on LGBTQ issues.","breadcrumb":{"@id":"https:\/\/queervibesmag.com\/we-exist-south-koreas-first-lgbtq-councillor-advocates-for-inclusion\/#breadcrumb"},"inLanguage":"es","potentialAction":[{"@type":"ReadAction","target":["https:\/\/queervibesmag.com\/we-exist-south-koreas-first-lgbtq-councillor-advocates-for-inclusion\/"]}]},{"@type":"ImageObject","inLanguage":"es","@id":"https:\/\/queervibesmag.com\/we-exist-south-koreas-first-lgbtq-councillor-advocates-for-inclusion\/#primaryimage","url":"https:\/\/i0.wp.com\/queervibesmag.com\/wp-content\/uploads\/2024\/06\/652gfd.jpg?fit=1332%2C910&ssl=1","contentUrl":"https:\/\/i0.wp.com\/queervibesmag.com\/wp-content\/uploads\/2024\/06\/652gfd.jpg?fit=1332%2C910&ssl=1","width":1332,"height":910,"caption":"'We Exist': South Korea's First LGBTQ Councillor Advocates for Inclusion"},{"@type":"BreadcrumbList","@id":"https:\/\/queervibesmag.com\/we-exist-south-koreas-first-lgbtq-councillor-advocates-for-inclusion\/#breadcrumb","itemListElement":[{"@type":"ListItem","position":1,"name":"Home","item":"https:\/\/queervibesmag.com\/"},{"@type":"ListItem","position":2,"name":"&#8216;We Exist&#8217;: South Korea&#8217;s First LGBTQ Councillor Advocates for Inclusion"}]},{"@type":"WebSite","@id":"https:\/\/queervibesmag.com\/#website","url":"https:\/\/queervibesmag.com\/","name":"Queer Vibes Mag","description":"NOTICIAS LGBT EN EL MUNDO","publisher":{"@id":"https:\/\/queervibesmag.com\/#organization"},"potentialAction":[{"@type":"SearchAction","target":{"@type":"EntryPoint","urlTemplate":"https:\/\/queervibesmag.com\/?s={search_term_string}"},"query-input":{"@type":"PropertyValueSpecification","valueRequired":true,"valueName":"search_term_string"}}],"inLanguage":"es"},{"@type":"Organization","@id":"https:\/\/queervibesmag.com\/#organization","name":"Queer Vibes Mag | LGBT NEWS","alternateName":"Queer Vibes Mag | LGBT NEWS","url":"https:\/\/queervibesmag.com\/","logo":{"@type":"ImageObject","inLanguage":"es","@id":"https:\/\/queervibesmag.com\/#\/schema\/logo\/image\/","url":"https:\/\/i0.wp.com\/queervibesmag.com\/wp-content\/uploads\/2023\/09\/cropped-Black_and_White_Modern_Literary_Magazine_Logo__2__-_Copie-removebg-preview.png?fit=200%2C200&ssl=1","contentUrl":"https:\/\/i0.wp.com\/queervibesmag.com\/wp-content\/uploads\/2023\/09\/cropped-Black_and_White_Modern_Literary_Magazine_Logo__2__-_Copie-removebg-preview.png?fit=200%2C200&ssl=1","width":200,"height":200,"caption":"Queer Vibes Mag | LGBT NEWS"},"image":{"@id":"https:\/\/queervibesmag.com\/#\/schema\/logo\/image\/"},"sameAs":["https:\/\/x.com\/queervibesmag"]},{"@type":"Person","@id":"https:\/\/queervibesmag.com\/#\/schema\/person\/9d2589cb12fe07ed1ef0d3c3f9228d52","name":"QueerVibesMag","image":{"@type":"ImageObject","inLanguage":"es","@id":"https:\/\/secure.gravatar.com\/avatar\/0bbb5765594baaa323b58b57926b3d7976708f18854390fef40c88a59647f3b8?s=96&d=mm&r=g","url":"https:\/\/secure.gravatar.com\/avatar\/0bbb5765594baaa323b58b57926b3d7976708f18854390fef40c88a59647f3b8?s=96&d=mm&r=g","contentUrl":"https:\/\/secure.gravatar.com\/avatar\/0bbb5765594baaa323b58b57926b3d7976708f18854390fef40c88a59647f3b8?s=96&d=mm&r=g","caption":"QueerVibesMag"},"sameAs":["https:\/\/queervibesmag.com"],"url":"https:\/\/queervibesmag.com\/es\/author\/admin\/"}]}},"jetpack_featured_media_url":"https:\/\/i0.wp.com\/queervibesmag.com\/wp-content\/uploads\/2024\/06\/652gfd.jpg?fit=1332%2C910&ssl=1","jetpack_sharing_enabled":true,"jetpack-related-posts":[{"id":1843,"url":"https:\/\/queervibesmag.com\/es\/lgbt-representation-super-tuesday-elections\/","url_meta":{"origin":2555,"position":0},"title":"La representaci\u00f3n LGBTQ+ se dispara en las elecciones del Supermartes","author":"QueerVibesMag","date":"marzo 9, 2024","format":false,"excerpt":"LGBT Representation Super Tuesday Elections Historical Victories for Queer Candidates Across the U.S. The recent Super Tuesday elections marked a significant triumph for the LGBTQ+ community as a diverse array of queer candidates were voted into potential leadership positions. From the south of Texas to the northern reaches of Vermont,\u2026","rel":"","context":"En \u00abLGBT POLITICAL NEWS\u00bb","block_context":{"text":"LGBT POLITICAL NEWS","link":"https:\/\/queervibesmag.com\/es\/category\/lgbt-political-news\/"},"img":{"alt_text":"LGBT Representation Super Tuesday Elections","src":"https:\/\/i0.wp.com\/queervibesmag.com\/wp-content\/uploads\/2024\/03\/4655464.jpg?fit=762%2C469&ssl=1&resize=350%2C200","width":350,"height":200,"srcset":"https:\/\/i0.wp.com\/queervibesmag.com\/wp-content\/uploads\/2024\/03\/4655464.jpg?fit=762%2C469&ssl=1&resize=350%2C200 1x, https:\/\/i0.wp.com\/queervibesmag.com\/wp-content\/uploads\/2024\/03\/4655464.jpg?fit=762%2C469&ssl=1&resize=525%2C300 1.5x, https:\/\/i0.wp.com\/queervibesmag.com\/wp-content\/uploads\/2024\/03\/4655464.jpg?fit=762%2C469&ssl=1&resize=700%2C400 2x"},"classes":[]},{"id":145,"url":"https:\/\/queervibesmag.com\/es\/south-korea-lesbian-couple-welcomes-a-child-in-historic-first\/","url_meta":{"origin":2555,"position":1},"title":"Corea del Sur : una pareja de lesbianas da la bienvenida a un ni\u00f1o en un hecho hist\u00f3rico","author":"QueerVibesMag","date":"septiembre 9, 2023","format":false,"excerpt":"South Korea : Lesbian couple welcomes a child in historic first Kim Kyu-jin and Kim Sae-yeon have become the proud parents of their daughter Rani, marking a historic milestone for South Korea's LGBTQ+ community. In South Korea, a lesbian couple has celebrated the birth of their first child through IVF,\u2026","rel":"","context":"En \u00abLGBT FAMILY NEWS\u00bb","block_context":{"text":"LGBT FAMILY NEWS","link":"https:\/\/queervibesmag.com\/es\/category\/lgbt-family-news\/"},"img":{"alt_text":"","src":"https:\/\/i0.wp.com\/queervibesmag.com\/wp-content\/uploads\/2023\/09\/gabby-orcutt-kPtrg4Z6jZ0-unsplash-scaled.jpg?fit=1200%2C800&ssl=1&resize=350%2C200","width":350,"height":200,"srcset":"https:\/\/i0.wp.com\/queervibesmag.com\/wp-content\/uploads\/2023\/09\/gabby-orcutt-kPtrg4Z6jZ0-unsplash-scaled.jpg?fit=1200%2C800&ssl=1&resize=350%2C200 1x, https:\/\/i0.wp.com\/queervibesmag.com\/wp-content\/uploads\/2023\/09\/gabby-orcutt-kPtrg4Z6jZ0-unsplash-scaled.jpg?fit=1200%2C800&ssl=1&resize=525%2C300 1.5x, https:\/\/i0.wp.com\/queervibesmag.com\/wp-content\/uploads\/2023\/09\/gabby-orcutt-kPtrg4Z6jZ0-unsplash-scaled.jpg?fit=1200%2C800&ssl=1&resize=700%2C400 2x, https:\/\/i0.wp.com\/queervibesmag.com\/wp-content\/uploads\/2023\/09\/gabby-orcutt-kPtrg4Z6jZ0-unsplash-scaled.jpg?fit=1200%2C800&ssl=1&resize=1050%2C600 3x"},"classes":[]},{"id":2765,"url":"https:\/\/queervibesmag.com\/es\/breakthroughs-and-challenges-taiwans-gay-politicians\/","url_meta":{"origin":2555,"position":2},"title":"Breakthroughs and Challenges : Taiwan\u2019s Gay Politicians","author":"QueerVibesMag","date":"junio 26, 2024","format":false,"excerpt":"Breakthroughs and Challenges : Taiwan\u2019s Gay Politicians A New Milestone in Taiwanese Politics Huang Jie, a remarkable figure in Taiwanese politics, has made history with her vibrant pink hair highlights and love for cosplay. Known for her passionate speeches and progressive viewpoints, the 31-year-old became Taiwan\u2019s first openly gay legislator\u2026","rel":"","context":"En \u00abLGBT NEWS ASIA\u00bb","block_context":{"text":"LGBT NEWS ASIA","link":"https:\/\/queervibesmag.com\/es\/category\/lgbt-news-asia\/"},"img":{"alt_text":"Breakthroughs and Challenges Taiwan\u2019s Gay Politicians","src":"https:\/\/i0.wp.com\/queervibesmag.com\/wp-content\/uploads\/2024\/06\/5k.jpg?fit=1043%2C585&ssl=1&resize=350%2C200","width":350,"height":200,"srcset":"https:\/\/i0.wp.com\/queervibesmag.com\/wp-content\/uploads\/2024\/06\/5k.jpg?fit=1043%2C585&ssl=1&resize=350%2C200 1x, https:\/\/i0.wp.com\/queervibesmag.com\/wp-content\/uploads\/2024\/06\/5k.jpg?fit=1043%2C585&ssl=1&resize=525%2C300 1.5x, https:\/\/i0.wp.com\/queervibesmag.com\/wp-content\/uploads\/2024\/06\/5k.jpg?fit=1043%2C585&ssl=1&resize=700%2C400 2x"},"classes":[]},{"id":2949,"url":"https:\/\/queervibesmag.com\/es\/kamala-harris-lgbtq-rights-advocate\/","url_meta":{"origin":2555,"position":3},"title":"Kamala Harris: A Devoted Advocate for LGBTQ+ Rights","author":"QueerVibesMag","date":"julio 23, 2024","format":false,"excerpt":"Kamala Harris: A Devoted Advocate for LGBTQ+ Rights A Candidate Supported by the LGBTQ+ Community Kamala Harris, seen as the likely Democratic presidential candidate following Joe Biden's withdrawal, is perceived as the most pro-LGBTQ+ political figure to aspire to the U.S. presidency. Despite some criticism from LGBTQ+ community members regarding\u2026","rel":"","context":"En \u00abLGBT POLITICAL NEWS\u00bb","block_context":{"text":"LGBT POLITICAL NEWS","link":"https:\/\/queervibesmag.com\/es\/category\/lgbt-political-news\/"},"img":{"alt_text":"Kamala Harris LGBTQ+ Rights Advocate","src":"https:\/\/i0.wp.com\/queervibesmag.com\/wp-content\/uploads\/2024\/07\/Kamala-Harris-A-Devoted-Advocate-for-LGBTQ-Rights.jpg?fit=1200%2C657&ssl=1&resize=350%2C200","width":350,"height":200,"srcset":"https:\/\/i0.wp.com\/queervibesmag.com\/wp-content\/uploads\/2024\/07\/Kamala-Harris-A-Devoted-Advocate-for-LGBTQ-Rights.jpg?fit=1200%2C657&ssl=1&resize=350%2C200 1x, https:\/\/i0.wp.com\/queervibesmag.com\/wp-content\/uploads\/2024\/07\/Kamala-Harris-A-Devoted-Advocate-for-LGBTQ-Rights.jpg?fit=1200%2C657&ssl=1&resize=525%2C300 1.5x, https:\/\/i0.wp.com\/queervibesmag.com\/wp-content\/uploads\/2024\/07\/Kamala-Harris-A-Devoted-Advocate-for-LGBTQ-Rights.jpg?fit=1200%2C657&ssl=1&resize=700%2C400 2x, https:\/\/i0.wp.com\/queervibesmag.com\/wp-content\/uploads\/2024\/07\/Kamala-Harris-A-Devoted-Advocate-for-LGBTQ-Rights.jpg?fit=1200%2C657&ssl=1&resize=1050%2C600 3x"},"classes":[]},{"id":4905,"url":"https:\/\/queervibesmag.com\/es\/record-turnout-for-the-lgbt-pride-march-in-seoul\/","url_meta":{"origin":2555,"position":4},"title":"Record Turnout for the LGBT+ Pride March in Seoul","author":"QueerVibesMag","date":"junio 17, 2025","format":false,"excerpt":"Record Attendance at Seoul Pride March A demonstration marked by massive mobilization and unprecedented institutional support Tens of thousands of people took part in the 26th edition of the LGBT+ Pride March in Seoul, South Korea, on Saturday, June 14. For the first time, a government agency \u2014 the Korea\u2026","rel":"","context":"En \u00abLGBTQ WORLD EVENTS\u00bb","block_context":{"text":"LGBTQ WORLD EVENTS","link":"https:\/\/queervibesmag.com\/es\/category\/lgbtq-world-events\/"},"img":{"alt_text":"Record Turnout for the LGBT+ Pride March in Seoul","src":"https:\/\/i0.wp.com\/queervibesmag.com\/wp-content\/uploads\/2025\/06\/Record-Turnout-for-the-LGBT-Pride-March-in-Seoul.jpg?fit=1000%2C673&ssl=1&resize=350%2C200","width":350,"height":200,"srcset":"https:\/\/i0.wp.com\/queervibesmag.com\/wp-content\/uploads\/2025\/06\/Record-Turnout-for-the-LGBT-Pride-March-in-Seoul.jpg?fit=1000%2C673&ssl=1&resize=350%2C200 1x, https:\/\/i0.wp.com\/queervibesmag.com\/wp-content\/uploads\/2025\/06\/Record-Turnout-for-the-LGBT-Pride-March-in-Seoul.jpg?fit=1000%2C673&ssl=1&resize=525%2C300 1.5x, https:\/\/i0.wp.com\/queervibesmag.com\/wp-content\/uploads\/2025\/06\/Record-Turnout-for-the-LGBT-Pride-March-in-Seoul.jpg?fit=1000%2C673&ssl=1&resize=700%2C400 2x"},"classes":[]},{"id":3597,"url":"https:\/\/queervibesmag.com\/es\/first-trans-candidates-nepal-election\/","url_meta":{"origin":2555,"position":5},"title":"Nepal\u2019s First Openly Transgender Candidates Make History","author":"QueerVibesMag","date":"diciembre 3, 2024","format":false,"excerpt":"Nepal\u2019s First Openly Transgender Candidates Make History For the first time, two openly transgender candidates are running for office in Nepal, a country known for progressive LGBTQ+ rights yet lacking LGBTQ+ political representation since 2008. Honey Maharjan, 44, is campaigning to become mayor of Kirtipur, aiming to inspire the queer\u2026","rel":"","context":"En \u00abLGBT POLITICAL NEWS\u00bb","block_context":{"text":"LGBT POLITICAL NEWS","link":"https:\/\/queervibesmag.com\/es\/category\/lgbt-political-news\/"},"img":{"alt_text":"Nepal\u2019s First Openly Transgender Candidates Make History","src":"https:\/\/i0.wp.com\/queervibesmag.com\/wp-content\/uploads\/2024\/12\/First-Openly-Trans-Candidates-Run-for-Office-in-Nepal.jpg?fit=1200%2C708&ssl=1&resize=350%2C200","width":350,"height":200,"srcset":"https:\/\/i0.wp.com\/queervibesmag.com\/wp-content\/uploads\/2024\/12\/First-Openly-Trans-Candidates-Run-for-Office-in-Nepal.jpg?fit=1200%2C708&ssl=1&resize=350%2C200 1x, https:\/\/i0.wp.com\/queervibesmag.com\/wp-content\/uploads\/2024\/12\/First-Openly-Trans-Candidates-Run-for-Office-in-Nepal.jpg?fit=1200%2C708&ssl=1&resize=525%2C300 1.5x, https:\/\/i0.wp.com\/queervibesmag.com\/wp-content\/uploads\/2024\/12\/First-Openly-Trans-Candidates-Run-for-Office-in-Nepal.jpg?fit=1200%2C708&ssl=1&resize=700%2C400 2x, https:\/\/i0.wp.com\/queervibesmag.com\/wp-content\/uploads\/2024\/12\/First-Openly-Trans-Candidates-Run-for-Office-in-Nepal.jpg?fit=1200%2C708&ssl=1&resize=1050%2C600 3x"},"classes":[]}],"_links":{"self":[{"href":"https:\/\/queervibesmag.com\/es\/wp-json\/wp\/v2\/posts\/2555","targetHints":{"allow":["GET"]}}],"collection":[{"href":"https:\/\/queervibesmag.com\/es\/wp-json\/wp\/v2\/posts"}],"about":[{"href":"https:\/\/queervibesmag.com\/es\/wp-json\/wp\/v2\/types\/post"}],"author":[{"embeddable":true,"href":"https:\/\/queervibesmag.com\/es\/wp-json\/wp\/v2\/users\/1"}],"replies":[{"embeddable":true,"href":"https:\/\/queervibesmag.com\/es\/wp-json\/wp\/v2\/comments?post=2555"}],"version-history":[{"count":1,"href":"https:\/\/queervibesmag.com\/es\/wp-json\/wp\/v2\/posts\/2555\/revisions"}],"predecessor-version":[{"id":2557,"href":"https:\/\/queervibesmag.com\/es\/wp-json\/wp\/v2\/posts\/2555\/revisions\/2557"}],"wp:featuredmedia":[{"embeddable":true,"href":"https:\/\/queervibesmag.com\/es\/wp-json\/wp\/v2\/media\/2556"}],"wp:attachment":[{"href":"https:\/\/queervibesmag.com\/es\/wp-json\/wp\/v2\/media?parent=2555"}],"wp:term":[{"taxonomy":"category","embeddable":true,"href":"https:\/\/queervibesmag.com\/es\/wp-json\/wp\/v2\/categories?post=2555"},{"taxonomy":"post_tag","embeddable":true,"href":"https:\/\/queervibesmag.com\/es\/wp-json\/wp\/v2\/tags?post=2555"}],"curies":[{"name":"wp","href":"https:\/\/api.w.org\/{rel}","templated":true}]}}