{"id":2834,"date":"2024-07-02T16:08:10","date_gmt":"2024-07-02T16:08:10","guid":{"rendered":"https:\/\/queervibesmag.com\/?p=2834"},"modified":"2024-07-02T16:08:12","modified_gmt":"2024-07-02T16:08:12","slug":"biden-and-elton-john-celebrate-the-lgbtq-movement-in-new-york","status":"publish","type":"post","link":"https:\/\/queervibesmag.com\/es\/biden-and-elton-john-celebrate-the-lgbtq-movement-in-new-york\/","title":{"rendered":"Biden y Elton John celebran el movimiento LGBTQ+ en Nueva York"},"content":{"rendered":"<p><strong>Biden y Elton John celebran el movimiento LGBTQ+ en Nueva York<\/strong><\/p>\n\n\n\n<h2 class=\"wp-block-heading\">Conmemoraci\u00f3n de los disturbios de Stonewall<\/h2>\n\n\n\n<p>Joe Biden, acompa\u00f1ado por la leyenda de la m\u00fasica Elton John, honr\u00f3 el viernes la inauguraci\u00f3n de un sitio hist\u00f3rico en Nueva York dedicado a los disturbios de Stonewall de 1969, un acontecimiento significativo para el movimiento LGBTQ+. Este lugar conmemorativo rinde homenaje a quienes, en la noche del 27 al 28 de junio de 1969, se rebelaron contra una redada policial en el Stonewall Inn, un bar gay situado en Greenwich Village.<\/p>\n\n\n\n<h2 class=\"wp-block-heading\">Un Presidente relajado e inspirado<\/h2>\n\n\n\n<p>El d\u00eda despu\u00e9s de un desafiante debate televisado con Donald Trump, el Presidente Joe Biden apareci\u00f3 m\u00e1s relajado y en\u00e9rgico al saludar la memoria de los activistas de Stonewall. Afirm\u00f3: \"Ustedes marcaron un punto de inflexi\u00f3n para los derechos civiles en Estados Unidos e inspiraron a millones de personas en todo el mundo. Hoy, Stonewall sigue siendo un s\u00edmbolo de herencia y liderazgo para la comunidad LGBTQ+, especialmente para las mujeres transg\u00e9nero de color.\"<\/p>\n\n\n\n<p>Tambi\u00e9n a\u00f1adi\u00f3: \"Seguimos luchando por el alma de Estados Unidos\", antes de invitar a Elton John a subir al escenario.<\/p>\n\n\n\n<h2 class=\"wp-block-heading\">Un lugar de memoria y lucha<\/h2>\n\n\n\n<p>Los disturbios de Stonewall, que duraron seis noches, se consideran el punto de partida del movimiento moderno por los derechos de los homosexuales, dando origen a los primeros actos del \"Orgullo Gay\". En la actualidad, el Stonewall Inn sigue en pie y fue designado monumento nacional por Barack Obama en 2016. Desde el viernes, se ha a\u00f1adido un museo gratuito que permite a los visitantes explorar la historia y el legado del lugar.<\/p>\n\n\n\n<p>Mark Segal, uno de los participantes en los disturbios, expres\u00f3 su emoci\u00f3n: \"Igual que los estadounidenses pueden visitar el Independence Hall y la Campana de la Libertad en Filadelfia, o la Estatua de la Libertad, ahora podemos honrar un lugar donde empezamos a luchar por nuestra libertad, nuestros derechos y nuestra igualdad\".<\/p>\n\n\n\n<hr class=\"wp-block-separator has-alpha-channel-opacity\"\/>\n\n\n\n<p><strong>Lea tambi\u00e9n :<\/strong> <a href=\"https:\/\/queervibesmag.com\/es\/biden-campaign-kicks-off-pride-month-with-lgbtq-support-initiative\/\">La campa\u00f1a de Biden inicia el Mes del Orgullo con una iniciativa de apoyo al colectivo LGBTQ<\/a><\/p>\n\n\n\n<hr class=\"wp-block-separator has-alpha-channel-opacity\"\/>\n\n\n\n<h2 class=\"wp-block-heading\">Una primicia hist\u00f3rica para los Parques Nacionales<\/h2>\n\n\n\n<p>Es la primera vez en Estados Unidos que un sitio gestionado por el Servicio de Parques Nacionales se dedica a la comunidad LGBTQ+. Elton John, icono de este movimiento, subray\u00f3 que \"el trabajo no ha terminado\" frente a la continua represi\u00f3n de la homosexualidad en muchos pa\u00edses.<\/p>\n\n\n\n<h2 class=\"wp-block-heading\">Actuaci\u00f3n de Elton John<\/h2>\n\n\n\n<p>A sus 77 a\u00f1os, Elton John, que se retir\u00f3 oficialmente de la actuaci\u00f3n en 2023 tras una gira triunfal, ofreci\u00f3 un minirrecital a los invitados. Interpret\u00f3 tres canciones, entre ellas \"I'm Still Standing\" y \"Don't Let the Sun Go Down on Me\", que dedic\u00f3 a su amigo Larry Kramer, cofundador de la organizaci\u00f3n Act Up, fallecido en 2020, as\u00ed como a \"todas las personas LGBTQ+ que nos precedieron y allanaron el camino para que hoy estemos donde estamos.\"<\/p>\n\n\n\n<p><\/p>\n\n\n\n<p><\/p>\n\n\n\n<figure class=\"wp-block-embed is-type-video is-provider-youtube wp-block-embed-youtube wp-embed-aspect-16-9 wp-has-aspect-ratio\"><div class=\"wp-block-embed__wrapper\">\n<iframe title=\"President Biden, Elton John speak at Stonewall National Monument Visitor Center unveiling\" width=\"500\" height=\"281\" src=\"https:\/\/www.youtube.com\/embed\/Jk6PhWWJhzQ?feature=oembed\" frameborder=\"0\" allow=\"accelerometer; autoplay; clipboard-write; encrypted-media; gyroscope; picture-in-picture; web-share\" referrerpolicy=\"strict-origin-when-cross-origin\" allowfullscreen><\/iframe>\n<\/div><\/figure>\n\n\n\n<p><a href=\"https:\/\/www.fugues.com\/2024\/06\/30\/biden-sur-scene-avec-elton-john-pour-celebrer-le-mouvement-lgbtq\/\">Fuente<\/a><\/p>","protected":false},"excerpt":{"rendered":"<p>Biden and Elton John Celebrate the LGBTQ+ Movement in New York Commemorating the Stonewall Riots Joe Biden, accompanied by music legend Elton John, honored the inauguration of a historic site in New York on Friday dedicated to the 1969 Stonewall Riots, a significant event for the LGBTQ+ movement. This commemorative site pays tribute to those&#8230;<\/p>","protected":false},"author":1,"featured_media":2835,"comment_status":"open","ping_status":"open","sticky":false,"template":"","format":"standard","meta":{"_jetpack_memberships_contains_paid_content":false,"footnotes":""},"categories":[9,11,78],"tags":[],"class_list":["post-2834","post","type-post","status-publish","format-standard","has-post-thumbnail","hentry","category-lgbt-political-news","category-lgbtq-celebrity-news","category-us-lgbt-news"],"yoast_head":"<!-- This site is optimized with the Yoast SEO plugin v27.5 - https:\/\/yoast.com\/product\/yoast-seo-wordpress\/ -->\n<title>Biden and Elton John Celebrate the LGBTQ+ Movement in New York<\/title>\n<meta name=\"description\" content=\"Biden and Elton John in new york honor the LGBTQ+ movement at the Stonewall Inn, celebrating its legacy and the 1969 riots&#039; impact on civil rights in America.\" \/>\n<meta name=\"robots\" content=\"index, follow, max-snippet:-1, max-image-preview:large, max-video-preview:-1\" \/>\n<link rel=\"canonical\" href=\"https:\/\/queervibesmag.com\/es\/biden-and-elton-john-celebrate-the-lgbtq-movement-in-new-york\/\" \/>\n<meta property=\"og:locale\" content=\"es_ES\" \/>\n<meta property=\"og:type\" content=\"article\" \/>\n<meta property=\"og:title\" content=\"Biden and Elton John Celebrate the LGBTQ+ Movement in New York\" \/>\n<meta property=\"og:description\" content=\"Biden and Elton John in new york honor the LGBTQ+ movement at the Stonewall Inn, celebrating its legacy and the 1969 riots&#039; impact on civil rights in America.\" \/>\n<meta property=\"og:url\" content=\"https:\/\/queervibesmag.com\/es\/biden-and-elton-john-celebrate-the-lgbtq-movement-in-new-york\/\" \/>\n<meta property=\"og:site_name\" content=\"Queer Vibes Mag\" \/>\n<meta property=\"article:published_time\" content=\"2024-07-02T16:08:10+00:00\" \/>\n<meta property=\"article:modified_time\" content=\"2024-07-02T16:08:12+00:00\" \/>\n<meta property=\"og:image\" content=\"https:\/\/queervibesmag.com\/wp-content\/uploads\/2024\/07\/5h.jpg\" \/>\n\t<meta property=\"og:image:width\" content=\"1772\" \/>\n\t<meta property=\"og:image:height\" content=\"800\" \/>\n\t<meta property=\"og:image:type\" content=\"image\/jpeg\" \/>\n<meta name=\"author\" content=\"QueerVibesMag\" \/>\n<meta name=\"twitter:card\" content=\"summary_large_image\" \/>\n<meta name=\"twitter:creator\" content=\"@queervibesmag\" \/>\n<meta name=\"twitter:site\" content=\"@queervibesmag\" \/>\n<meta name=\"twitter:label1\" content=\"Escrito por\" \/>\n\t<meta name=\"twitter:data1\" content=\"QueerVibesMag\" \/>\n\t<meta name=\"twitter:label2\" content=\"Tiempo de lectura\" \/>\n\t<meta name=\"twitter:data2\" content=\"3 minutos\" \/>\n<script type=\"application\/ld+json\" class=\"yoast-schema-graph\">{\"@context\":\"https:\\\/\\\/schema.org\",\"@graph\":[{\"@type\":\"Article\",\"@id\":\"https:\\\/\\\/queervibesmag.com\\\/biden-and-elton-john-celebrate-the-lgbtq-movement-in-new-york\\\/#article\",\"isPartOf\":{\"@id\":\"https:\\\/\\\/queervibesmag.com\\\/biden-and-elton-john-celebrate-the-lgbtq-movement-in-new-york\\\/\"},\"author\":{\"name\":\"QueerVibesMag\",\"@id\":\"https:\\\/\\\/queervibesmag.com\\\/#\\\/schema\\\/person\\\/9d2589cb12fe07ed1ef0d3c3f9228d52\"},\"headline\":\"Biden and Elton John Celebrate the LGBTQ+ Movement in New York\",\"datePublished\":\"2024-07-02T16:08:10+00:00\",\"dateModified\":\"2024-07-02T16:08:12+00:00\",\"mainEntityOfPage\":{\"@id\":\"https:\\\/\\\/queervibesmag.com\\\/biden-and-elton-john-celebrate-the-lgbtq-movement-in-new-york\\\/\"},\"wordCount\":454,\"commentCount\":0,\"publisher\":{\"@id\":\"https:\\\/\\\/queervibesmag.com\\\/#organization\"},\"image\":{\"@id\":\"https:\\\/\\\/queervibesmag.com\\\/biden-and-elton-john-celebrate-the-lgbtq-movement-in-new-york\\\/#primaryimage\"},\"thumbnailUrl\":\"https:\\\/\\\/i0.wp.com\\\/queervibesmag.com\\\/wp-content\\\/uploads\\\/2024\\\/07\\\/5h.jpg?fit=1772%2C800&ssl=1\",\"articleSection\":[\"LGBT POLITICAL NEWS\",\"LGBTQ CELEBRITY NEWS\",\"US LGBT NEWS\"],\"inLanguage\":\"es\",\"potentialAction\":[{\"@type\":\"CommentAction\",\"name\":\"Comment\",\"target\":[\"https:\\\/\\\/queervibesmag.com\\\/biden-and-elton-john-celebrate-the-lgbtq-movement-in-new-york\\\/#respond\"]}]},{\"@type\":\"WebPage\",\"@id\":\"https:\\\/\\\/queervibesmag.com\\\/biden-and-elton-john-celebrate-the-lgbtq-movement-in-new-york\\\/\",\"url\":\"https:\\\/\\\/queervibesmag.com\\\/biden-and-elton-john-celebrate-the-lgbtq-movement-in-new-york\\\/\",\"name\":\"Biden and Elton John Celebrate the LGBTQ+ Movement in New York\",\"isPartOf\":{\"@id\":\"https:\\\/\\\/queervibesmag.com\\\/#website\"},\"primaryImageOfPage\":{\"@id\":\"https:\\\/\\\/queervibesmag.com\\\/biden-and-elton-john-celebrate-the-lgbtq-movement-in-new-york\\\/#primaryimage\"},\"image\":{\"@id\":\"https:\\\/\\\/queervibesmag.com\\\/biden-and-elton-john-celebrate-the-lgbtq-movement-in-new-york\\\/#primaryimage\"},\"thumbnailUrl\":\"https:\\\/\\\/i0.wp.com\\\/queervibesmag.com\\\/wp-content\\\/uploads\\\/2024\\\/07\\\/5h.jpg?fit=1772%2C800&ssl=1\",\"datePublished\":\"2024-07-02T16:08:10+00:00\",\"dateModified\":\"2024-07-02T16:08:12+00:00\",\"description\":\"Biden and Elton John in new york honor the LGBTQ+ movement at the Stonewall Inn, celebrating its legacy and the 1969 riots' impact on civil rights in America.\",\"breadcrumb\":{\"@id\":\"https:\\\/\\\/queervibesmag.com\\\/biden-and-elton-john-celebrate-the-lgbtq-movement-in-new-york\\\/#breadcrumb\"},\"inLanguage\":\"es\",\"potentialAction\":[{\"@type\":\"ReadAction\",\"target\":[\"https:\\\/\\\/queervibesmag.com\\\/biden-and-elton-john-celebrate-the-lgbtq-movement-in-new-york\\\/\"]}]},{\"@type\":\"ImageObject\",\"inLanguage\":\"es\",\"@id\":\"https:\\\/\\\/queervibesmag.com\\\/biden-and-elton-john-celebrate-the-lgbtq-movement-in-new-york\\\/#primaryimage\",\"url\":\"https:\\\/\\\/i0.wp.com\\\/queervibesmag.com\\\/wp-content\\\/uploads\\\/2024\\\/07\\\/5h.jpg?fit=1772%2C800&ssl=1\",\"contentUrl\":\"https:\\\/\\\/i0.wp.com\\\/queervibesmag.com\\\/wp-content\\\/uploads\\\/2024\\\/07\\\/5h.jpg?fit=1772%2C800&ssl=1\",\"width\":1772,\"height\":800,\"caption\":\"Biden and Elton John new york\"},{\"@type\":\"BreadcrumbList\",\"@id\":\"https:\\\/\\\/queervibesmag.com\\\/biden-and-elton-john-celebrate-the-lgbtq-movement-in-new-york\\\/#breadcrumb\",\"itemListElement\":[{\"@type\":\"ListItem\",\"position\":1,\"name\":\"Home\",\"item\":\"https:\\\/\\\/queervibesmag.com\\\/\"},{\"@type\":\"ListItem\",\"position\":2,\"name\":\"Biden and Elton John Celebrate the LGBTQ+ Movement in New York\"}]},{\"@type\":\"WebSite\",\"@id\":\"https:\\\/\\\/queervibesmag.com\\\/#website\",\"url\":\"https:\\\/\\\/queervibesmag.com\\\/\",\"name\":\"Queer Vibes Mag\",\"description\":\"WORLD WIDE LGBTQ NEWS\",\"publisher\":{\"@id\":\"https:\\\/\\\/queervibesmag.com\\\/#organization\"},\"potentialAction\":[{\"@type\":\"SearchAction\",\"target\":{\"@type\":\"EntryPoint\",\"urlTemplate\":\"https:\\\/\\\/queervibesmag.com\\\/?s={search_term_string}\"},\"query-input\":{\"@type\":\"PropertyValueSpecification\",\"valueRequired\":true,\"valueName\":\"search_term_string\"}}],\"inLanguage\":\"es\"},{\"@type\":\"Organization\",\"@id\":\"https:\\\/\\\/queervibesmag.com\\\/#organization\",\"name\":\"Queer Vibes Mag | LGBT NEWS\",\"alternateName\":\"Queer Vibes Mag | LGBT NEWS\",\"url\":\"https:\\\/\\\/queervibesmag.com\\\/\",\"logo\":{\"@type\":\"ImageObject\",\"inLanguage\":\"es\",\"@id\":\"https:\\\/\\\/queervibesmag.com\\\/#\\\/schema\\\/logo\\\/image\\\/\",\"url\":\"https:\\\/\\\/i0.wp.com\\\/queervibesmag.com\\\/wp-content\\\/uploads\\\/2023\\\/09\\\/cropped-Black_and_White_Modern_Literary_Magazine_Logo__2__-_Copie-removebg-preview.png?fit=200%2C200&ssl=1\",\"contentUrl\":\"https:\\\/\\\/i0.wp.com\\\/queervibesmag.com\\\/wp-content\\\/uploads\\\/2023\\\/09\\\/cropped-Black_and_White_Modern_Literary_Magazine_Logo__2__-_Copie-removebg-preview.png?fit=200%2C200&ssl=1\",\"width\":200,\"height\":200,\"caption\":\"Queer Vibes Mag | LGBT NEWS\"},\"image\":{\"@id\":\"https:\\\/\\\/queervibesmag.com\\\/#\\\/schema\\\/logo\\\/image\\\/\"},\"sameAs\":[\"https:\\\/\\\/x.com\\\/queervibesmag\"]},{\"@type\":\"Person\",\"@id\":\"https:\\\/\\\/queervibesmag.com\\\/#\\\/schema\\\/person\\\/9d2589cb12fe07ed1ef0d3c3f9228d52\",\"name\":\"QueerVibesMag\",\"image\":{\"@type\":\"ImageObject\",\"inLanguage\":\"es\",\"@id\":\"https:\\\/\\\/secure.gravatar.com\\\/avatar\\\/0bbb5765594baaa323b58b57926b3d7976708f18854390fef40c88a59647f3b8?s=96&d=mm&r=g\",\"url\":\"https:\\\/\\\/secure.gravatar.com\\\/avatar\\\/0bbb5765594baaa323b58b57926b3d7976708f18854390fef40c88a59647f3b8?s=96&d=mm&r=g\",\"contentUrl\":\"https:\\\/\\\/secure.gravatar.com\\\/avatar\\\/0bbb5765594baaa323b58b57926b3d7976708f18854390fef40c88a59647f3b8?s=96&d=mm&r=g\",\"caption\":\"QueerVibesMag\"},\"sameAs\":[\"https:\\\/\\\/queervibesmag.com\"],\"url\":\"https:\\\/\\\/queervibesmag.com\\\/es\\\/author\\\/admin\\\/\"}]}<\/script>\n<!-- \/ Yoast SEO plugin. -->","yoast_head_json":{"title":"Biden y Elton John celebran el movimiento LGBTQ+ en Nueva York","description":"Biden and Elton John in new york honor the LGBTQ+ movement at the Stonewall Inn, celebrating its legacy and the 1969 riots' impact on civil rights in America.","robots":{"index":"index","follow":"follow","max-snippet":"max-snippet:-1","max-image-preview":"max-image-preview:large","max-video-preview":"max-video-preview:-1"},"canonical":"https:\/\/queervibesmag.com\/es\/biden-and-elton-john-celebrate-the-lgbtq-movement-in-new-york\/","og_locale":"es_ES","og_type":"article","og_title":"Biden and Elton John Celebrate the LGBTQ+ Movement in New York","og_description":"Biden and Elton John in new york honor the LGBTQ+ movement at the Stonewall Inn, celebrating its legacy and the 1969 riots' impact on civil rights in America.","og_url":"https:\/\/queervibesmag.com\/es\/biden-and-elton-john-celebrate-the-lgbtq-movement-in-new-york\/","og_site_name":"Queer Vibes Mag","article_published_time":"2024-07-02T16:08:10+00:00","article_modified_time":"2024-07-02T16:08:12+00:00","og_image":[{"width":1772,"height":800,"url":"https:\/\/queervibesmag.com\/wp-content\/uploads\/2024\/07\/5h.jpg","type":"image\/jpeg"}],"author":"QueerVibesMag","twitter_card":"summary_large_image","twitter_creator":"@queervibesmag","twitter_site":"@queervibesmag","twitter_misc":{"Escrito por":"QueerVibesMag","Tiempo de lectura":"3 minutos"},"schema":{"@context":"https:\/\/schema.org","@graph":[{"@type":"Article","@id":"https:\/\/queervibesmag.com\/biden-and-elton-john-celebrate-the-lgbtq-movement-in-new-york\/#article","isPartOf":{"@id":"https:\/\/queervibesmag.com\/biden-and-elton-john-celebrate-the-lgbtq-movement-in-new-york\/"},"author":{"name":"QueerVibesMag","@id":"https:\/\/queervibesmag.com\/#\/schema\/person\/9d2589cb12fe07ed1ef0d3c3f9228d52"},"headline":"Biden and Elton John Celebrate the LGBTQ+ Movement in New York","datePublished":"2024-07-02T16:08:10+00:00","dateModified":"2024-07-02T16:08:12+00:00","mainEntityOfPage":{"@id":"https:\/\/queervibesmag.com\/biden-and-elton-john-celebrate-the-lgbtq-movement-in-new-york\/"},"wordCount":454,"commentCount":0,"publisher":{"@id":"https:\/\/queervibesmag.com\/#organization"},"image":{"@id":"https:\/\/queervibesmag.com\/biden-and-elton-john-celebrate-the-lgbtq-movement-in-new-york\/#primaryimage"},"thumbnailUrl":"https:\/\/i0.wp.com\/queervibesmag.com\/wp-content\/uploads\/2024\/07\/5h.jpg?fit=1772%2C800&ssl=1","articleSection":["LGBT POLITICAL NEWS","LGBTQ CELEBRITY NEWS","US LGBT NEWS"],"inLanguage":"es","potentialAction":[{"@type":"CommentAction","name":"Comment","target":["https:\/\/queervibesmag.com\/biden-and-elton-john-celebrate-the-lgbtq-movement-in-new-york\/#respond"]}]},{"@type":"WebPage","@id":"https:\/\/queervibesmag.com\/biden-and-elton-john-celebrate-the-lgbtq-movement-in-new-york\/","url":"https:\/\/queervibesmag.com\/biden-and-elton-john-celebrate-the-lgbtq-movement-in-new-york\/","name":"Biden y Elton John celebran el movimiento LGBTQ+ en Nueva York","isPartOf":{"@id":"https:\/\/queervibesmag.com\/#website"},"primaryImageOfPage":{"@id":"https:\/\/queervibesmag.com\/biden-and-elton-john-celebrate-the-lgbtq-movement-in-new-york\/#primaryimage"},"image":{"@id":"https:\/\/queervibesmag.com\/biden-and-elton-john-celebrate-the-lgbtq-movement-in-new-york\/#primaryimage"},"thumbnailUrl":"https:\/\/i0.wp.com\/queervibesmag.com\/wp-content\/uploads\/2024\/07\/5h.jpg?fit=1772%2C800&ssl=1","datePublished":"2024-07-02T16:08:10+00:00","dateModified":"2024-07-02T16:08:12+00:00","description":"Biden and Elton John in new york honor the LGBTQ+ movement at the Stonewall Inn, celebrating its legacy and the 1969 riots' impact on civil rights in America.","breadcrumb":{"@id":"https:\/\/queervibesmag.com\/biden-and-elton-john-celebrate-the-lgbtq-movement-in-new-york\/#breadcrumb"},"inLanguage":"es","potentialAction":[{"@type":"ReadAction","target":["https:\/\/queervibesmag.com\/biden-and-elton-john-celebrate-the-lgbtq-movement-in-new-york\/"]}]},{"@type":"ImageObject","inLanguage":"es","@id":"https:\/\/queervibesmag.com\/biden-and-elton-john-celebrate-the-lgbtq-movement-in-new-york\/#primaryimage","url":"https:\/\/i0.wp.com\/queervibesmag.com\/wp-content\/uploads\/2024\/07\/5h.jpg?fit=1772%2C800&ssl=1","contentUrl":"https:\/\/i0.wp.com\/queervibesmag.com\/wp-content\/uploads\/2024\/07\/5h.jpg?fit=1772%2C800&ssl=1","width":1772,"height":800,"caption":"Biden and Elton John new york"},{"@type":"BreadcrumbList","@id":"https:\/\/queervibesmag.com\/biden-and-elton-john-celebrate-the-lgbtq-movement-in-new-york\/#breadcrumb","itemListElement":[{"@type":"ListItem","position":1,"name":"Home","item":"https:\/\/queervibesmag.com\/"},{"@type":"ListItem","position":2,"name":"Biden and Elton John Celebrate the LGBTQ+ Movement in New York"}]},{"@type":"WebSite","@id":"https:\/\/queervibesmag.com\/#website","url":"https:\/\/queervibesmag.com\/","name":"Queer Vibes Mag","description":"NOTICIAS LGBT EN EL MUNDO","publisher":{"@id":"https:\/\/queervibesmag.com\/#organization"},"potentialAction":[{"@type":"SearchAction","target":{"@type":"EntryPoint","urlTemplate":"https:\/\/queervibesmag.com\/?s={search_term_string}"},"query-input":{"@type":"PropertyValueSpecification","valueRequired":true,"valueName":"search_term_string"}}],"inLanguage":"es"},{"@type":"Organization","@id":"https:\/\/queervibesmag.com\/#organization","name":"Queer Vibes Mag | LGBT NEWS","alternateName":"Queer Vibes Mag | LGBT NEWS","url":"https:\/\/queervibesmag.com\/","logo":{"@type":"ImageObject","inLanguage":"es","@id":"https:\/\/queervibesmag.com\/#\/schema\/logo\/image\/","url":"https:\/\/i0.wp.com\/queervibesmag.com\/wp-content\/uploads\/2023\/09\/cropped-Black_and_White_Modern_Literary_Magazine_Logo__2__-_Copie-removebg-preview.png?fit=200%2C200&ssl=1","contentUrl":"https:\/\/i0.wp.com\/queervibesmag.com\/wp-content\/uploads\/2023\/09\/cropped-Black_and_White_Modern_Literary_Magazine_Logo__2__-_Copie-removebg-preview.png?fit=200%2C200&ssl=1","width":200,"height":200,"caption":"Queer Vibes Mag | LGBT NEWS"},"image":{"@id":"https:\/\/queervibesmag.com\/#\/schema\/logo\/image\/"},"sameAs":["https:\/\/x.com\/queervibesmag"]},{"@type":"Person","@id":"https:\/\/queervibesmag.com\/#\/schema\/person\/9d2589cb12fe07ed1ef0d3c3f9228d52","name":"QueerVibesMag","image":{"@type":"ImageObject","inLanguage":"es","@id":"https:\/\/secure.gravatar.com\/avatar\/0bbb5765594baaa323b58b57926b3d7976708f18854390fef40c88a59647f3b8?s=96&d=mm&r=g","url":"https:\/\/secure.gravatar.com\/avatar\/0bbb5765594baaa323b58b57926b3d7976708f18854390fef40c88a59647f3b8?s=96&d=mm&r=g","contentUrl":"https:\/\/secure.gravatar.com\/avatar\/0bbb5765594baaa323b58b57926b3d7976708f18854390fef40c88a59647f3b8?s=96&d=mm&r=g","caption":"QueerVibesMag"},"sameAs":["https:\/\/queervibesmag.com"],"url":"https:\/\/queervibesmag.com\/es\/author\/admin\/"}]}},"jetpack_featured_media_url":"https:\/\/i0.wp.com\/queervibesmag.com\/wp-content\/uploads\/2024\/07\/5h.jpg?fit=1772%2C800&ssl=1","jetpack_sharing_enabled":true,"jetpack-related-posts":[{"id":2548,"url":"https:\/\/queervibesmag.com\/es\/biden-administration-funds-global-lgbtqi-events-for-pride-month\/","url_meta":{"origin":2834,"position":0},"title":"Biden Administration Funds Global LGBTQI+ Events for Pride Month","author":"QueerVibesMag","date":"junio 2, 2024","format":false,"excerpt":"Biden Administration Funds LGBTQI+ Events The State Department is investing millions in LGBTQI+ pride events worldwide as June's Pride Month approaches, with activities including a gay film festival and community conferences in countries like Australia, the Czech Republic, and Bulgaria. Honoring the Stonewall Riots June's Pride Month commemorates the Stonewall\u2026","rel":"","context":"En \u00abUS LGBT NEWS\u00bb","block_context":{"text":"US LGBT NEWS","link":"https:\/\/queervibesmag.com\/es\/category\/us-lgbt-news\/"},"img":{"alt_text":"Biden Administration Funds LGBTQI+ Events","src":"https:\/\/i0.wp.com\/queervibesmag.com\/wp-content\/uploads\/2024\/06\/Biden-Administration-Funds-LGBTQI-Events-.jpg?fit=1200%2C619&ssl=1&resize=350%2C200","width":350,"height":200,"srcset":"https:\/\/i0.wp.com\/queervibesmag.com\/wp-content\/uploads\/2024\/06\/Biden-Administration-Funds-LGBTQI-Events-.jpg?fit=1200%2C619&ssl=1&resize=350%2C200 1x, https:\/\/i0.wp.com\/queervibesmag.com\/wp-content\/uploads\/2024\/06\/Biden-Administration-Funds-LGBTQI-Events-.jpg?fit=1200%2C619&ssl=1&resize=525%2C300 1.5x, https:\/\/i0.wp.com\/queervibesmag.com\/wp-content\/uploads\/2024\/06\/Biden-Administration-Funds-LGBTQI-Events-.jpg?fit=1200%2C619&ssl=1&resize=700%2C400 2x, https:\/\/i0.wp.com\/queervibesmag.com\/wp-content\/uploads\/2024\/06\/Biden-Administration-Funds-LGBTQI-Events-.jpg?fit=1200%2C619&ssl=1&resize=1050%2C600 3x"},"classes":[]},{"id":2611,"url":"https:\/\/queervibesmag.com\/es\/bill-proposes-renaming-nyc-subway-station\/","url_meta":{"origin":2834,"position":1},"title":"Un proyecto de ley propone rebautizar una estaci\u00f3n de metro de Nueva York en honor a Stonewall","author":"QueerVibesMag","date":"junio 11, 2024","format":false,"excerpt":"Bill Proposes Renaming NYC Subway Station to Honor Stonewall Landmark Legislation Aims to Commemorate LGBTQ+ Rights Movement NEW YORK (AP) \u2014 In a move to honor the historic Stonewall riots that ignited the modern LGBTQ+ rights movement, New York state lawmakers have passed legislation to rename a prominent New York\u2026","rel":"","context":"En \u00abGOOD NEWS\u00bb","block_context":{"text":"GOOD NEWS","link":"https:\/\/queervibesmag.com\/es\/category\/good-news\/"},"img":{"alt_text":"Bill Proposes Renaming NYC Subway Station to Honor Stonewall Landmark","src":"https:\/\/i0.wp.com\/queervibesmag.com\/wp-content\/uploads\/2024\/06\/Bill-Proposes-Renaming-NYC-Subway-Station-to-Honor-Stonewall-Landmark.jpg?fit=1021%2C639&ssl=1&resize=350%2C200","width":350,"height":200,"srcset":"https:\/\/i0.wp.com\/queervibesmag.com\/wp-content\/uploads\/2024\/06\/Bill-Proposes-Renaming-NYC-Subway-Station-to-Honor-Stonewall-Landmark.jpg?fit=1021%2C639&ssl=1&resize=350%2C200 1x, https:\/\/i0.wp.com\/queervibesmag.com\/wp-content\/uploads\/2024\/06\/Bill-Proposes-Renaming-NYC-Subway-Station-to-Honor-Stonewall-Landmark.jpg?fit=1021%2C639&ssl=1&resize=525%2C300 1.5x, https:\/\/i0.wp.com\/queervibesmag.com\/wp-content\/uploads\/2024\/06\/Bill-Proposes-Renaming-NYC-Subway-Station-to-Honor-Stonewall-Landmark.jpg?fit=1021%2C639&ssl=1&resize=700%2C400 2x"},"classes":[]},{"id":6181,"url":"https:\/\/queervibesmag.com\/es\/christopher-street-day-a-legacy-of-pride-and-protest\/","url_meta":{"origin":2834,"position":2},"title":"Christopher Street Day: A Legacy of Pride and Protest","author":"QueerVibesMag","date":"agosto 25, 2025","format":false,"excerpt":"Introduction: When Pride Becomes Resistance The Christopher Street Day (commonly known as CSD) is now a major annual celebration for LGBTQ+ communities across Europe, particularly in Germany, Austria, and Switzerland. While it is widely recognized as a vibrant and festive parade, its roots lie in a powerful legacy of protest,\u2026","rel":"","context":"En \u00abLGBTQ INFOS NEWS\u00bb","block_context":{"text":"LGBTQ INFOS NEWS","link":"https:\/\/queervibesmag.com\/es\/category\/lgbtq-infos-news\/"},"img":{"alt_text":"Christopher Street Day: A Legacy of Pride and Protest","src":"https:\/\/i0.wp.com\/queervibesmag.com\/wp-content\/uploads\/2025\/08\/68ac8ae081ff7.png?fit=1024%2C1024&ssl=1&resize=350%2C200","width":350,"height":200,"srcset":"https:\/\/i0.wp.com\/queervibesmag.com\/wp-content\/uploads\/2025\/08\/68ac8ae081ff7.png?fit=1024%2C1024&ssl=1&resize=350%2C200 1x, https:\/\/i0.wp.com\/queervibesmag.com\/wp-content\/uploads\/2025\/08\/68ac8ae081ff7.png?fit=1024%2C1024&ssl=1&resize=525%2C300 1.5x, https:\/\/i0.wp.com\/queervibesmag.com\/wp-content\/uploads\/2025\/08\/68ac8ae081ff7.png?fit=1024%2C1024&ssl=1&resize=700%2C400 2x"},"classes":[]},{"id":8166,"url":"https:\/\/queervibesmag.com\/es\/us-rainbow-flag-removed-from-stonewall-monument-amid-federal-ruling\/","url_meta":{"origin":2834,"position":3},"title":"US: Rainbow Flag Removed from Stonewall Monument Amid Federal Ruling","author":"QueerVibesMag","date":"marzo 27, 2026","format":false,"excerpt":"```html Federal Directive Sparks Flag Removal The rainbow flag is no longer flying over the Stonewall National Monument in New York City. On Tuesday, February 10th, the local LGBTQ+ community was informed that the symbol of pride had been removed from this historically significant site. The change stemmed from a\u2026","rel":"","context":"En \u00abLGBTQ INFOS NEWS\u00bb","block_context":{"text":"LGBTQ INFOS NEWS","link":"https:\/\/queervibesmag.com\/es\/category\/lgbtq-infos-news\/"},"img":{"alt_text":"","src":"","width":0,"height":0},"classes":[]},{"id":2717,"url":"https:\/\/queervibesmag.com\/es\/the-history-of-pride-month\/","url_meta":{"origin":2834,"position":4},"title":"La historia del Mes del Orgullo","author":"QueerVibesMag","date":"junio 19, 2024","format":false,"excerpt":"The history of Pride Month Pride Month, celebrated every June, is a vibrant and vital time for the LGBTQ+ community and its allies to come together and honor the struggles and achievements of those who fought for equality. But how did it all begin, and why is it so important\u2026","rel":"","context":"En \u00abLGBTQIA\u00bb","block_context":{"text":"LGBTQIA","link":"https:\/\/queervibesmag.com\/es\/category\/lgbtqia\/"},"img":{"alt_text":"The history of Pride Month","src":"https:\/\/i0.wp.com\/queervibesmag.com\/wp-content\/uploads\/2024\/06\/d5652368s.jpg?fit=769%2C628&ssl=1&resize=350%2C200","width":350,"height":200,"srcset":"https:\/\/i0.wp.com\/queervibesmag.com\/wp-content\/uploads\/2024\/06\/d5652368s.jpg?fit=769%2C628&ssl=1&resize=350%2C200 1x, https:\/\/i0.wp.com\/queervibesmag.com\/wp-content\/uploads\/2024\/06\/d5652368s.jpg?fit=769%2C628&ssl=1&resize=525%2C300 1.5x, https:\/\/i0.wp.com\/queervibesmag.com\/wp-content\/uploads\/2024\/06\/d5652368s.jpg?fit=769%2C628&ssl=1&resize=700%2C400 2x"},"classes":[]},{"id":5520,"url":"https:\/\/queervibesmag.com\/es\/lgbtq-history-at-risk-stonewall-monument-under-fire\/","url_meta":{"origin":2834,"position":5},"title":"LGBTQ+ History at Risk: Stonewall Monument Under Fire","author":"QueerVibesMag","date":"agosto 1, 2025","format":false,"excerpt":"Bisexual References Removed from Official Stonewall Monument Website The official website of the Stonewall National Monument\u2014a tribute to the historic 1969 riots that became a milestone in LGBTQ+ rights\u2014has recently undergone changes that eliminate all mention of bisexual individuals. This update follows a troubling pattern of revisions that appear to\u2026","rel":"","context":"En \u00abLGBTQ INFOS NEWS\u00bb","block_context":{"text":"LGBTQ INFOS NEWS","link":"https:\/\/queervibesmag.com\/es\/category\/lgbtq-infos-news\/"},"img":{"alt_text":"LGBTQ+ History at Risk: Stonewall Monument Under Fire","src":"https:\/\/i0.wp.com\/queervibesmag.com\/wp-content\/uploads\/2025\/08\/688ce6d93a090.png?fit=1024%2C1024&ssl=1&resize=350%2C200","width":350,"height":200,"srcset":"https:\/\/i0.wp.com\/queervibesmag.com\/wp-content\/uploads\/2025\/08\/688ce6d93a090.png?fit=1024%2C1024&ssl=1&resize=350%2C200 1x, https:\/\/i0.wp.com\/queervibesmag.com\/wp-content\/uploads\/2025\/08\/688ce6d93a090.png?fit=1024%2C1024&ssl=1&resize=525%2C300 1.5x, https:\/\/i0.wp.com\/queervibesmag.com\/wp-content\/uploads\/2025\/08\/688ce6d93a090.png?fit=1024%2C1024&ssl=1&resize=700%2C400 2x"},"classes":[]}],"_links":{"self":[{"href":"https:\/\/queervibesmag.com\/es\/wp-json\/wp\/v2\/posts\/2834","targetHints":{"allow":["GET"]}}],"collection":[{"href":"https:\/\/queervibesmag.com\/es\/wp-json\/wp\/v2\/posts"}],"about":[{"href":"https:\/\/queervibesmag.com\/es\/wp-json\/wp\/v2\/types\/post"}],"author":[{"embeddable":true,"href":"https:\/\/queervibesmag.com\/es\/wp-json\/wp\/v2\/users\/1"}],"replies":[{"embeddable":true,"href":"https:\/\/queervibesmag.com\/es\/wp-json\/wp\/v2\/comments?post=2834"}],"version-history":[{"count":1,"href":"https:\/\/queervibesmag.com\/es\/wp-json\/wp\/v2\/posts\/2834\/revisions"}],"predecessor-version":[{"id":2836,"href":"https:\/\/queervibesmag.com\/es\/wp-json\/wp\/v2\/posts\/2834\/revisions\/2836"}],"wp:featuredmedia":[{"embeddable":true,"href":"https:\/\/queervibesmag.com\/es\/wp-json\/wp\/v2\/media\/2835"}],"wp:attachment":[{"href":"https:\/\/queervibesmag.com\/es\/wp-json\/wp\/v2\/media?parent=2834"}],"wp:term":[{"taxonomy":"category","embeddable":true,"href":"https:\/\/queervibesmag.com\/es\/wp-json\/wp\/v2\/categories?post=2834"},{"taxonomy":"post_tag","embeddable":true,"href":"https:\/\/queervibesmag.com\/es\/wp-json\/wp\/v2\/tags?post=2834"}],"curies":[{"name":"wp","href":"https:\/\/api.w.org\/{rel}","templated":true}]}}