{"id":3001,"date":"2024-07-28T13:25:41","date_gmt":"2024-07-28T13:25:41","guid":{"rendered":"https:\/\/queervibesmag.com\/?p=3001"},"modified":"2024-07-28T13:30:12","modified_gmt":"2024-07-28T13:30:12","slug":"ultra-right-homophobic-disinformation-in-czech-and-hungarian-elections","status":"publish","type":"post","link":"https:\/\/queervibesmag.com\/es\/ultra-right-homophobic-disinformation-in-czech-and-hungarian-elections\/","title":{"rendered":"Ultra-Right Homophobic Disinformation in Czech and Hungarian Elections"},"content":{"rendered":"<p><strong><em>Ultra-Right Homophobic Disinformation in Czech and Hungarian Elections<\/em><\/strong><\/p>\n\n\n\n<h2 class=\"wp-block-heading\">Rising Homophobia in Prague<\/h2>\n\n\n\n<p>In June 2024, Zuzana Husz\u00e1r, 29, returned home from her job at a queer safe space in Prague to find her partner, Tereza Misha, distressed. Misha, 27, reported that she had been &#8220;shamed&#8221; and received &#8220;hateful comments&#8221; due to her queer appearance. She is among many in the LGBTI community facing escalating hate-motivated violence, which has risen from 11 percent in 2019 to 14 percent in 2023, as per an EU Fundamental Rights Agency report.<\/p>\n\n\n\n<h2 class=\"wp-block-heading\">Spread of Anti-LGBT Disinformation<\/h2>\n\n\n\n<p>Katrin Hugendubel, advocacy director of ILGA-Europe, an LGBTI advocacy group, stated, \u201cThis growing phenomenon of anti-LGBT hate speech in Europe is a result of disinformation narratives against LGBT+ spread by conservative actors and exploited for political gains by the far-right.\u201d <a href=\"https:\/\/digital-strategy.ec.europa.eu\/en\/library\/2022-strengthened-code-practice-disinformation\">The European Commission<\/a> defines disinformation as content intentionally designed to deceive or secure economic or political gain, potentially causing public harm.<\/p>\n\n\n\n<h2 class=\"wp-block-heading\">Conservative Groups&#8217; Role in Disinformation<\/h2>\n\n\n\n<p>Hugendubel highlighted a coordinated effort by local conservative groups and international partners to spread anti-LGBT disinformation. A three-month investigation in the Visegrad Four (V4) countries\u2014Czech Republic, Hungary, Slovakia, and Poland\u2014uncovered ultraconservative actors linked to governments, far-right parties, and secretly funded NGOs disseminating these narratives, mirroring Russian propaganda.<\/p>\n\n\n\n<h2 class=\"wp-block-heading\">Disinformation Campaigns in the Czech Republic<\/h2>\n\n\n\n<p>In the Czech Republic, the conservative group Alliance Pro Rodinu (AliPro) pushed disinformation before the October 2021 parliamentary elections. Statements like \u201cHomosexu\u00e1ln\u00ed man\u017eelstv\u00ed rozjede obchod s d\u011btmi\u201d (Homosexual marriage will start the trade-in children) were spread by AliPro&#8217;s chairperson, Jana Jochov\u00e1. This narrative, falsely linking same-sex marriage to child trafficking, was believed by about 20 percent of Czechs.<\/p>\n\n\n\n<h2 class=\"wp-block-heading\">Mobilization Against Same-Sex Marriage<\/h2>\n\n\n\n<p>Filip Milde, an activist from Jsme f\u00e9r (We are Fair), confirmed that AliPro used disinformation to delay the legalization of same-sex marriage. In 2024, AliPro prepared campaigns to influence parliament members against legalizing same-sex partnerships. Despite their efforts, a recent vote for same-sex marriage legalization in February 2024 did not achieve a full majority in the Czech parliament.<\/p>\n\n\n\n<h2 class=\"wp-block-heading\">Political Connections and Influence<\/h2>\n\n\n\n<p>AliPro&#8217;s influence extends into Czech politics, with its chairperson and vice-chairman holding positions within the ruling Ob\u010dansk\u00e1 demokratick\u00e1 party (ODS) and the Ministry of Justice. The Ministry of Labour and Social Affairs had cooperated with AliPro in 2022. Political communication expert Alex Alvarova noted the group&#8217;s potential influence on LGBTI policy decisions due to its government connections.<\/p>\n\n\n\n<hr class=\"wp-block-separator has-alpha-channel-opacity\"\/>\n\n\n\n<p>Lea tambi\u00e9n : <a href=\"https:\/\/queervibesmag.com\/es\/lgbt-rights-in-africa-a-worrying-decline\/\">LGBT+ Rights in Africa: A Worrying Decline<\/a><\/p>\n\n\n\n<hr class=\"wp-block-separator has-alpha-channel-opacity\"\/>\n\n\n\n<h2 class=\"wp-block-heading\">Hungary&#8217;s Disinformation Tactics<\/h2>\n\n\n\n<p>In Hungary, the far-right coalition led by Viktor Orb\u00e1n uses similar tactics. The Center for Fundamental Rights (CFFR) spreads anti-LGBTI disinformation, equating LGBT+ education with paedophilia. Recent advertisements linked LGBT+ individuals to paedophiles, influencing public sentiment. These narratives are heavily funded, with significant sums spent on disinformation campaigns.<\/p>\n\n\n\n<h2 class=\"wp-block-heading\">Russian-Inspired Disinformation<\/h2>\n\n\n\n<p>False claims about same-sex marriage leading to child trafficking in the Czech Republic resembled earlier Russian disinformation campaigns. Similar narratives in Hungary falsely linked LGBT+ education to paedophilia. Remy Bonny, executive director of Forbidden Colours, noted that Hungary follows Russia&#8217;s disinformation playbook, framing LGBTI issues as threats to traditional values.<\/p>\n\n\n\n<h2 class=\"wp-block-heading\">Connections to Russian Funding<\/h2>\n\n\n\n<p>Both AliPro and CFFR are part of the Alliance for the Common Good (ACG), a network of European conservative groups. This alliance has connections to Russian funding, with significant anti-gender funding traced back to Russian oligarchs. The ACG collaborates with US-based conservative organizations, furthering their anti-LGBTI agenda across Europe.<\/p>\n\n\n\n<h2 class=\"wp-block-heading\">Secret Funding and Financial Influence<\/h2>\n\n\n\n<p>AliPro&#8217;s funding has surged, with donations tripling from <a href=\"https:\/\/or.justice.cz\/ias\/ui\/vypis-sl-detail?dokument=63749573&amp;subjektId=777273&amp;spis=1083687\">2019 <\/a>to <a href=\"https:\/\/or.justice.cz\/ias\/ui\/vypis-sl-detail?dokument=81935160&amp;subjektId=777273&amp;spis=1083687\">2023<\/a>. However, the sources of these donations remain undisclosed. In contrast, the CFFR in Hungary receives substantial funding from the government and other undisclosed sources. Taxpayer money also supports these groups, highlighting the financial backing behind their disinformation campaigns.<\/p>\n\n\n\n<h2 class=\"wp-block-heading\">Continuing Investigation<\/h2>\n\n\n\n<p>The second part of this investigation will explore the collaboration of ultraconservative actors with the far-right and foreign influences in Poland and Slovakia. This investigation was supported by the International Center for Journalists (ICFJ) grant for the Disarming Disinformation 2024 program.<\/p>\n\n\n\n<p><\/p>\n\n\n\n<p><a href=\"https:\/\/euobserver.com\/investigations\/arc113bb65\">Fuente<\/a> <\/p>\n\n\n\n<div class=\"wp-block-group is-nowrap is-layout-flex wp-container-core-group-is-layout-6c531013 wp-block-group-is-layout-flex\">\n<p><\/p>\n<\/div>","protected":false},"excerpt":{"rendered":"<p>Ultra-Right Homophobic Disinformation in Czech and Hungarian Elections Rising Homophobia in Prague In June 2024, Zuzana Husz\u00e1r, 29, returned home from her job at a queer safe space in Prague to find her partner, Tereza Misha, distressed. Misha, 27, reported that she had been &#8220;shamed&#8221; and received &#8220;hateful comments&#8221; due to her queer appearance. She&#8230;<\/p>","protected":false},"author":1,"featured_media":3002,"comment_status":"open","ping_status":"open","sticky":false,"template":"","format":"standard","meta":{"_jetpack_memberships_contains_paid_content":false,"footnotes":""},"categories":[9,10],"tags":[],"class_list":["post-3001","post","type-post","status-publish","format-standard","has-post-thumbnail","hentry","category-lgbt-political-news","category-world-news-lgbtq"],"yoast_head":"<!-- This site is optimized with the Yoast SEO plugin v27.4 - https:\/\/yoast.com\/product\/yoast-seo-wordpress\/ -->\n<title>Ultra-Right Homophobic Disinformation in Czech and Hungarian Elections<\/title>\n<meta name=\"description\" content=\"Discover how ultra-right factions leveraged homophobic disinformation in the Czech and Hungarian elections, fueling increased hate-motivated violence against the LGBTI community.\" \/>\n<meta name=\"robots\" content=\"index, follow, max-snippet:-1, max-image-preview:large, max-video-preview:-1\" \/>\n<link rel=\"canonical\" href=\"https:\/\/queervibesmag.com\/es\/ultra-right-homophobic-disinformation-in-czech-and-hungarian-elections\/\" \/>\n<meta property=\"og:locale\" content=\"es_ES\" \/>\n<meta property=\"og:type\" content=\"article\" \/>\n<meta property=\"og:title\" content=\"Ultra-Right Homophobic Disinformation in Czech and Hungarian Elections\" \/>\n<meta property=\"og:description\" content=\"Discover how ultra-right factions leveraged homophobic disinformation in the Czech and Hungarian elections, fueling increased hate-motivated violence against the LGBTI community.\" \/>\n<meta property=\"og:url\" content=\"https:\/\/queervibesmag.com\/es\/ultra-right-homophobic-disinformation-in-czech-and-hungarian-elections\/\" \/>\n<meta property=\"og:site_name\" content=\"Queer Vibes Mag\" \/>\n<meta property=\"article:published_time\" content=\"2024-07-28T13:25:41+00:00\" \/>\n<meta property=\"article:modified_time\" content=\"2024-07-28T13:30:12+00:00\" \/>\n<meta property=\"og:image\" content=\"https:\/\/queervibesmag.com\/wp-content\/uploads\/2024\/07\/gf.jpg\" \/>\n\t<meta property=\"og:image:width\" content=\"823\" \/>\n\t<meta property=\"og:image:height\" content=\"516\" \/>\n\t<meta property=\"og:image:type\" content=\"image\/jpeg\" \/>\n<meta name=\"author\" content=\"QueerVibesMag\" \/>\n<meta name=\"twitter:card\" content=\"summary_large_image\" \/>\n<meta name=\"twitter:creator\" content=\"@queervibesmag\" \/>\n<meta name=\"twitter:site\" content=\"@queervibesmag\" \/>\n<meta name=\"twitter:label1\" content=\"Escrito por\" \/>\n\t<meta name=\"twitter:data1\" content=\"QueerVibesMag\" \/>\n\t<meta name=\"twitter:label2\" content=\"Tiempo de lectura\" \/>\n\t<meta name=\"twitter:data2\" content=\"4 minutos\" \/>\n<script type=\"application\/ld+json\" class=\"yoast-schema-graph\">{\"@context\":\"https:\\\/\\\/schema.org\",\"@graph\":[{\"@type\":\"Article\",\"@id\":\"https:\\\/\\\/queervibesmag.com\\\/ultra-right-homophobic-disinformation-in-czech-and-hungarian-elections\\\/#article\",\"isPartOf\":{\"@id\":\"https:\\\/\\\/queervibesmag.com\\\/ultra-right-homophobic-disinformation-in-czech-and-hungarian-elections\\\/\"},\"author\":{\"name\":\"QueerVibesMag\",\"@id\":\"https:\\\/\\\/queervibesmag.com\\\/#\\\/schema\\\/person\\\/9d2589cb12fe07ed1ef0d3c3f9228d52\"},\"headline\":\"Ultra-Right Homophobic Disinformation in Czech and Hungarian Elections\",\"datePublished\":\"2024-07-28T13:25:41+00:00\",\"dateModified\":\"2024-07-28T13:30:12+00:00\",\"mainEntityOfPage\":{\"@id\":\"https:\\\/\\\/queervibesmag.com\\\/ultra-right-homophobic-disinformation-in-czech-and-hungarian-elections\\\/\"},\"wordCount\":656,\"commentCount\":0,\"publisher\":{\"@id\":\"https:\\\/\\\/queervibesmag.com\\\/#organization\"},\"image\":{\"@id\":\"https:\\\/\\\/queervibesmag.com\\\/ultra-right-homophobic-disinformation-in-czech-and-hungarian-elections\\\/#primaryimage\"},\"thumbnailUrl\":\"https:\\\/\\\/i0.wp.com\\\/queervibesmag.com\\\/wp-content\\\/uploads\\\/2024\\\/07\\\/gf.jpg?fit=823%2C516&ssl=1\",\"articleSection\":[\"LGBT POLITICAL NEWS\",\"WORLD NEWS LGBTQ\"],\"inLanguage\":\"es\",\"potentialAction\":[{\"@type\":\"CommentAction\",\"name\":\"Comment\",\"target\":[\"https:\\\/\\\/queervibesmag.com\\\/ultra-right-homophobic-disinformation-in-czech-and-hungarian-elections\\\/#respond\"]}]},{\"@type\":\"WebPage\",\"@id\":\"https:\\\/\\\/queervibesmag.com\\\/ultra-right-homophobic-disinformation-in-czech-and-hungarian-elections\\\/\",\"url\":\"https:\\\/\\\/queervibesmag.com\\\/ultra-right-homophobic-disinformation-in-czech-and-hungarian-elections\\\/\",\"name\":\"Ultra-Right Homophobic Disinformation in Czech and Hungarian Elections\",\"isPartOf\":{\"@id\":\"https:\\\/\\\/queervibesmag.com\\\/#website\"},\"primaryImageOfPage\":{\"@id\":\"https:\\\/\\\/queervibesmag.com\\\/ultra-right-homophobic-disinformation-in-czech-and-hungarian-elections\\\/#primaryimage\"},\"image\":{\"@id\":\"https:\\\/\\\/queervibesmag.com\\\/ultra-right-homophobic-disinformation-in-czech-and-hungarian-elections\\\/#primaryimage\"},\"thumbnailUrl\":\"https:\\\/\\\/i0.wp.com\\\/queervibesmag.com\\\/wp-content\\\/uploads\\\/2024\\\/07\\\/gf.jpg?fit=823%2C516&ssl=1\",\"datePublished\":\"2024-07-28T13:25:41+00:00\",\"dateModified\":\"2024-07-28T13:30:12+00:00\",\"description\":\"Discover how ultra-right factions leveraged homophobic disinformation in the Czech and Hungarian elections, fueling increased hate-motivated violence against the LGBTI community.\",\"breadcrumb\":{\"@id\":\"https:\\\/\\\/queervibesmag.com\\\/ultra-right-homophobic-disinformation-in-czech-and-hungarian-elections\\\/#breadcrumb\"},\"inLanguage\":\"es\",\"potentialAction\":[{\"@type\":\"ReadAction\",\"target\":[\"https:\\\/\\\/queervibesmag.com\\\/ultra-right-homophobic-disinformation-in-czech-and-hungarian-elections\\\/\"]}]},{\"@type\":\"ImageObject\",\"inLanguage\":\"es\",\"@id\":\"https:\\\/\\\/queervibesmag.com\\\/ultra-right-homophobic-disinformation-in-czech-and-hungarian-elections\\\/#primaryimage\",\"url\":\"https:\\\/\\\/i0.wp.com\\\/queervibesmag.com\\\/wp-content\\\/uploads\\\/2024\\\/07\\\/gf.jpg?fit=823%2C516&ssl=1\",\"contentUrl\":\"https:\\\/\\\/i0.wp.com\\\/queervibesmag.com\\\/wp-content\\\/uploads\\\/2024\\\/07\\\/gf.jpg?fit=823%2C516&ssl=1\",\"width\":823,\"height\":516,\"caption\":\"Ultra-Right Homophobic Disinformation in Czech and Hungarian Elections\"},{\"@type\":\"BreadcrumbList\",\"@id\":\"https:\\\/\\\/queervibesmag.com\\\/ultra-right-homophobic-disinformation-in-czech-and-hungarian-elections\\\/#breadcrumb\",\"itemListElement\":[{\"@type\":\"ListItem\",\"position\":1,\"name\":\"Home\",\"item\":\"https:\\\/\\\/queervibesmag.com\\\/\"},{\"@type\":\"ListItem\",\"position\":2,\"name\":\"Ultra-Right Homophobic Disinformation in Czech and Hungarian Elections\"}]},{\"@type\":\"WebSite\",\"@id\":\"https:\\\/\\\/queervibesmag.com\\\/#website\",\"url\":\"https:\\\/\\\/queervibesmag.com\\\/\",\"name\":\"Queer Vibes Mag\",\"description\":\"WORLD WIDE LGBTQ NEWS\",\"publisher\":{\"@id\":\"https:\\\/\\\/queervibesmag.com\\\/#organization\"},\"potentialAction\":[{\"@type\":\"SearchAction\",\"target\":{\"@type\":\"EntryPoint\",\"urlTemplate\":\"https:\\\/\\\/queervibesmag.com\\\/?s={search_term_string}\"},\"query-input\":{\"@type\":\"PropertyValueSpecification\",\"valueRequired\":true,\"valueName\":\"search_term_string\"}}],\"inLanguage\":\"es\"},{\"@type\":\"Organization\",\"@id\":\"https:\\\/\\\/queervibesmag.com\\\/#organization\",\"name\":\"Queer Vibes Mag | LGBT NEWS\",\"alternateName\":\"Queer Vibes Mag | LGBT NEWS\",\"url\":\"https:\\\/\\\/queervibesmag.com\\\/\",\"logo\":{\"@type\":\"ImageObject\",\"inLanguage\":\"es\",\"@id\":\"https:\\\/\\\/queervibesmag.com\\\/#\\\/schema\\\/logo\\\/image\\\/\",\"url\":\"https:\\\/\\\/i0.wp.com\\\/queervibesmag.com\\\/wp-content\\\/uploads\\\/2023\\\/09\\\/cropped-Black_and_White_Modern_Literary_Magazine_Logo__2__-_Copie-removebg-preview.png?fit=200%2C200&ssl=1\",\"contentUrl\":\"https:\\\/\\\/i0.wp.com\\\/queervibesmag.com\\\/wp-content\\\/uploads\\\/2023\\\/09\\\/cropped-Black_and_White_Modern_Literary_Magazine_Logo__2__-_Copie-removebg-preview.png?fit=200%2C200&ssl=1\",\"width\":200,\"height\":200,\"caption\":\"Queer Vibes Mag | LGBT NEWS\"},\"image\":{\"@id\":\"https:\\\/\\\/queervibesmag.com\\\/#\\\/schema\\\/logo\\\/image\\\/\"},\"sameAs\":[\"https:\\\/\\\/x.com\\\/queervibesmag\"]},{\"@type\":\"Person\",\"@id\":\"https:\\\/\\\/queervibesmag.com\\\/#\\\/schema\\\/person\\\/9d2589cb12fe07ed1ef0d3c3f9228d52\",\"name\":\"QueerVibesMag\",\"image\":{\"@type\":\"ImageObject\",\"inLanguage\":\"es\",\"@id\":\"https:\\\/\\\/secure.gravatar.com\\\/avatar\\\/0bbb5765594baaa323b58b57926b3d7976708f18854390fef40c88a59647f3b8?s=96&d=mm&r=g\",\"url\":\"https:\\\/\\\/secure.gravatar.com\\\/avatar\\\/0bbb5765594baaa323b58b57926b3d7976708f18854390fef40c88a59647f3b8?s=96&d=mm&r=g\",\"contentUrl\":\"https:\\\/\\\/secure.gravatar.com\\\/avatar\\\/0bbb5765594baaa323b58b57926b3d7976708f18854390fef40c88a59647f3b8?s=96&d=mm&r=g\",\"caption\":\"QueerVibesMag\"},\"sameAs\":[\"https:\\\/\\\/queervibesmag.com\"],\"url\":\"https:\\\/\\\/queervibesmag.com\\\/es\\\/author\\\/admin\\\/\"}]}<\/script>\n<!-- \/ Yoast SEO plugin. -->","yoast_head_json":{"title":"Ultra-Right Homophobic Disinformation in Czech and Hungarian Elections","description":"Discover how ultra-right factions leveraged homophobic disinformation in the Czech and Hungarian elections, fueling increased hate-motivated violence against the LGBTI community.","robots":{"index":"index","follow":"follow","max-snippet":"max-snippet:-1","max-image-preview":"max-image-preview:large","max-video-preview":"max-video-preview:-1"},"canonical":"https:\/\/queervibesmag.com\/es\/ultra-right-homophobic-disinformation-in-czech-and-hungarian-elections\/","og_locale":"es_ES","og_type":"article","og_title":"Ultra-Right Homophobic Disinformation in Czech and Hungarian Elections","og_description":"Discover how ultra-right factions leveraged homophobic disinformation in the Czech and Hungarian elections, fueling increased hate-motivated violence against the LGBTI community.","og_url":"https:\/\/queervibesmag.com\/es\/ultra-right-homophobic-disinformation-in-czech-and-hungarian-elections\/","og_site_name":"Queer Vibes Mag","article_published_time":"2024-07-28T13:25:41+00:00","article_modified_time":"2024-07-28T13:30:12+00:00","og_image":[{"width":823,"height":516,"url":"https:\/\/queervibesmag.com\/wp-content\/uploads\/2024\/07\/gf.jpg","type":"image\/jpeg"}],"author":"QueerVibesMag","twitter_card":"summary_large_image","twitter_creator":"@queervibesmag","twitter_site":"@queervibesmag","twitter_misc":{"Escrito por":"QueerVibesMag","Tiempo de lectura":"4 minutos"},"schema":{"@context":"https:\/\/schema.org","@graph":[{"@type":"Article","@id":"https:\/\/queervibesmag.com\/ultra-right-homophobic-disinformation-in-czech-and-hungarian-elections\/#article","isPartOf":{"@id":"https:\/\/queervibesmag.com\/ultra-right-homophobic-disinformation-in-czech-and-hungarian-elections\/"},"author":{"name":"QueerVibesMag","@id":"https:\/\/queervibesmag.com\/#\/schema\/person\/9d2589cb12fe07ed1ef0d3c3f9228d52"},"headline":"Ultra-Right Homophobic Disinformation in Czech and Hungarian Elections","datePublished":"2024-07-28T13:25:41+00:00","dateModified":"2024-07-28T13:30:12+00:00","mainEntityOfPage":{"@id":"https:\/\/queervibesmag.com\/ultra-right-homophobic-disinformation-in-czech-and-hungarian-elections\/"},"wordCount":656,"commentCount":0,"publisher":{"@id":"https:\/\/queervibesmag.com\/#organization"},"image":{"@id":"https:\/\/queervibesmag.com\/ultra-right-homophobic-disinformation-in-czech-and-hungarian-elections\/#primaryimage"},"thumbnailUrl":"https:\/\/i0.wp.com\/queervibesmag.com\/wp-content\/uploads\/2024\/07\/gf.jpg?fit=823%2C516&ssl=1","articleSection":["LGBT POLITICAL NEWS","WORLD NEWS LGBTQ"],"inLanguage":"es","potentialAction":[{"@type":"CommentAction","name":"Comment","target":["https:\/\/queervibesmag.com\/ultra-right-homophobic-disinformation-in-czech-and-hungarian-elections\/#respond"]}]},{"@type":"WebPage","@id":"https:\/\/queervibesmag.com\/ultra-right-homophobic-disinformation-in-czech-and-hungarian-elections\/","url":"https:\/\/queervibesmag.com\/ultra-right-homophobic-disinformation-in-czech-and-hungarian-elections\/","name":"Ultra-Right Homophobic Disinformation in Czech and Hungarian Elections","isPartOf":{"@id":"https:\/\/queervibesmag.com\/#website"},"primaryImageOfPage":{"@id":"https:\/\/queervibesmag.com\/ultra-right-homophobic-disinformation-in-czech-and-hungarian-elections\/#primaryimage"},"image":{"@id":"https:\/\/queervibesmag.com\/ultra-right-homophobic-disinformation-in-czech-and-hungarian-elections\/#primaryimage"},"thumbnailUrl":"https:\/\/i0.wp.com\/queervibesmag.com\/wp-content\/uploads\/2024\/07\/gf.jpg?fit=823%2C516&ssl=1","datePublished":"2024-07-28T13:25:41+00:00","dateModified":"2024-07-28T13:30:12+00:00","description":"Discover how ultra-right factions leveraged homophobic disinformation in the Czech and Hungarian elections, fueling increased hate-motivated violence against the LGBTI community.","breadcrumb":{"@id":"https:\/\/queervibesmag.com\/ultra-right-homophobic-disinformation-in-czech-and-hungarian-elections\/#breadcrumb"},"inLanguage":"es","potentialAction":[{"@type":"ReadAction","target":["https:\/\/queervibesmag.com\/ultra-right-homophobic-disinformation-in-czech-and-hungarian-elections\/"]}]},{"@type":"ImageObject","inLanguage":"es","@id":"https:\/\/queervibesmag.com\/ultra-right-homophobic-disinformation-in-czech-and-hungarian-elections\/#primaryimage","url":"https:\/\/i0.wp.com\/queervibesmag.com\/wp-content\/uploads\/2024\/07\/gf.jpg?fit=823%2C516&ssl=1","contentUrl":"https:\/\/i0.wp.com\/queervibesmag.com\/wp-content\/uploads\/2024\/07\/gf.jpg?fit=823%2C516&ssl=1","width":823,"height":516,"caption":"Ultra-Right Homophobic Disinformation in Czech and Hungarian Elections"},{"@type":"BreadcrumbList","@id":"https:\/\/queervibesmag.com\/ultra-right-homophobic-disinformation-in-czech-and-hungarian-elections\/#breadcrumb","itemListElement":[{"@type":"ListItem","position":1,"name":"Home","item":"https:\/\/queervibesmag.com\/"},{"@type":"ListItem","position":2,"name":"Ultra-Right Homophobic Disinformation in Czech and Hungarian Elections"}]},{"@type":"WebSite","@id":"https:\/\/queervibesmag.com\/#website","url":"https:\/\/queervibesmag.com\/","name":"Queer Vibes Mag","description":"NOTICIAS LGBT EN EL MUNDO","publisher":{"@id":"https:\/\/queervibesmag.com\/#organization"},"potentialAction":[{"@type":"SearchAction","target":{"@type":"EntryPoint","urlTemplate":"https:\/\/queervibesmag.com\/?s={search_term_string}"},"query-input":{"@type":"PropertyValueSpecification","valueRequired":true,"valueName":"search_term_string"}}],"inLanguage":"es"},{"@type":"Organization","@id":"https:\/\/queervibesmag.com\/#organization","name":"Queer Vibes Mag | LGBT NEWS","alternateName":"Queer Vibes Mag | LGBT NEWS","url":"https:\/\/queervibesmag.com\/","logo":{"@type":"ImageObject","inLanguage":"es","@id":"https:\/\/queervibesmag.com\/#\/schema\/logo\/image\/","url":"https:\/\/i0.wp.com\/queervibesmag.com\/wp-content\/uploads\/2023\/09\/cropped-Black_and_White_Modern_Literary_Magazine_Logo__2__-_Copie-removebg-preview.png?fit=200%2C200&ssl=1","contentUrl":"https:\/\/i0.wp.com\/queervibesmag.com\/wp-content\/uploads\/2023\/09\/cropped-Black_and_White_Modern_Literary_Magazine_Logo__2__-_Copie-removebg-preview.png?fit=200%2C200&ssl=1","width":200,"height":200,"caption":"Queer Vibes Mag | LGBT NEWS"},"image":{"@id":"https:\/\/queervibesmag.com\/#\/schema\/logo\/image\/"},"sameAs":["https:\/\/x.com\/queervibesmag"]},{"@type":"Person","@id":"https:\/\/queervibesmag.com\/#\/schema\/person\/9d2589cb12fe07ed1ef0d3c3f9228d52","name":"QueerVibesMag","image":{"@type":"ImageObject","inLanguage":"es","@id":"https:\/\/secure.gravatar.com\/avatar\/0bbb5765594baaa323b58b57926b3d7976708f18854390fef40c88a59647f3b8?s=96&d=mm&r=g","url":"https:\/\/secure.gravatar.com\/avatar\/0bbb5765594baaa323b58b57926b3d7976708f18854390fef40c88a59647f3b8?s=96&d=mm&r=g","contentUrl":"https:\/\/secure.gravatar.com\/avatar\/0bbb5765594baaa323b58b57926b3d7976708f18854390fef40c88a59647f3b8?s=96&d=mm&r=g","caption":"QueerVibesMag"},"sameAs":["https:\/\/queervibesmag.com"],"url":"https:\/\/queervibesmag.com\/es\/author\/admin\/"}]}},"jetpack_featured_media_url":"https:\/\/i0.wp.com\/queervibesmag.com\/wp-content\/uploads\/2024\/07\/gf.jpg?fit=823%2C516&ssl=1","jetpack_sharing_enabled":true,"jetpack-related-posts":[{"id":3221,"url":"https:\/\/queervibesmag.com\/es\/diplomatic-tensions-between-iran-and-australia-after-lgbt-post\/","url_meta":{"origin":3001,"position":0},"title":"Diplomatic Tensions Between Iran and Australia After LGBT+ Post","author":"QueerVibesMag","date":"septiembre 5, 2024","format":false,"excerpt":"Diplomatic Tensions Between Iran and Australia After LGBT+ Post Iran summoned the Australian ambassador in Tehran following the publication of a photo taken during Australia's national LGBT+ day, sparking a diplomatic crisis between the two nations. Photo Posted by Australian Embassy Sparks Controversy The crisis arose after a photo was\u2026","rel":"","context":"En \u00abLGBT POLITICAL NEWS\u00bb","block_context":{"text":"LGBT POLITICAL NEWS","link":"https:\/\/queervibesmag.com\/es\/category\/lgbt-political-news\/"},"img":{"alt_text":"Diplomatic Tensions Between Iran and Australia After LGBT+ Post","src":"https:\/\/i0.wp.com\/queervibesmag.com\/wp-content\/uploads\/2024\/09\/Diplomatic-Tensions-Between-Iran-and-Australia-After-LGBT-Post.webp?fit=1200%2C675&ssl=1&resize=350%2C200","width":350,"height":200,"srcset":"https:\/\/i0.wp.com\/queervibesmag.com\/wp-content\/uploads\/2024\/09\/Diplomatic-Tensions-Between-Iran-and-Australia-After-LGBT-Post.webp?fit=1200%2C675&ssl=1&resize=350%2C200 1x, https:\/\/i0.wp.com\/queervibesmag.com\/wp-content\/uploads\/2024\/09\/Diplomatic-Tensions-Between-Iran-and-Australia-After-LGBT-Post.webp?fit=1200%2C675&ssl=1&resize=525%2C300 1.5x, https:\/\/i0.wp.com\/queervibesmag.com\/wp-content\/uploads\/2024\/09\/Diplomatic-Tensions-Between-Iran-and-Australia-After-LGBT-Post.webp?fit=1200%2C675&ssl=1&resize=700%2C400 2x, https:\/\/i0.wp.com\/queervibesmag.com\/wp-content\/uploads\/2024\/09\/Diplomatic-Tensions-Between-Iran-and-Australia-After-LGBT-Post.webp?fit=1200%2C675&ssl=1&resize=1050%2C600 3x"},"classes":[]},{"id":2730,"url":"https:\/\/queervibesmag.com\/es\/student-urges-pope-francis-to-cease-anti-lgbt-language\/","url_meta":{"origin":3001,"position":1},"title":"Un estudiante pide al Papa Francisco que deje de hablar en contra del colectivo LGBT","author":"QueerVibesMag","date":"junio 21, 2024","format":false,"excerpt":"Student Urges Pope Francis to Cease Anti-LGBT Language Appeal to Pope Francis VATICAN CITY, June 20 (Reuters) - On Thursday, a student implored Pope Francis to refrain from using derogatory language towards the LGBT community. The 87-year-old pontiff faced criticism over allegedly using homophobic slurs during private conversations. Controversial Remarks\u2026","rel":"","context":"En \u00abWORLD NEWS LGBTQ\u00bb","block_context":{"text":"WORLD NEWS LGBTQ","link":"https:\/\/queervibesmag.com\/es\/category\/world-news-lgbtq\/"},"img":{"alt_text":"Student Urges Pope Francis to Cease Anti-LGBT Language","src":"https:\/\/i0.wp.com\/queervibesmag.com\/wp-content\/uploads\/2024\/06\/Student-Urges-Pope-Francis-to-Cease-Anti-LGBT-Language.jpg?fit=871%2C588&ssl=1&resize=350%2C200","width":350,"height":200,"srcset":"https:\/\/i0.wp.com\/queervibesmag.com\/wp-content\/uploads\/2024\/06\/Student-Urges-Pope-Francis-to-Cease-Anti-LGBT-Language.jpg?fit=871%2C588&ssl=1&resize=350%2C200 1x, https:\/\/i0.wp.com\/queervibesmag.com\/wp-content\/uploads\/2024\/06\/Student-Urges-Pope-Francis-to-Cease-Anti-LGBT-Language.jpg?fit=871%2C588&ssl=1&resize=525%2C300 1.5x, https:\/\/i0.wp.com\/queervibesmag.com\/wp-content\/uploads\/2024\/06\/Student-Urges-Pope-Francis-to-Cease-Anti-LGBT-Language.jpg?fit=871%2C588&ssl=1&resize=700%2C400 2x"},"classes":[]},{"id":3137,"url":"https:\/\/queervibesmag.com\/es\/bulgarian-president-ratifies-law-banning-lgbt-propaganda-in-schools\/","url_meta":{"origin":3001,"position":2},"title":"El Presidente b\u00falgaro ratifica la ley que proh\u00edbe la \u00abpropaganda LGBT+\u00bb en las escuelas","author":"QueerVibesMag","date":"agosto 16, 2024","format":false,"excerpt":"Bulgarian President Ratifies Law Banning \"LGBT+ Propaganda\" in Schools Law Modeled After Hungarian and Russian Policies On August 15, Bulgarian President Rumen Radev signed into law a controversial bill prohibiting \"LGBT+ propaganda\" in schools. Passed by the Bulgarian Parliament on August 7 with a large majority, this legislation mirrors similar\u2026","rel":"","context":"En \u00abLGBT POLITICAL NEWS\u00bb","block_context":{"text":"LGBT POLITICAL NEWS","link":"https:\/\/queervibesmag.com\/es\/category\/lgbt-political-news\/"},"img":{"alt_text":"Bulgarian President Ratifies Law Banning LGBT+ Propaganda in Schools","src":"https:\/\/i0.wp.com\/queervibesmag.com\/wp-content\/uploads\/2024\/08\/Bulgarian-President-Ratifies-Law-Banning-LGBT-Propaganda-in-Schools.jpg?fit=764%2C527&ssl=1&resize=350%2C200","width":350,"height":200,"srcset":"https:\/\/i0.wp.com\/queervibesmag.com\/wp-content\/uploads\/2024\/08\/Bulgarian-President-Ratifies-Law-Banning-LGBT-Propaganda-in-Schools.jpg?fit=764%2C527&ssl=1&resize=350%2C200 1x, https:\/\/i0.wp.com\/queervibesmag.com\/wp-content\/uploads\/2024\/08\/Bulgarian-President-Ratifies-Law-Banning-LGBT-Propaganda-in-Schools.jpg?fit=764%2C527&ssl=1&resize=525%2C300 1.5x, https:\/\/i0.wp.com\/queervibesmag.com\/wp-content\/uploads\/2024\/08\/Bulgarian-President-Ratifies-Law-Banning-LGBT-Propaganda-in-Schools.jpg?fit=764%2C527&ssl=1&resize=700%2C400 2x"},"classes":[]},{"id":2539,"url":"https:\/\/queervibesmag.com\/es\/wave-of-attacks-on-gay-men-in-france-linked-to-hook-up-apps\/","url_meta":{"origin":3001,"position":3},"title":"Oleada de agresiones a homosexuales en Francia vinculada a aplicaciones para ligar","author":"QueerVibesMag","date":"mayo 30, 2024","format":false,"excerpt":"Wave of Attacks on Gay Men in France Linked to Hook-Up Apps Surge in Assaults and Robberies A recent report highlights a troubling trend of attacks on gay men in France, where perpetrators use hook-up apps to lure their victims before assaulting and robbing them. This study, published by the\u2026","rel":"","context":"En \u00abFRENCH LGBT NEWS\u00bb","block_context":{"text":"FRENCH LGBT NEWS","link":"https:\/\/queervibesmag.com\/es\/category\/world-news-lgbtq\/french-lgbt-news\/"},"img":{"alt_text":"Wave of Attacks on Gay Men in France Linked to Hook-Up Apps","src":"https:\/\/i0.wp.com\/queervibesmag.com\/wp-content\/uploads\/2024\/05\/5f5dds.jpg?fit=751%2C454&ssl=1&resize=350%2C200","width":350,"height":200,"srcset":"https:\/\/i0.wp.com\/queervibesmag.com\/wp-content\/uploads\/2024\/05\/5f5dds.jpg?fit=751%2C454&ssl=1&resize=350%2C200 1x, https:\/\/i0.wp.com\/queervibesmag.com\/wp-content\/uploads\/2024\/05\/5f5dds.jpg?fit=751%2C454&ssl=1&resize=525%2C300 1.5x, https:\/\/i0.wp.com\/queervibesmag.com\/wp-content\/uploads\/2024\/05\/5f5dds.jpg?fit=751%2C454&ssl=1&resize=700%2C400 2x"},"classes":[]},{"id":2735,"url":"https:\/\/queervibesmag.com\/es\/sofia-pride-celebrates-its-17th-year\/","url_meta":{"origin":3001,"position":4},"title":"El Orgullo de Sof\u00eda celebra su 17\u00aa edici\u00f3n","author":"QueerVibesMag","date":"junio 24, 2024","format":false,"excerpt":"Sofia Pride Celebrates Its 17th Year Thousands Gather for 17th Annual Sofia Pride March On Saturday evening, the 17th annual Sofia Pride march took place, drawing thousands of participants. Held each summer, this event advocates for the rights of the LGBT community in Bulgaria. This year's theme, \"Bulgaria is Our\u2026","rel":"","context":"En \u00abLGBTQ WORLD EVENTS\u00bb","block_context":{"text":"LGBTQ WORLD EVENTS","link":"https:\/\/queervibesmag.com\/es\/category\/lgbtq-world-events\/"},"img":{"alt_text":"Sofia Pride Celebrates Its 17th Year","src":"https:\/\/i0.wp.com\/queervibesmag.com\/wp-content\/uploads\/2024\/06\/4sd4d.jpg?fit=708%2C410&ssl=1&resize=350%2C200","width":350,"height":200,"srcset":"https:\/\/i0.wp.com\/queervibesmag.com\/wp-content\/uploads\/2024\/06\/4sd4d.jpg?fit=708%2C410&ssl=1&resize=350%2C200 1x, https:\/\/i0.wp.com\/queervibesmag.com\/wp-content\/uploads\/2024\/06\/4sd4d.jpg?fit=708%2C410&ssl=1&resize=525%2C300 1.5x, https:\/\/i0.wp.com\/queervibesmag.com\/wp-content\/uploads\/2024\/06\/4sd4d.jpg?fit=708%2C410&ssl=1&resize=700%2C400 2x"},"classes":[]},{"id":1430,"url":"https:\/\/queervibesmag.com\/es\/can-europe-resist-the-anti-lgbt-politics-of-hate\/","url_meta":{"origin":3001,"position":5},"title":"Can Europe resist the anti-LGBT politics of hate ?","author":"QueerVibesMag","date":"febrero 8, 2024","format":false,"excerpt":"Navigating the Storm : The Crucial Stand for Equal Rights in Europe In an era marked by escalating conflicts, Camille Ogoti emphasizes the critical need for unwavering support for equal rights to safeguard and strengthen the well-being and endurance of Europe's minority communities. The continent witnesses a rising tide of\u2026","rel":"","context":"En \u00abLGBT POLITICAL NEWS\u00bb","block_context":{"text":"LGBT POLITICAL NEWS","link":"https:\/\/queervibesmag.com\/es\/category\/lgbt-political-news\/"},"img":{"alt_text":"Can Europe resist the anti-LGBT politics of hate","src":"https:\/\/i0.wp.com\/queervibesmag.com\/wp-content\/uploads\/2024\/02\/Can-Europe-resist-the-anti-LGBT-politics-of-hate.jpg?fit=714%2C427&ssl=1&resize=350%2C200","width":350,"height":200,"srcset":"https:\/\/i0.wp.com\/queervibesmag.com\/wp-content\/uploads\/2024\/02\/Can-Europe-resist-the-anti-LGBT-politics-of-hate.jpg?fit=714%2C427&ssl=1&resize=350%2C200 1x, https:\/\/i0.wp.com\/queervibesmag.com\/wp-content\/uploads\/2024\/02\/Can-Europe-resist-the-anti-LGBT-politics-of-hate.jpg?fit=714%2C427&ssl=1&resize=525%2C300 1.5x, https:\/\/i0.wp.com\/queervibesmag.com\/wp-content\/uploads\/2024\/02\/Can-Europe-resist-the-anti-LGBT-politics-of-hate.jpg?fit=714%2C427&ssl=1&resize=700%2C400 2x"},"classes":[]}],"_links":{"self":[{"href":"https:\/\/queervibesmag.com\/es\/wp-json\/wp\/v2\/posts\/3001","targetHints":{"allow":["GET"]}}],"collection":[{"href":"https:\/\/queervibesmag.com\/es\/wp-json\/wp\/v2\/posts"}],"about":[{"href":"https:\/\/queervibesmag.com\/es\/wp-json\/wp\/v2\/types\/post"}],"author":[{"embeddable":true,"href":"https:\/\/queervibesmag.com\/es\/wp-json\/wp\/v2\/users\/1"}],"replies":[{"embeddable":true,"href":"https:\/\/queervibesmag.com\/es\/wp-json\/wp\/v2\/comments?post=3001"}],"version-history":[{"count":3,"href":"https:\/\/queervibesmag.com\/es\/wp-json\/wp\/v2\/posts\/3001\/revisions"}],"predecessor-version":[{"id":3006,"href":"https:\/\/queervibesmag.com\/es\/wp-json\/wp\/v2\/posts\/3001\/revisions\/3006"}],"wp:featuredmedia":[{"embeddable":true,"href":"https:\/\/queervibesmag.com\/es\/wp-json\/wp\/v2\/media\/3002"}],"wp:attachment":[{"href":"https:\/\/queervibesmag.com\/es\/wp-json\/wp\/v2\/media?parent=3001"}],"wp:term":[{"taxonomy":"category","embeddable":true,"href":"https:\/\/queervibesmag.com\/es\/wp-json\/wp\/v2\/categories?post=3001"},{"taxonomy":"post_tag","embeddable":true,"href":"https:\/\/queervibesmag.com\/es\/wp-json\/wp\/v2\/tags?post=3001"}],"curies":[{"name":"wp","href":"https:\/\/api.w.org\/{rel}","templated":true}]}}