{"id":3140,"date":"2024-08-16T12:25:12","date_gmt":"2024-08-16T12:25:12","guid":{"rendered":"https:\/\/queervibesmag.com\/?p=3140"},"modified":"2024-08-16T12:25:14","modified_gmt":"2024-08-16T12:25:14","slug":"lgbtq-and-faith-groups-frustrated-by-halted-religious-discrimination-reform","status":"publish","type":"post","link":"https:\/\/queervibesmag.com\/es\/lgbtq-and-faith-groups-frustrated-by-halted-religious-discrimination-reform\/","title":{"rendered":"Grupos religiosos y LGBTQ+ frustrados por la paralizaci\u00f3n de la reforma de la discriminaci\u00f3n religiosa"},"content":{"rendered":"<p><em><strong>Grupos religiosos y LGBTQ+ frustrados por la paralizaci\u00f3n de la reforma de la discriminaci\u00f3n religiosa<\/strong><\/em><\/p>\n\n\n\n<p><\/p>\n\n\n\n<h2 class=\"wp-block-heading\">Los defensores de la igualdad critican a Albanese por abandonar la reforma<\/h2>\n\n\n\n<p>Los defensores de la igualdad han expresado su decepci\u00f3n ante el Primer Ministro, Anthony Albanese, despu\u00e9s de que su gobierno abandonara sus planes de derogar la exenci\u00f3n que permite a las escuelas confesionales discriminar al personal y a los alumnos por motivos de g\u00e9nero o sexualidad. El activista James Elliot-Watson, que ya fue discriminado en su escuela cristiana por ser gay, conden\u00f3 la decisi\u00f3n, tach\u00e1ndola de \u00abcobarde\u00bb. Teme que la medida perpet\u00fae el da\u00f1o contra los j\u00f3venes LGBTQ+.<\/p>\n\n\n\n<p>Elliot-Watson, que ahora tiene 29 a\u00f1os, relat\u00f3 c\u00f3mo su escuela le impidi\u00f3 ocupar un puesto de liderazgo despu\u00e9s de que confiara a un profesor sus problemas con su sexualidad. Tras salir del armario en clase, fue suspendido. Estas experiencias, afirma, le han llevado a invertir mucho tiempo y dinero en terapia. Elliot-Watson, que aboga por la reforma junto a Equality Australia, se\u00f1al\u00f3: \u00abEst\u00e1 claro: o se act\u00faa o no se act\u00faa\u00bb.<\/p>\n\n\n\n<h2 class=\"wp-block-heading\">Derogada la legislaci\u00f3n sobre discriminaci\u00f3n religiosa<\/h2>\n\n\n\n<p>El debate sobre la legislaci\u00f3n de discriminaci\u00f3n religiosa ha sido pol\u00e9mico desde su propuesta tras el plebiscito de 2017 sobre el matrimonio entre personas del mismo sexo. El primer ministro Albanese confirm\u00f3 recientemente que los planes para introducir la legislaci\u00f3n han sido archivados, citando la falta de apoyo bipartidista y la posibilidad de un debate divisivo antes de las pr\u00f3ximas elecciones. Hizo hincapi\u00e9 en su intenci\u00f3n de evitar entablar un debate polarizador sobre la discriminaci\u00f3n religiosa.<\/p>\n\n\n\n<p>Albanese critic\u00f3 a la Coalici\u00f3n por no ofrecer enmiendas al proyecto de ley, que sigue sin publicarse. Defensores del colectivo LGBTQ+, como Equality Australia, han acusado al gobierno de incumplir una promesa electoral, advirtiendo de que la inacci\u00f3n seguir\u00e1 perjudicando a los estudiantes y profesores LGBTQ+ de las escuelas confesionales.<\/p>\n\n\n\n<h2 class=\"wp-block-heading\">Los grupos religiosos expresan su decepci\u00f3n<\/h2>\n\n\n\n<p>Los l\u00edderes religiosos tambi\u00e9n lamentaron la decisi\u00f3n de detener las protecciones propuestas. El arzobispo de Melbourne, Peter Comensoli, inst\u00f3 al Primer Ministro a garantizar que se mantengan las protecciones actuales para las personas de fe, mientras que Christian Schools Australia subray\u00f3 que no debe abandonarse la oportunidad de obtener unas protecciones legales que se necesitan desde hace tiempo.<\/p>\n\n\n\n<p>El director de pol\u00edticas p\u00fablicas, Mark Spencer, pidi\u00f3 liderazgo a Albanese, abogando por la adopci\u00f3n de las enmiendas propuestas por los l\u00edderes religiosos, que en su opini\u00f3n podr\u00edan unir a las comunidades religiosas. Algunos l\u00edderes jud\u00edos, como Peter Wertheim, del Consejo Ejecutivo de la Juder\u00eda Australiana, sugirieron aplazar la reforma si no se alcanza un consenso para evitar una oposici\u00f3n generalizada.<\/p>\n\n\n\n<h2 class=\"wp-block-heading\">Debate en curso desde 2017<\/h2>\n\n\n\n<p>El debate sobre las protecciones contra la discriminaci\u00f3n religiosa ha estado en curso desde que el gobierno de Turnbull lo consider\u00f3 por primera vez en 2017. Se plante\u00f3 la preocupaci\u00f3n de que el fortalecimiento de las protecciones religiosas sin abordar las exenciones en la Ley de Discriminaci\u00f3n Sexual podr\u00eda exacerbar la discriminaci\u00f3n contra las personas LGBTQ+. El gobierno de Albanese pretend\u00eda equilibrar las protecciones de las libertades religiosas con las salvaguardias contra la discriminaci\u00f3n en las escuelas confesionales, de forma similar a los objetivos del ex primer ministro Scott Morrison.<\/p>\n\n\n\n<p>La Comisi\u00f3n Australiana de Reforma Legislativa recomend\u00f3 recientemente derogar las exenciones que permiten a las escuelas religiosas discriminar al personal y a los estudiantes LGBTQ+. Elliot-Watson y otros defensores est\u00e1n presionando para que se tomen medidas urgentes, advirtiendo que m\u00e1s retrasos podr\u00edan conducir a un da\u00f1o emocional continuo para las personas vulnerables.<\/p>","protected":false},"excerpt":{"rendered":"<p>LGBTQ+ and Faith Groups Frustrated by Halted Religious Discrimination Reform Equality Advocates Criticize Albanese for Abandoning Reform Equality campaigners have expressed disappointment in Prime Minister Anthony Albanese after his government abandoned plans to repeal the exemption that permits faith-based schools to discriminate against staff and students based on gender or sexuality. Activist James Elliot-Watson, who&#8230;<\/p>","protected":false},"author":1,"featured_media":3141,"comment_status":"open","ping_status":"open","sticky":false,"template":"","format":"standard","meta":{"_jetpack_memberships_contains_paid_content":false,"footnotes":""},"categories":[10],"tags":[],"class_list":["post-3140","post","type-post","status-publish","format-standard","has-post-thumbnail","hentry","category-world-news-lgbtq"],"yoast_head":"<!-- This site is optimized with the Yoast SEO plugin v27.5 - https:\/\/yoast.com\/product\/yoast-seo-wordpress\/ -->\n<title>LGBTQ+ and Faith Groups Frustrated by Halted Religious Discrimination Reform<\/title>\n<meta name=\"description\" content=\"LGBTQ+ and Faith Groups Frustrated by Halted Religious Discrimination Reform\" \/>\n<meta name=\"robots\" content=\"index, follow, max-snippet:-1, max-image-preview:large, max-video-preview:-1\" \/>\n<link rel=\"canonical\" href=\"https:\/\/queervibesmag.com\/es\/lgbtq-and-faith-groups-frustrated-by-halted-religious-discrimination-reform\/\" \/>\n<meta property=\"og:locale\" content=\"es_ES\" \/>\n<meta property=\"og:type\" content=\"article\" \/>\n<meta property=\"og:title\" content=\"LGBTQ+ and Faith Groups Frustrated by Halted Religious Discrimination Reform\" \/>\n<meta property=\"og:description\" content=\"LGBTQ+ and Faith Groups Frustrated by Halted Religious Discrimination Reform\" \/>\n<meta property=\"og:url\" content=\"https:\/\/queervibesmag.com\/es\/lgbtq-and-faith-groups-frustrated-by-halted-religious-discrimination-reform\/\" \/>\n<meta property=\"og:site_name\" content=\"Queer Vibes Mag\" \/>\n<meta property=\"article:published_time\" content=\"2024-08-16T12:25:12+00:00\" \/>\n<meta property=\"article:modified_time\" content=\"2024-08-16T12:25:14+00:00\" \/>\n<meta property=\"og:image\" content=\"https:\/\/queervibesmag.com\/wp-content\/uploads\/2024\/08\/dffddd.jpg\" \/>\n\t<meta property=\"og:image:width\" content=\"902\" \/>\n\t<meta property=\"og:image:height\" content=\"563\" \/>\n\t<meta property=\"og:image:type\" content=\"image\/jpeg\" \/>\n<meta name=\"author\" content=\"QueerVibesMag\" \/>\n<meta name=\"twitter:card\" content=\"summary_large_image\" \/>\n<meta name=\"twitter:creator\" content=\"@queervibesmag\" \/>\n<meta name=\"twitter:site\" content=\"@queervibesmag\" \/>\n<meta name=\"twitter:label1\" content=\"Escrito por\" \/>\n\t<meta name=\"twitter:data1\" content=\"QueerVibesMag\" \/>\n\t<meta name=\"twitter:label2\" content=\"Tiempo de lectura\" \/>\n\t<meta name=\"twitter:data2\" content=\"3 minutos\" \/>\n<script type=\"application\/ld+json\" class=\"yoast-schema-graph\">{\"@context\":\"https:\\\/\\\/schema.org\",\"@graph\":[{\"@type\":\"Article\",\"@id\":\"https:\\\/\\\/queervibesmag.com\\\/lgbtq-and-faith-groups-frustrated-by-halted-religious-discrimination-reform\\\/#article\",\"isPartOf\":{\"@id\":\"https:\\\/\\\/queervibesmag.com\\\/lgbtq-and-faith-groups-frustrated-by-halted-religious-discrimination-reform\\\/\"},\"author\":{\"name\":\"QueerVibesMag\",\"@id\":\"https:\\\/\\\/queervibesmag.com\\\/#\\\/schema\\\/person\\\/9d2589cb12fe07ed1ef0d3c3f9228d52\"},\"headline\":\"LGBTQ+ and Faith Groups Frustrated by Halted Religious Discrimination Reform\",\"datePublished\":\"2024-08-16T12:25:12+00:00\",\"dateModified\":\"2024-08-16T12:25:14+00:00\",\"mainEntityOfPage\":{\"@id\":\"https:\\\/\\\/queervibesmag.com\\\/lgbtq-and-faith-groups-frustrated-by-halted-religious-discrimination-reform\\\/\"},\"wordCount\":480,\"commentCount\":0,\"publisher\":{\"@id\":\"https:\\\/\\\/queervibesmag.com\\\/#organization\"},\"image\":{\"@id\":\"https:\\\/\\\/queervibesmag.com\\\/lgbtq-and-faith-groups-frustrated-by-halted-religious-discrimination-reform\\\/#primaryimage\"},\"thumbnailUrl\":\"https:\\\/\\\/i0.wp.com\\\/queervibesmag.com\\\/wp-content\\\/uploads\\\/2024\\\/08\\\/dffddd.jpg?fit=902%2C563&ssl=1\",\"articleSection\":[\"WORLD NEWS LGBTQ\"],\"inLanguage\":\"es\",\"potentialAction\":[{\"@type\":\"CommentAction\",\"name\":\"Comment\",\"target\":[\"https:\\\/\\\/queervibesmag.com\\\/lgbtq-and-faith-groups-frustrated-by-halted-religious-discrimination-reform\\\/#respond\"]}]},{\"@type\":\"WebPage\",\"@id\":\"https:\\\/\\\/queervibesmag.com\\\/lgbtq-and-faith-groups-frustrated-by-halted-religious-discrimination-reform\\\/\",\"url\":\"https:\\\/\\\/queervibesmag.com\\\/lgbtq-and-faith-groups-frustrated-by-halted-religious-discrimination-reform\\\/\",\"name\":\"LGBTQ+ and Faith Groups Frustrated by Halted Religious Discrimination Reform\",\"isPartOf\":{\"@id\":\"https:\\\/\\\/queervibesmag.com\\\/#website\"},\"primaryImageOfPage\":{\"@id\":\"https:\\\/\\\/queervibesmag.com\\\/lgbtq-and-faith-groups-frustrated-by-halted-religious-discrimination-reform\\\/#primaryimage\"},\"image\":{\"@id\":\"https:\\\/\\\/queervibesmag.com\\\/lgbtq-and-faith-groups-frustrated-by-halted-religious-discrimination-reform\\\/#primaryimage\"},\"thumbnailUrl\":\"https:\\\/\\\/i0.wp.com\\\/queervibesmag.com\\\/wp-content\\\/uploads\\\/2024\\\/08\\\/dffddd.jpg?fit=902%2C563&ssl=1\",\"datePublished\":\"2024-08-16T12:25:12+00:00\",\"dateModified\":\"2024-08-16T12:25:14+00:00\",\"description\":\"LGBTQ+ and Faith Groups Frustrated by Halted Religious Discrimination Reform\",\"breadcrumb\":{\"@id\":\"https:\\\/\\\/queervibesmag.com\\\/lgbtq-and-faith-groups-frustrated-by-halted-religious-discrimination-reform\\\/#breadcrumb\"},\"inLanguage\":\"es\",\"potentialAction\":[{\"@type\":\"ReadAction\",\"target\":[\"https:\\\/\\\/queervibesmag.com\\\/lgbtq-and-faith-groups-frustrated-by-halted-religious-discrimination-reform\\\/\"]}]},{\"@type\":\"ImageObject\",\"inLanguage\":\"es\",\"@id\":\"https:\\\/\\\/queervibesmag.com\\\/lgbtq-and-faith-groups-frustrated-by-halted-religious-discrimination-reform\\\/#primaryimage\",\"url\":\"https:\\\/\\\/i0.wp.com\\\/queervibesmag.com\\\/wp-content\\\/uploads\\\/2024\\\/08\\\/dffddd.jpg?fit=902%2C563&ssl=1\",\"contentUrl\":\"https:\\\/\\\/i0.wp.com\\\/queervibesmag.com\\\/wp-content\\\/uploads\\\/2024\\\/08\\\/dffddd.jpg?fit=902%2C563&ssl=1\",\"width\":902,\"height\":563,\"caption\":\"LGBTQ+ and Faith Groups Frustrated by Halted Religious Discrimination Reform\"},{\"@type\":\"BreadcrumbList\",\"@id\":\"https:\\\/\\\/queervibesmag.com\\\/lgbtq-and-faith-groups-frustrated-by-halted-religious-discrimination-reform\\\/#breadcrumb\",\"itemListElement\":[{\"@type\":\"ListItem\",\"position\":1,\"name\":\"Home\",\"item\":\"https:\\\/\\\/queervibesmag.com\\\/\"},{\"@type\":\"ListItem\",\"position\":2,\"name\":\"LGBTQ+ and Faith Groups Frustrated by Halted Religious Discrimination Reform\"}]},{\"@type\":\"WebSite\",\"@id\":\"https:\\\/\\\/queervibesmag.com\\\/#website\",\"url\":\"https:\\\/\\\/queervibesmag.com\\\/\",\"name\":\"Queer Vibes Mag\",\"description\":\"WORLD WIDE LGBTQ NEWS\",\"publisher\":{\"@id\":\"https:\\\/\\\/queervibesmag.com\\\/#organization\"},\"potentialAction\":[{\"@type\":\"SearchAction\",\"target\":{\"@type\":\"EntryPoint\",\"urlTemplate\":\"https:\\\/\\\/queervibesmag.com\\\/?s={search_term_string}\"},\"query-input\":{\"@type\":\"PropertyValueSpecification\",\"valueRequired\":true,\"valueName\":\"search_term_string\"}}],\"inLanguage\":\"es\"},{\"@type\":\"Organization\",\"@id\":\"https:\\\/\\\/queervibesmag.com\\\/#organization\",\"name\":\"Queer Vibes Mag | LGBT NEWS\",\"alternateName\":\"Queer Vibes Mag | LGBT NEWS\",\"url\":\"https:\\\/\\\/queervibesmag.com\\\/\",\"logo\":{\"@type\":\"ImageObject\",\"inLanguage\":\"es\",\"@id\":\"https:\\\/\\\/queervibesmag.com\\\/#\\\/schema\\\/logo\\\/image\\\/\",\"url\":\"https:\\\/\\\/i0.wp.com\\\/queervibesmag.com\\\/wp-content\\\/uploads\\\/2023\\\/09\\\/cropped-Black_and_White_Modern_Literary_Magazine_Logo__2__-_Copie-removebg-preview.png?fit=200%2C200&ssl=1\",\"contentUrl\":\"https:\\\/\\\/i0.wp.com\\\/queervibesmag.com\\\/wp-content\\\/uploads\\\/2023\\\/09\\\/cropped-Black_and_White_Modern_Literary_Magazine_Logo__2__-_Copie-removebg-preview.png?fit=200%2C200&ssl=1\",\"width\":200,\"height\":200,\"caption\":\"Queer Vibes Mag | LGBT NEWS\"},\"image\":{\"@id\":\"https:\\\/\\\/queervibesmag.com\\\/#\\\/schema\\\/logo\\\/image\\\/\"},\"sameAs\":[\"https:\\\/\\\/x.com\\\/queervibesmag\"]},{\"@type\":\"Person\",\"@id\":\"https:\\\/\\\/queervibesmag.com\\\/#\\\/schema\\\/person\\\/9d2589cb12fe07ed1ef0d3c3f9228d52\",\"name\":\"QueerVibesMag\",\"image\":{\"@type\":\"ImageObject\",\"inLanguage\":\"es\",\"@id\":\"https:\\\/\\\/secure.gravatar.com\\\/avatar\\\/0bbb5765594baaa323b58b57926b3d7976708f18854390fef40c88a59647f3b8?s=96&d=mm&r=g\",\"url\":\"https:\\\/\\\/secure.gravatar.com\\\/avatar\\\/0bbb5765594baaa323b58b57926b3d7976708f18854390fef40c88a59647f3b8?s=96&d=mm&r=g\",\"contentUrl\":\"https:\\\/\\\/secure.gravatar.com\\\/avatar\\\/0bbb5765594baaa323b58b57926b3d7976708f18854390fef40c88a59647f3b8?s=96&d=mm&r=g\",\"caption\":\"QueerVibesMag\"},\"sameAs\":[\"https:\\\/\\\/queervibesmag.com\"],\"url\":\"https:\\\/\\\/queervibesmag.com\\\/es\\\/author\\\/admin\\\/\"}]}<\/script>\n<!-- \/ Yoast SEO plugin. -->","yoast_head_json":{"title":"Grupos religiosos y LGBTQ+ frustrados por la paralizaci\u00f3n de la reforma de la discriminaci\u00f3n religiosa","description":"Grupos religiosos y LGBTQ+ frustrados por la paralizaci\u00f3n de la reforma de la discriminaci\u00f3n religiosa","robots":{"index":"index","follow":"follow","max-snippet":"max-snippet:-1","max-image-preview":"max-image-preview:large","max-video-preview":"max-video-preview:-1"},"canonical":"https:\/\/queervibesmag.com\/es\/lgbtq-and-faith-groups-frustrated-by-halted-religious-discrimination-reform\/","og_locale":"es_ES","og_type":"article","og_title":"LGBTQ+ and Faith Groups Frustrated by Halted Religious Discrimination Reform","og_description":"LGBTQ+ and Faith Groups Frustrated by Halted Religious Discrimination Reform","og_url":"https:\/\/queervibesmag.com\/es\/lgbtq-and-faith-groups-frustrated-by-halted-religious-discrimination-reform\/","og_site_name":"Queer Vibes Mag","article_published_time":"2024-08-16T12:25:12+00:00","article_modified_time":"2024-08-16T12:25:14+00:00","og_image":[{"width":902,"height":563,"url":"https:\/\/queervibesmag.com\/wp-content\/uploads\/2024\/08\/dffddd.jpg","type":"image\/jpeg"}],"author":"QueerVibesMag","twitter_card":"summary_large_image","twitter_creator":"@queervibesmag","twitter_site":"@queervibesmag","twitter_misc":{"Escrito por":"QueerVibesMag","Tiempo de lectura":"3 minutos"},"schema":{"@context":"https:\/\/schema.org","@graph":[{"@type":"Article","@id":"https:\/\/queervibesmag.com\/lgbtq-and-faith-groups-frustrated-by-halted-religious-discrimination-reform\/#article","isPartOf":{"@id":"https:\/\/queervibesmag.com\/lgbtq-and-faith-groups-frustrated-by-halted-religious-discrimination-reform\/"},"author":{"name":"QueerVibesMag","@id":"https:\/\/queervibesmag.com\/#\/schema\/person\/9d2589cb12fe07ed1ef0d3c3f9228d52"},"headline":"LGBTQ+ and Faith Groups Frustrated by Halted Religious Discrimination Reform","datePublished":"2024-08-16T12:25:12+00:00","dateModified":"2024-08-16T12:25:14+00:00","mainEntityOfPage":{"@id":"https:\/\/queervibesmag.com\/lgbtq-and-faith-groups-frustrated-by-halted-religious-discrimination-reform\/"},"wordCount":480,"commentCount":0,"publisher":{"@id":"https:\/\/queervibesmag.com\/#organization"},"image":{"@id":"https:\/\/queervibesmag.com\/lgbtq-and-faith-groups-frustrated-by-halted-religious-discrimination-reform\/#primaryimage"},"thumbnailUrl":"https:\/\/i0.wp.com\/queervibesmag.com\/wp-content\/uploads\/2024\/08\/dffddd.jpg?fit=902%2C563&ssl=1","articleSection":["WORLD NEWS LGBTQ"],"inLanguage":"es","potentialAction":[{"@type":"CommentAction","name":"Comment","target":["https:\/\/queervibesmag.com\/lgbtq-and-faith-groups-frustrated-by-halted-religious-discrimination-reform\/#respond"]}]},{"@type":"WebPage","@id":"https:\/\/queervibesmag.com\/lgbtq-and-faith-groups-frustrated-by-halted-religious-discrimination-reform\/","url":"https:\/\/queervibesmag.com\/lgbtq-and-faith-groups-frustrated-by-halted-religious-discrimination-reform\/","name":"Grupos religiosos y LGBTQ+ frustrados por la paralizaci\u00f3n de la reforma de la discriminaci\u00f3n religiosa","isPartOf":{"@id":"https:\/\/queervibesmag.com\/#website"},"primaryImageOfPage":{"@id":"https:\/\/queervibesmag.com\/lgbtq-and-faith-groups-frustrated-by-halted-religious-discrimination-reform\/#primaryimage"},"image":{"@id":"https:\/\/queervibesmag.com\/lgbtq-and-faith-groups-frustrated-by-halted-religious-discrimination-reform\/#primaryimage"},"thumbnailUrl":"https:\/\/i0.wp.com\/queervibesmag.com\/wp-content\/uploads\/2024\/08\/dffddd.jpg?fit=902%2C563&ssl=1","datePublished":"2024-08-16T12:25:12+00:00","dateModified":"2024-08-16T12:25:14+00:00","description":"Grupos religiosos y LGBTQ+ frustrados por la paralizaci\u00f3n de la reforma de la discriminaci\u00f3n religiosa","breadcrumb":{"@id":"https:\/\/queervibesmag.com\/lgbtq-and-faith-groups-frustrated-by-halted-religious-discrimination-reform\/#breadcrumb"},"inLanguage":"es","potentialAction":[{"@type":"ReadAction","target":["https:\/\/queervibesmag.com\/lgbtq-and-faith-groups-frustrated-by-halted-religious-discrimination-reform\/"]}]},{"@type":"ImageObject","inLanguage":"es","@id":"https:\/\/queervibesmag.com\/lgbtq-and-faith-groups-frustrated-by-halted-religious-discrimination-reform\/#primaryimage","url":"https:\/\/i0.wp.com\/queervibesmag.com\/wp-content\/uploads\/2024\/08\/dffddd.jpg?fit=902%2C563&ssl=1","contentUrl":"https:\/\/i0.wp.com\/queervibesmag.com\/wp-content\/uploads\/2024\/08\/dffddd.jpg?fit=902%2C563&ssl=1","width":902,"height":563,"caption":"LGBTQ+ and Faith Groups Frustrated by Halted Religious Discrimination Reform"},{"@type":"BreadcrumbList","@id":"https:\/\/queervibesmag.com\/lgbtq-and-faith-groups-frustrated-by-halted-religious-discrimination-reform\/#breadcrumb","itemListElement":[{"@type":"ListItem","position":1,"name":"Home","item":"https:\/\/queervibesmag.com\/"},{"@type":"ListItem","position":2,"name":"LGBTQ+ and Faith Groups Frustrated by Halted Religious Discrimination Reform"}]},{"@type":"WebSite","@id":"https:\/\/queervibesmag.com\/#website","url":"https:\/\/queervibesmag.com\/","name":"Queer Vibes Mag","description":"NOTICIAS LGBT EN EL MUNDO","publisher":{"@id":"https:\/\/queervibesmag.com\/#organization"},"potentialAction":[{"@type":"SearchAction","target":{"@type":"EntryPoint","urlTemplate":"https:\/\/queervibesmag.com\/?s={search_term_string}"},"query-input":{"@type":"PropertyValueSpecification","valueRequired":true,"valueName":"search_term_string"}}],"inLanguage":"es"},{"@type":"Organization","@id":"https:\/\/queervibesmag.com\/#organization","name":"Queer Vibes Mag | LGBT NEWS","alternateName":"Queer Vibes Mag | LGBT NEWS","url":"https:\/\/queervibesmag.com\/","logo":{"@type":"ImageObject","inLanguage":"es","@id":"https:\/\/queervibesmag.com\/#\/schema\/logo\/image\/","url":"https:\/\/i0.wp.com\/queervibesmag.com\/wp-content\/uploads\/2023\/09\/cropped-Black_and_White_Modern_Literary_Magazine_Logo__2__-_Copie-removebg-preview.png?fit=200%2C200&ssl=1","contentUrl":"https:\/\/i0.wp.com\/queervibesmag.com\/wp-content\/uploads\/2023\/09\/cropped-Black_and_White_Modern_Literary_Magazine_Logo__2__-_Copie-removebg-preview.png?fit=200%2C200&ssl=1","width":200,"height":200,"caption":"Queer Vibes Mag | LGBT NEWS"},"image":{"@id":"https:\/\/queervibesmag.com\/#\/schema\/logo\/image\/"},"sameAs":["https:\/\/x.com\/queervibesmag"]},{"@type":"Person","@id":"https:\/\/queervibesmag.com\/#\/schema\/person\/9d2589cb12fe07ed1ef0d3c3f9228d52","name":"QueerVibesMag","image":{"@type":"ImageObject","inLanguage":"es","@id":"https:\/\/secure.gravatar.com\/avatar\/0bbb5765594baaa323b58b57926b3d7976708f18854390fef40c88a59647f3b8?s=96&d=mm&r=g","url":"https:\/\/secure.gravatar.com\/avatar\/0bbb5765594baaa323b58b57926b3d7976708f18854390fef40c88a59647f3b8?s=96&d=mm&r=g","contentUrl":"https:\/\/secure.gravatar.com\/avatar\/0bbb5765594baaa323b58b57926b3d7976708f18854390fef40c88a59647f3b8?s=96&d=mm&r=g","caption":"QueerVibesMag"},"sameAs":["https:\/\/queervibesmag.com"],"url":"https:\/\/queervibesmag.com\/es\/author\/admin\/"}]}},"jetpack_featured_media_url":"https:\/\/i0.wp.com\/queervibesmag.com\/wp-content\/uploads\/2024\/08\/dffddd.jpg?fit=902%2C563&ssl=1","jetpack_sharing_enabled":true,"jetpack-related-posts":[{"id":960,"url":"https:\/\/queervibesmag.com\/es\/madrid-partially-revokes-trans-and-lgbtq-rights-laws\/","url_meta":{"origin":3140,"position":0},"title":"Madrid deroga parcialmente las leyes sobre derechos trans y LGBTQ","author":"QueerVibesMag","date":"diciembre 25, 2023","format":false,"excerpt":"Madrid partially revokes trans and LGBTQ rights laws Madrid partially revokes trans and LGBTQ rights laws In an unprecedented move, Madrid's political landscape has shifted, instigating a rollback on established rights for transgender and LGBTQ individuals. The city's ruling party, the conservative People's Party (PP), has passed a contentious proposal,\u2026","rel":"","context":"En \u00abLGBT NEWS SPAIN\u00bb","block_context":{"text":"LGBT NEWS SPAIN","link":"https:\/\/queervibesmag.com\/es\/category\/lgbt-news-spain\/"},"img":{"alt_text":"Madrid partially revokes trans and LGBTQ rights laws","src":"https:\/\/i0.wp.com\/queervibesmag.com\/wp-content\/uploads\/2023\/12\/Madrid-partially-revokes-trans-and-LGBTQ-rights-laws.jpg?fit=761%2C521&ssl=1&resize=350%2C200","width":350,"height":200,"srcset":"https:\/\/i0.wp.com\/queervibesmag.com\/wp-content\/uploads\/2023\/12\/Madrid-partially-revokes-trans-and-LGBTQ-rights-laws.jpg?fit=761%2C521&ssl=1&resize=350%2C200 1x, https:\/\/i0.wp.com\/queervibesmag.com\/wp-content\/uploads\/2023\/12\/Madrid-partially-revokes-trans-and-LGBTQ-rights-laws.jpg?fit=761%2C521&ssl=1&resize=525%2C300 1.5x, https:\/\/i0.wp.com\/queervibesmag.com\/wp-content\/uploads\/2023\/12\/Madrid-partially-revokes-trans-and-LGBTQ-rights-laws.jpg?fit=761%2C521&ssl=1&resize=700%2C400 2x"},"classes":[]},{"id":2256,"url":"https:\/\/queervibesmag.com\/es\/biden-reinforces-health-care-protections-for-lgbtq\/","url_meta":{"origin":3140,"position":1},"title":"La Administraci\u00f3n Biden refuerza las protecciones sanitarias para la comunidad LGBTQ+","author":"QueerVibesMag","date":"abril 29, 2024","format":false,"excerpt":"Biden Administration Reinforces Health Care Protections for LGBTQ+ Community Expanded Anti-Discrimination Safeguards Announced The Biden administration has introduced a pivotal new rule aimed at bolstering protections against discrimination for gay and transgender individuals seeking health care. This significant move reverses previous restrictions imposed during the Trump era, which had removed\u2026","rel":"","context":"En \u00abUS LGBT NEWS\u00bb","block_context":{"text":"US LGBT NEWS","link":"https:\/\/queervibesmag.com\/es\/category\/us-lgbt-news\/"},"img":{"alt_text":"Biden Reinforces Health Care Protections for LGBTQ","src":"https:\/\/i0.wp.com\/queervibesmag.com\/wp-content\/uploads\/2024\/04\/Biden-Administration-Reinforces-Health-Care-Protections-for-LGBTQ-Community.jpg?fit=776%2C562&ssl=1&resize=350%2C200","width":350,"height":200,"srcset":"https:\/\/i0.wp.com\/queervibesmag.com\/wp-content\/uploads\/2024\/04\/Biden-Administration-Reinforces-Health-Care-Protections-for-LGBTQ-Community.jpg?fit=776%2C562&ssl=1&resize=350%2C200 1x, https:\/\/i0.wp.com\/queervibesmag.com\/wp-content\/uploads\/2024\/04\/Biden-Administration-Reinforces-Health-Care-Protections-for-LGBTQ-Community.jpg?fit=776%2C562&ssl=1&resize=525%2C300 1.5x, https:\/\/i0.wp.com\/queervibesmag.com\/wp-content\/uploads\/2024\/04\/Biden-Administration-Reinforces-Health-Care-Protections-for-LGBTQ-Community.jpg?fit=776%2C562&ssl=1&resize=700%2C400 2x"},"classes":[]},{"id":6523,"url":"https:\/\/queervibesmag.com\/es\/lgbtq-inclusion-in-the-workplace-toward-full-equality\/","url_meta":{"origin":3140,"position":2},"title":"LGBTQ+ Inclusion in the Workplace: Toward Full Equality","author":"QueerVibesMag","date":"octubre 2, 2025","format":false,"excerpt":"The Evolving Relationship Between Work and Homosexuality Over the decades, the dynamic between sexual orientation and the workplace has transformed dramatically. Once associated with secrecy and double lives, homosexuality is now increasingly recognized and embraced by many organizations that prioritize diversity and inclusion. However, major challenges persist, including difficulties coming\u2026","rel":"","context":"En \u00abLGBTQ INFOS NEWS\u00bb","block_context":{"text":"LGBTQ INFOS NEWS","link":"https:\/\/queervibesmag.com\/es\/category\/lgbtq-infos-news\/"},"img":{"alt_text":"LGBTQ+ Inclusion in the Workplace: Toward Full Equality","src":"https:\/\/i0.wp.com\/queervibesmag.com\/wp-content\/uploads\/2025\/10\/68dea3dcafea9.png?fit=1024%2C1024&ssl=1&resize=350%2C200","width":350,"height":200,"srcset":"https:\/\/i0.wp.com\/queervibesmag.com\/wp-content\/uploads\/2025\/10\/68dea3dcafea9.png?fit=1024%2C1024&ssl=1&resize=350%2C200 1x, https:\/\/i0.wp.com\/queervibesmag.com\/wp-content\/uploads\/2025\/10\/68dea3dcafea9.png?fit=1024%2C1024&ssl=1&resize=525%2C300 1.5x, https:\/\/i0.wp.com\/queervibesmag.com\/wp-content\/uploads\/2025\/10\/68dea3dcafea9.png?fit=1024%2C1024&ssl=1&resize=700%2C400 2x"},"classes":[]},{"id":753,"url":"https:\/\/queervibesmag.com\/es\/u-n-report-lgbtq-rights-in-the-u-s\/","url_meta":{"origin":3140,"position":3},"title":"Informe de la ONU Derechos LGBTQ en EE.UU.","author":"QueerVibesMag","date":"noviembre 17, 2023","format":false,"excerpt":"U.N. Report LGBTQ Rights in the U.S. https:\/\/www.youtube.com\/watch?v=uDPd833BI40 U.N. Report Raises Concerns About LGBTQ+ Rights in the U.S. The recent report by the U.N. Human Rights Committee (HRC) expresses deep concerns about the state of LGBTQ+ rights in the United States, marking a significant moment of international scrutiny. This report,\u2026","rel":"","context":"En \u00abLGBT POLITICAL NEWS\u00bb","block_context":{"text":"LGBT POLITICAL NEWS","link":"https:\/\/queervibesmag.com\/es\/category\/lgbt-political-news\/"},"img":{"alt_text":"U.N. Report LGBTQ Rights in the U.S.","src":"https:\/\/i0.wp.com\/queervibesmag.com\/wp-content\/uploads\/2023\/11\/U.N.-Report-LGBTQ-Rights-in-the-U.S.jpg?fit=1200%2C688&ssl=1&resize=350%2C200","width":350,"height":200,"srcset":"https:\/\/i0.wp.com\/queervibesmag.com\/wp-content\/uploads\/2023\/11\/U.N.-Report-LGBTQ-Rights-in-the-U.S.jpg?fit=1200%2C688&ssl=1&resize=350%2C200 1x, https:\/\/i0.wp.com\/queervibesmag.com\/wp-content\/uploads\/2023\/11\/U.N.-Report-LGBTQ-Rights-in-the-U.S.jpg?fit=1200%2C688&ssl=1&resize=525%2C300 1.5x, https:\/\/i0.wp.com\/queervibesmag.com\/wp-content\/uploads\/2023\/11\/U.N.-Report-LGBTQ-Rights-in-the-U.S.jpg?fit=1200%2C688&ssl=1&resize=700%2C400 2x, https:\/\/i0.wp.com\/queervibesmag.com\/wp-content\/uploads\/2023\/11\/U.N.-Report-LGBTQ-Rights-in-the-U.S.jpg?fit=1200%2C688&ssl=1&resize=1050%2C600 3x"},"classes":[]},{"id":3127,"url":"https:\/\/queervibesmag.com\/es\/germany-considers-constitutional-reform-to-strengthen-lgbtqia-rights\/","url_meta":{"origin":3140,"position":4},"title":"Alemania estudia una reforma constitucional para reforzar los derechos LGBTQIA","author":"QueerVibesMag","date":"agosto 15, 2024","format":false,"excerpt":"Germany Considers Constitutional Reform to Strengthen LGBTQIA+ Rights Proposal to Expand LGBTQIA+ Rights Protection in the Constitution The German government is proposing a constitutional amendment (Grundgesetz) to explicitly include the protection of LGBTQIA+ rights by adding sexual orientation as a criterion for non-discrimination. Currently, the Basic Law of 1949 prohibits\u2026","rel":"","context":"En \u00abLGBT POLITICAL NEWS\u00bb","block_context":{"text":"LGBT POLITICAL NEWS","link":"https:\/\/queervibesmag.com\/es\/category\/lgbt-political-news\/"},"img":{"alt_text":"Germany Constitutional Reform LGBTQIA+ Rights","src":"https:\/\/i0.wp.com\/queervibesmag.com\/wp-content\/uploads\/2024\/08\/Germany-Constitutional-Reform-LGBTQIA-Rights.jpg?fit=961%2C638&ssl=1&resize=350%2C200","width":350,"height":200,"srcset":"https:\/\/i0.wp.com\/queervibesmag.com\/wp-content\/uploads\/2024\/08\/Germany-Constitutional-Reform-LGBTQIA-Rights.jpg?fit=961%2C638&ssl=1&resize=350%2C200 1x, https:\/\/i0.wp.com\/queervibesmag.com\/wp-content\/uploads\/2024\/08\/Germany-Constitutional-Reform-LGBTQIA-Rights.jpg?fit=961%2C638&ssl=1&resize=525%2C300 1.5x, https:\/\/i0.wp.com\/queervibesmag.com\/wp-content\/uploads\/2024\/08\/Germany-Constitutional-Reform-LGBTQIA-Rights.jpg?fit=961%2C638&ssl=1&resize=700%2C400 2x"},"classes":[]},{"id":5504,"url":"https:\/\/queervibesmag.com\/es\/balancing-faith-and-homosexuality-a-complex-journey\/","url_meta":{"origin":3140,"position":5},"title":"Balancing Faith and Homosexuality: A Complex Journey","author":"QueerVibesMag","date":"julio 30, 2025","format":false,"excerpt":"Living Your Faith and Embracing Your Sexuality: A Delicate Harmony Navigating Faith and Sexual Identity: A Complex Personal Journey Fully living out one\u2019s Christian faith while embracing a homosexual identity presents a layered and emotionally sensitive challenge. Many LGBTQ+ believers seek to reconcile these facets of the self within a\u2026","rel":"","context":"En \u00abLGBTQ INFOS NEWS\u00bb","block_context":{"text":"LGBTQ INFOS NEWS","link":"https:\/\/queervibesmag.com\/es\/category\/lgbtq-infos-news\/"},"img":{"alt_text":"Balancing Faith and Homosexuality: A Complex Journey","src":"https:\/\/i0.wp.com\/queervibesmag.com\/wp-content\/uploads\/2025\/07\/688a43df582b3.png?fit=1024%2C1024&ssl=1&resize=350%2C200","width":350,"height":200,"srcset":"https:\/\/i0.wp.com\/queervibesmag.com\/wp-content\/uploads\/2025\/07\/688a43df582b3.png?fit=1024%2C1024&ssl=1&resize=350%2C200 1x, https:\/\/i0.wp.com\/queervibesmag.com\/wp-content\/uploads\/2025\/07\/688a43df582b3.png?fit=1024%2C1024&ssl=1&resize=525%2C300 1.5x, https:\/\/i0.wp.com\/queervibesmag.com\/wp-content\/uploads\/2025\/07\/688a43df582b3.png?fit=1024%2C1024&ssl=1&resize=700%2C400 2x"},"classes":[]}],"_links":{"self":[{"href":"https:\/\/queervibesmag.com\/es\/wp-json\/wp\/v2\/posts\/3140","targetHints":{"allow":["GET"]}}],"collection":[{"href":"https:\/\/queervibesmag.com\/es\/wp-json\/wp\/v2\/posts"}],"about":[{"href":"https:\/\/queervibesmag.com\/es\/wp-json\/wp\/v2\/types\/post"}],"author":[{"embeddable":true,"href":"https:\/\/queervibesmag.com\/es\/wp-json\/wp\/v2\/users\/1"}],"replies":[{"embeddable":true,"href":"https:\/\/queervibesmag.com\/es\/wp-json\/wp\/v2\/comments?post=3140"}],"version-history":[{"count":1,"href":"https:\/\/queervibesmag.com\/es\/wp-json\/wp\/v2\/posts\/3140\/revisions"}],"predecessor-version":[{"id":3142,"href":"https:\/\/queervibesmag.com\/es\/wp-json\/wp\/v2\/posts\/3140\/revisions\/3142"}],"wp:featuredmedia":[{"embeddable":true,"href":"https:\/\/queervibesmag.com\/es\/wp-json\/wp\/v2\/media\/3141"}],"wp:attachment":[{"href":"https:\/\/queervibesmag.com\/es\/wp-json\/wp\/v2\/media?parent=3140"}],"wp:term":[{"taxonomy":"category","embeddable":true,"href":"https:\/\/queervibesmag.com\/es\/wp-json\/wp\/v2\/categories?post=3140"},{"taxonomy":"post_tag","embeddable":true,"href":"https:\/\/queervibesmag.com\/es\/wp-json\/wp\/v2\/tags?post=3140"}],"curies":[{"name":"wp","href":"https:\/\/api.w.org\/{rel}","templated":true}]}}