{"id":3187,"date":"2024-08-26T11:40:31","date_gmt":"2024-08-26T11:40:31","guid":{"rendered":"https:\/\/queervibesmag.com\/?p=3187"},"modified":"2024-08-26T11:40:34","modified_gmt":"2024-08-26T11:40:34","slug":"thousands-attend-foyle-pride-in-derry","status":"publish","type":"post","link":"https:\/\/queervibesmag.com\/es\/thousands-attend-foyle-pride-in-derry\/","title":{"rendered":"Thousands attend Foyle Pride in Derry"},"content":{"rendered":"<p>Thousands attend Foyle Pride in Derry<\/p>\n\n\n\n<h2 class=\"wp-block-heading\">Parade Caps Off 10-Day Festival<\/h2>\n\n\n\n<p>Thousands of attendees flocked to Londonderry to participate in the 2024 Foyle Pride celebrations, marking the conclusion of a vibrant 10-day festival. The parade began at 14:00 BST, starting from the North West transport hub. It proceeded across the Craigavon bridge, winding its way through the city center, and concluded at Guildhall Square by 15:30.<\/p>\n\n\n\n<h2 class=\"wp-block-heading\">Focus on Diversity and Inclusivity<\/h2>\n\n\n\n<p>This year\u2019s event, described by organizers as a celebration of diversity and inclusivity, centered on the theme of community\u2014both local and global. Jim Doherty, a member of the Foyle Pride committee, shared his enthusiasm during an interview on BBC Radio Foyle\u2019s Mark Patterson Show. \u201cIt\u2019s been a great week so far, and we believe attendance numbers are up again,\u201d he noted, expressing anticipation for the parade.<\/p>\n\n\n\n<p>Doherty emphasized that Foyle Pride blends both festivity and political activism. \u201cWe know how to party in Derry, but the focus is always on the political,\u201d he stated, highlighting ongoing global struggles. He pointed out that while progress has been made, significant challenges remain, particularly in countries where homosexuality is illegal. \u201cThe death penalty exists in Uganda, for example. We march not only for ourselves but for people in those countries.\u201d<\/p>\n\n\n\n<hr class=\"wp-block-separator has-alpha-channel-opacity\"\/>\n\n\n\n<p><strong>Lea tambi\u00e9n : <a href=\"https:\/\/queervibesmag.com\/wp-admin\/post.php?post=2861&amp;action=edit\">Decenas de miles de personas llenan el desfile del orgullo gay de Madrid<\/a><\/strong><\/p>\n\n\n\n<hr class=\"wp-block-separator has-alpha-channel-opacity\"\/>\n\n\n\n<h2 class=\"wp-block-heading\">A Highlight in Derry\u2019s Annual Calendar<\/h2>\n\n\n\n<p>Mayor of Derry and Strabane, Lilian Seenoi-Barr, reflected on the growth of the festival, which over the past three decades has become a prominent event in the city\u2019s calendar. \u201cIt\u2019s a true celebration of diversity and individuality,\u201d she said, praising the parade for its embodiment of inclusion and the electric atmosphere it creates.<\/p>\n\n\n\n<p>Following the parade, festivities continued with a family fun day and a lively party in Guildhall Square. Although police had advised drivers of potential traffic disruptions, officers were on hand to manage the flow of vehicles effectively. The festival&#8217;s final events on Sunday include a picnic in memory of gay rights activist Mark Ashton.<\/p>\n\n\n\n<h2 class=\"wp-block-heading\">Honoring a Local Activist<\/h2>\n\n\n\n<p>Mark Ashton, originally from Portrush in County Antrim, was a key figure in the Lesbians and Gays Support the Miners (LGSM) group during the 1984 miners&#8217; strike. His legacy continues to inspire many, and his memory is honored as part of the Foyle Pride celebrations.<\/p>","protected":false},"excerpt":{"rendered":"<p>Thousands attend Foyle Pride in Derry Parade Caps Off 10-Day Festival Thousands of attendees flocked to Londonderry to participate in the 2024 Foyle Pride celebrations, marking the conclusion of a vibrant 10-day festival. The parade began at 14:00 BST, starting from the North West transport hub. It proceeded across the Craigavon bridge, winding its way&#8230;<\/p>","protected":false},"author":1,"featured_media":3188,"comment_status":"open","ping_status":"open","sticky":false,"template":"","format":"standard","meta":{"_jetpack_memberships_contains_paid_content":false,"footnotes":""},"categories":[13,10],"tags":[],"class_list":["post-3187","post","type-post","status-publish","format-standard","has-post-thumbnail","hentry","category-lgbtq-world-events","category-world-news-lgbtq"],"yoast_head":"<!-- This site is optimized with the Yoast SEO plugin v27.5 - https:\/\/yoast.com\/product\/yoast-seo-wordpress\/ -->\n<title>Thousands attend Foyle Pride in Derry<\/title>\n<meta name=\"description\" content=\"Des milliers de personnes ont c\u00e9l\u00e9br\u00e9 la diversit\u00e9 lors de la Foyle Pride 2024 \u00e0 Derry, avec un d\u00e9fil\u00e9 vibrant et des \u00e9v\u00e9nements inclusifs.\" \/>\n<meta name=\"robots\" content=\"index, follow, max-snippet:-1, max-image-preview:large, max-video-preview:-1\" \/>\n<link rel=\"canonical\" href=\"https:\/\/queervibesmag.com\/es\/thousands-attend-foyle-pride-in-derry\/\" \/>\n<meta property=\"og:locale\" content=\"es_ES\" \/>\n<meta property=\"og:type\" content=\"article\" \/>\n<meta property=\"og:title\" content=\"Thousands attend Foyle Pride in Derry\" \/>\n<meta property=\"og:description\" content=\"Des milliers de personnes ont c\u00e9l\u00e9br\u00e9 la diversit\u00e9 lors de la Foyle Pride 2024 \u00e0 Derry, avec un d\u00e9fil\u00e9 vibrant et des \u00e9v\u00e9nements inclusifs.\" \/>\n<meta property=\"og:url\" content=\"https:\/\/queervibesmag.com\/es\/thousands-attend-foyle-pride-in-derry\/\" \/>\n<meta property=\"og:site_name\" content=\"Queer Vibes Mag\" \/>\n<meta property=\"article:published_time\" content=\"2024-08-26T11:40:31+00:00\" \/>\n<meta property=\"article:modified_time\" content=\"2024-08-26T11:40:34+00:00\" \/>\n<meta property=\"og:image\" content=\"https:\/\/queervibesmag.com\/wp-content\/uploads\/2024\/08\/Thousands-attend-Foyle-Pride-in-Derry.jpg\" \/>\n\t<meta property=\"og:image:width\" content=\"719\" \/>\n\t<meta property=\"og:image:height\" content=\"419\" \/>\n\t<meta property=\"og:image:type\" content=\"image\/jpeg\" \/>\n<meta name=\"author\" content=\"QueerVibesMag\" \/>\n<meta name=\"twitter:card\" content=\"summary_large_image\" \/>\n<meta name=\"twitter:creator\" content=\"@queervibesmag\" \/>\n<meta name=\"twitter:site\" content=\"@queervibesmag\" \/>\n<meta name=\"twitter:label1\" content=\"Escrito por\" \/>\n\t<meta name=\"twitter:data1\" content=\"QueerVibesMag\" \/>\n\t<meta name=\"twitter:label2\" content=\"Tiempo de lectura\" \/>\n\t<meta name=\"twitter:data2\" content=\"2 minutos\" \/>\n<script type=\"application\/ld+json\" class=\"yoast-schema-graph\">{\"@context\":\"https:\\\/\\\/schema.org\",\"@graph\":[{\"@type\":\"Article\",\"@id\":\"https:\\\/\\\/queervibesmag.com\\\/thousands-attend-foyle-pride-in-derry\\\/#article\",\"isPartOf\":{\"@id\":\"https:\\\/\\\/queervibesmag.com\\\/thousands-attend-foyle-pride-in-derry\\\/\"},\"author\":{\"name\":\"QueerVibesMag\",\"@id\":\"https:\\\/\\\/queervibesmag.com\\\/#\\\/schema\\\/person\\\/9d2589cb12fe07ed1ef0d3c3f9228d52\"},\"headline\":\"Thousands attend Foyle Pride in Derry\",\"datePublished\":\"2024-08-26T11:40:31+00:00\",\"dateModified\":\"2024-08-26T11:40:34+00:00\",\"mainEntityOfPage\":{\"@id\":\"https:\\\/\\\/queervibesmag.com\\\/thousands-attend-foyle-pride-in-derry\\\/\"},\"wordCount\":389,\"commentCount\":0,\"publisher\":{\"@id\":\"https:\\\/\\\/queervibesmag.com\\\/#organization\"},\"image\":{\"@id\":\"https:\\\/\\\/queervibesmag.com\\\/thousands-attend-foyle-pride-in-derry\\\/#primaryimage\"},\"thumbnailUrl\":\"https:\\\/\\\/i0.wp.com\\\/queervibesmag.com\\\/wp-content\\\/uploads\\\/2024\\\/08\\\/Thousands-attend-Foyle-Pride-in-Derry.jpg?fit=719%2C419&ssl=1\",\"articleSection\":[\"LGBTQ WORLD EVENTS\",\"WORLD NEWS LGBTQ\"],\"inLanguage\":\"es\",\"potentialAction\":[{\"@type\":\"CommentAction\",\"name\":\"Comment\",\"target\":[\"https:\\\/\\\/queervibesmag.com\\\/thousands-attend-foyle-pride-in-derry\\\/#respond\"]}]},{\"@type\":\"WebPage\",\"@id\":\"https:\\\/\\\/queervibesmag.com\\\/thousands-attend-foyle-pride-in-derry\\\/\",\"url\":\"https:\\\/\\\/queervibesmag.com\\\/thousands-attend-foyle-pride-in-derry\\\/\",\"name\":\"Thousands attend Foyle Pride in Derry\",\"isPartOf\":{\"@id\":\"https:\\\/\\\/queervibesmag.com\\\/#website\"},\"primaryImageOfPage\":{\"@id\":\"https:\\\/\\\/queervibesmag.com\\\/thousands-attend-foyle-pride-in-derry\\\/#primaryimage\"},\"image\":{\"@id\":\"https:\\\/\\\/queervibesmag.com\\\/thousands-attend-foyle-pride-in-derry\\\/#primaryimage\"},\"thumbnailUrl\":\"https:\\\/\\\/i0.wp.com\\\/queervibesmag.com\\\/wp-content\\\/uploads\\\/2024\\\/08\\\/Thousands-attend-Foyle-Pride-in-Derry.jpg?fit=719%2C419&ssl=1\",\"datePublished\":\"2024-08-26T11:40:31+00:00\",\"dateModified\":\"2024-08-26T11:40:34+00:00\",\"description\":\"Des milliers de personnes ont c\u00e9l\u00e9br\u00e9 la diversit\u00e9 lors de la Foyle Pride 2024 \u00e0 Derry, avec un d\u00e9fil\u00e9 vibrant et des \u00e9v\u00e9nements inclusifs.\",\"breadcrumb\":{\"@id\":\"https:\\\/\\\/queervibesmag.com\\\/thousands-attend-foyle-pride-in-derry\\\/#breadcrumb\"},\"inLanguage\":\"es\",\"potentialAction\":[{\"@type\":\"ReadAction\",\"target\":[\"https:\\\/\\\/queervibesmag.com\\\/thousands-attend-foyle-pride-in-derry\\\/\"]}]},{\"@type\":\"ImageObject\",\"inLanguage\":\"es\",\"@id\":\"https:\\\/\\\/queervibesmag.com\\\/thousands-attend-foyle-pride-in-derry\\\/#primaryimage\",\"url\":\"https:\\\/\\\/i0.wp.com\\\/queervibesmag.com\\\/wp-content\\\/uploads\\\/2024\\\/08\\\/Thousands-attend-Foyle-Pride-in-Derry.jpg?fit=719%2C419&ssl=1\",\"contentUrl\":\"https:\\\/\\\/i0.wp.com\\\/queervibesmag.com\\\/wp-content\\\/uploads\\\/2024\\\/08\\\/Thousands-attend-Foyle-Pride-in-Derry.jpg?fit=719%2C419&ssl=1\",\"width\":719,\"height\":419,\"caption\":\"Thousands attend Foyle Pride in Derry\"},{\"@type\":\"BreadcrumbList\",\"@id\":\"https:\\\/\\\/queervibesmag.com\\\/thousands-attend-foyle-pride-in-derry\\\/#breadcrumb\",\"itemListElement\":[{\"@type\":\"ListItem\",\"position\":1,\"name\":\"Home\",\"item\":\"https:\\\/\\\/queervibesmag.com\\\/\"},{\"@type\":\"ListItem\",\"position\":2,\"name\":\"Thousands attend Foyle Pride in Derry\"}]},{\"@type\":\"WebSite\",\"@id\":\"https:\\\/\\\/queervibesmag.com\\\/#website\",\"url\":\"https:\\\/\\\/queervibesmag.com\\\/\",\"name\":\"Queer Vibes Mag\",\"description\":\"WORLD WIDE LGBTQ NEWS\",\"publisher\":{\"@id\":\"https:\\\/\\\/queervibesmag.com\\\/#organization\"},\"potentialAction\":[{\"@type\":\"SearchAction\",\"target\":{\"@type\":\"EntryPoint\",\"urlTemplate\":\"https:\\\/\\\/queervibesmag.com\\\/?s={search_term_string}\"},\"query-input\":{\"@type\":\"PropertyValueSpecification\",\"valueRequired\":true,\"valueName\":\"search_term_string\"}}],\"inLanguage\":\"es\"},{\"@type\":\"Organization\",\"@id\":\"https:\\\/\\\/queervibesmag.com\\\/#organization\",\"name\":\"Queer Vibes Mag | LGBT NEWS\",\"alternateName\":\"Queer Vibes Mag | LGBT NEWS\",\"url\":\"https:\\\/\\\/queervibesmag.com\\\/\",\"logo\":{\"@type\":\"ImageObject\",\"inLanguage\":\"es\",\"@id\":\"https:\\\/\\\/queervibesmag.com\\\/#\\\/schema\\\/logo\\\/image\\\/\",\"url\":\"https:\\\/\\\/i0.wp.com\\\/queervibesmag.com\\\/wp-content\\\/uploads\\\/2023\\\/09\\\/cropped-Black_and_White_Modern_Literary_Magazine_Logo__2__-_Copie-removebg-preview.png?fit=200%2C200&ssl=1\",\"contentUrl\":\"https:\\\/\\\/i0.wp.com\\\/queervibesmag.com\\\/wp-content\\\/uploads\\\/2023\\\/09\\\/cropped-Black_and_White_Modern_Literary_Magazine_Logo__2__-_Copie-removebg-preview.png?fit=200%2C200&ssl=1\",\"width\":200,\"height\":200,\"caption\":\"Queer Vibes Mag | LGBT NEWS\"},\"image\":{\"@id\":\"https:\\\/\\\/queervibesmag.com\\\/#\\\/schema\\\/logo\\\/image\\\/\"},\"sameAs\":[\"https:\\\/\\\/x.com\\\/queervibesmag\"]},{\"@type\":\"Person\",\"@id\":\"https:\\\/\\\/queervibesmag.com\\\/#\\\/schema\\\/person\\\/9d2589cb12fe07ed1ef0d3c3f9228d52\",\"name\":\"QueerVibesMag\",\"image\":{\"@type\":\"ImageObject\",\"inLanguage\":\"es\",\"@id\":\"https:\\\/\\\/secure.gravatar.com\\\/avatar\\\/0bbb5765594baaa323b58b57926b3d7976708f18854390fef40c88a59647f3b8?s=96&d=mm&r=g\",\"url\":\"https:\\\/\\\/secure.gravatar.com\\\/avatar\\\/0bbb5765594baaa323b58b57926b3d7976708f18854390fef40c88a59647f3b8?s=96&d=mm&r=g\",\"contentUrl\":\"https:\\\/\\\/secure.gravatar.com\\\/avatar\\\/0bbb5765594baaa323b58b57926b3d7976708f18854390fef40c88a59647f3b8?s=96&d=mm&r=g\",\"caption\":\"QueerVibesMag\"},\"sameAs\":[\"https:\\\/\\\/queervibesmag.com\"],\"url\":\"https:\\\/\\\/queervibesmag.com\\\/es\\\/author\\\/admin\\\/\"}]}<\/script>\n<!-- \/ Yoast SEO plugin. -->","yoast_head_json":{"title":"Thousands attend Foyle Pride in Derry","description":"Des milliers de personnes ont c\u00e9l\u00e9br\u00e9 la diversit\u00e9 lors de la Foyle Pride 2024 \u00e0 Derry, avec un d\u00e9fil\u00e9 vibrant et des \u00e9v\u00e9nements inclusifs.","robots":{"index":"index","follow":"follow","max-snippet":"max-snippet:-1","max-image-preview":"max-image-preview:large","max-video-preview":"max-video-preview:-1"},"canonical":"https:\/\/queervibesmag.com\/es\/thousands-attend-foyle-pride-in-derry\/","og_locale":"es_ES","og_type":"article","og_title":"Thousands attend Foyle Pride in Derry","og_description":"Des milliers de personnes ont c\u00e9l\u00e9br\u00e9 la diversit\u00e9 lors de la Foyle Pride 2024 \u00e0 Derry, avec un d\u00e9fil\u00e9 vibrant et des \u00e9v\u00e9nements inclusifs.","og_url":"https:\/\/queervibesmag.com\/es\/thousands-attend-foyle-pride-in-derry\/","og_site_name":"Queer Vibes Mag","article_published_time":"2024-08-26T11:40:31+00:00","article_modified_time":"2024-08-26T11:40:34+00:00","og_image":[{"width":719,"height":419,"url":"https:\/\/queervibesmag.com\/wp-content\/uploads\/2024\/08\/Thousands-attend-Foyle-Pride-in-Derry.jpg","type":"image\/jpeg"}],"author":"QueerVibesMag","twitter_card":"summary_large_image","twitter_creator":"@queervibesmag","twitter_site":"@queervibesmag","twitter_misc":{"Escrito por":"QueerVibesMag","Tiempo de lectura":"2 minutos"},"schema":{"@context":"https:\/\/schema.org","@graph":[{"@type":"Article","@id":"https:\/\/queervibesmag.com\/thousands-attend-foyle-pride-in-derry\/#article","isPartOf":{"@id":"https:\/\/queervibesmag.com\/thousands-attend-foyle-pride-in-derry\/"},"author":{"name":"QueerVibesMag","@id":"https:\/\/queervibesmag.com\/#\/schema\/person\/9d2589cb12fe07ed1ef0d3c3f9228d52"},"headline":"Thousands attend Foyle Pride in Derry","datePublished":"2024-08-26T11:40:31+00:00","dateModified":"2024-08-26T11:40:34+00:00","mainEntityOfPage":{"@id":"https:\/\/queervibesmag.com\/thousands-attend-foyle-pride-in-derry\/"},"wordCount":389,"commentCount":0,"publisher":{"@id":"https:\/\/queervibesmag.com\/#organization"},"image":{"@id":"https:\/\/queervibesmag.com\/thousands-attend-foyle-pride-in-derry\/#primaryimage"},"thumbnailUrl":"https:\/\/i0.wp.com\/queervibesmag.com\/wp-content\/uploads\/2024\/08\/Thousands-attend-Foyle-Pride-in-Derry.jpg?fit=719%2C419&ssl=1","articleSection":["LGBTQ WORLD EVENTS","WORLD NEWS LGBTQ"],"inLanguage":"es","potentialAction":[{"@type":"CommentAction","name":"Comment","target":["https:\/\/queervibesmag.com\/thousands-attend-foyle-pride-in-derry\/#respond"]}]},{"@type":"WebPage","@id":"https:\/\/queervibesmag.com\/thousands-attend-foyle-pride-in-derry\/","url":"https:\/\/queervibesmag.com\/thousands-attend-foyle-pride-in-derry\/","name":"Thousands attend Foyle Pride in Derry","isPartOf":{"@id":"https:\/\/queervibesmag.com\/#website"},"primaryImageOfPage":{"@id":"https:\/\/queervibesmag.com\/thousands-attend-foyle-pride-in-derry\/#primaryimage"},"image":{"@id":"https:\/\/queervibesmag.com\/thousands-attend-foyle-pride-in-derry\/#primaryimage"},"thumbnailUrl":"https:\/\/i0.wp.com\/queervibesmag.com\/wp-content\/uploads\/2024\/08\/Thousands-attend-Foyle-Pride-in-Derry.jpg?fit=719%2C419&ssl=1","datePublished":"2024-08-26T11:40:31+00:00","dateModified":"2024-08-26T11:40:34+00:00","description":"Des milliers de personnes ont c\u00e9l\u00e9br\u00e9 la diversit\u00e9 lors de la Foyle Pride 2024 \u00e0 Derry, avec un d\u00e9fil\u00e9 vibrant et des \u00e9v\u00e9nements inclusifs.","breadcrumb":{"@id":"https:\/\/queervibesmag.com\/thousands-attend-foyle-pride-in-derry\/#breadcrumb"},"inLanguage":"es","potentialAction":[{"@type":"ReadAction","target":["https:\/\/queervibesmag.com\/thousands-attend-foyle-pride-in-derry\/"]}]},{"@type":"ImageObject","inLanguage":"es","@id":"https:\/\/queervibesmag.com\/thousands-attend-foyle-pride-in-derry\/#primaryimage","url":"https:\/\/i0.wp.com\/queervibesmag.com\/wp-content\/uploads\/2024\/08\/Thousands-attend-Foyle-Pride-in-Derry.jpg?fit=719%2C419&ssl=1","contentUrl":"https:\/\/i0.wp.com\/queervibesmag.com\/wp-content\/uploads\/2024\/08\/Thousands-attend-Foyle-Pride-in-Derry.jpg?fit=719%2C419&ssl=1","width":719,"height":419,"caption":"Thousands attend Foyle Pride in Derry"},{"@type":"BreadcrumbList","@id":"https:\/\/queervibesmag.com\/thousands-attend-foyle-pride-in-derry\/#breadcrumb","itemListElement":[{"@type":"ListItem","position":1,"name":"Home","item":"https:\/\/queervibesmag.com\/"},{"@type":"ListItem","position":2,"name":"Thousands attend Foyle Pride in Derry"}]},{"@type":"WebSite","@id":"https:\/\/queervibesmag.com\/#website","url":"https:\/\/queervibesmag.com\/","name":"Queer Vibes Mag","description":"NOTICIAS LGBT EN EL MUNDO","publisher":{"@id":"https:\/\/queervibesmag.com\/#organization"},"potentialAction":[{"@type":"SearchAction","target":{"@type":"EntryPoint","urlTemplate":"https:\/\/queervibesmag.com\/?s={search_term_string}"},"query-input":{"@type":"PropertyValueSpecification","valueRequired":true,"valueName":"search_term_string"}}],"inLanguage":"es"},{"@type":"Organization","@id":"https:\/\/queervibesmag.com\/#organization","name":"Queer Vibes Mag | LGBT NEWS","alternateName":"Queer Vibes Mag | LGBT NEWS","url":"https:\/\/queervibesmag.com\/","logo":{"@type":"ImageObject","inLanguage":"es","@id":"https:\/\/queervibesmag.com\/#\/schema\/logo\/image\/","url":"https:\/\/i0.wp.com\/queervibesmag.com\/wp-content\/uploads\/2023\/09\/cropped-Black_and_White_Modern_Literary_Magazine_Logo__2__-_Copie-removebg-preview.png?fit=200%2C200&ssl=1","contentUrl":"https:\/\/i0.wp.com\/queervibesmag.com\/wp-content\/uploads\/2023\/09\/cropped-Black_and_White_Modern_Literary_Magazine_Logo__2__-_Copie-removebg-preview.png?fit=200%2C200&ssl=1","width":200,"height":200,"caption":"Queer Vibes Mag | LGBT NEWS"},"image":{"@id":"https:\/\/queervibesmag.com\/#\/schema\/logo\/image\/"},"sameAs":["https:\/\/x.com\/queervibesmag"]},{"@type":"Person","@id":"https:\/\/queervibesmag.com\/#\/schema\/person\/9d2589cb12fe07ed1ef0d3c3f9228d52","name":"QueerVibesMag","image":{"@type":"ImageObject","inLanguage":"es","@id":"https:\/\/secure.gravatar.com\/avatar\/0bbb5765594baaa323b58b57926b3d7976708f18854390fef40c88a59647f3b8?s=96&d=mm&r=g","url":"https:\/\/secure.gravatar.com\/avatar\/0bbb5765594baaa323b58b57926b3d7976708f18854390fef40c88a59647f3b8?s=96&d=mm&r=g","contentUrl":"https:\/\/secure.gravatar.com\/avatar\/0bbb5765594baaa323b58b57926b3d7976708f18854390fef40c88a59647f3b8?s=96&d=mm&r=g","caption":"QueerVibesMag"},"sameAs":["https:\/\/queervibesmag.com"],"url":"https:\/\/queervibesmag.com\/es\/author\/admin\/"}]}},"jetpack_featured_media_url":"https:\/\/i0.wp.com\/queervibesmag.com\/wp-content\/uploads\/2024\/08\/Thousands-attend-Foyle-Pride-in-Derry.jpg?fit=719%2C419&ssl=1","jetpack_sharing_enabled":true,"jetpack-related-posts":[{"id":8445,"url":"https:\/\/queervibesmag.com\/es\/2026-prides-calendar-southern-france-events\/","url_meta":{"origin":3187,"position":0},"title":"2026 Prides Calendar: Southern France Events","author":"QueerVibesMag","date":"abril 29, 2026","format":false,"excerpt":"The Pride events in the south of France encapsulate the vibrancy of a movement that is both festive and activist. In 2026, these parades are being reinvented in cities like Marseille, Montpellier, and Toulon, as well as in emerging locales, celebrating the diversity of LGBTQ+ stories, journeys, and identities. Beneath\u2026","rel":"","context":"En \u00abLGBTQ INFOS NEWS\u00bb","block_context":{"text":"LGBTQ INFOS NEWS","link":"https:\/\/queervibesmag.com\/es\/category\/lgbtq-infos-news\/"},"img":{"alt_text":"","src":"","width":0,"height":0},"classes":[]},{"id":4630,"url":"https:\/\/queervibesmag.com\/es\/uk-pride-marches-ban-political-parties\/","url_meta":{"origin":3187,"position":1},"title":"UK Pride Marches Ban Political Parties","author":"QueerVibesMag","date":"mayo 13, 2025","format":false,"excerpt":"UK Pride Marches Ban Political Parties A United Stand to Defend Trans Rights In a bold and unprecedented move, organizers of four of the UK\u2019s largest Pride events \u2014 Birmingham Pride, Brighton Pride, Pride in London, and Manchester Pride \u2014 have announced the exclusion of all political parties from official\u2026","rel":"","context":"En \u00abUK LGBT NEWS\u00bb","block_context":{"text":"UK LGBT NEWS","link":"https:\/\/queervibesmag.com\/es\/category\/uk-lgbt-news\/"},"img":{"alt_text":"UK Pride Marches Ban Political Parties","src":"https:\/\/i0.wp.com\/queervibesmag.com\/wp-content\/uploads\/2025\/05\/UK-Pride-Events-Exclude-Political-Parties.jpg?fit=897%2C582&ssl=1&resize=350%2C200","width":350,"height":200,"srcset":"https:\/\/i0.wp.com\/queervibesmag.com\/wp-content\/uploads\/2025\/05\/UK-Pride-Events-Exclude-Political-Parties.jpg?fit=897%2C582&ssl=1&resize=350%2C200 1x, https:\/\/i0.wp.com\/queervibesmag.com\/wp-content\/uploads\/2025\/05\/UK-Pride-Events-Exclude-Political-Parties.jpg?fit=897%2C582&ssl=1&resize=525%2C300 1.5x, https:\/\/i0.wp.com\/queervibesmag.com\/wp-content\/uploads\/2025\/05\/UK-Pride-Events-Exclude-Political-Parties.jpg?fit=897%2C582&ssl=1&resize=700%2C400 2x"},"classes":[]},{"id":2826,"url":"https:\/\/queervibesmag.com\/es\/thousands-cheer-on-annual-pride-parade-in-london\/","url_meta":{"origin":3187,"position":2},"title":"Miles de personas animan el desfile anual del Orgullo en Londres","author":"QueerVibesMag","date":"julio 1, 2024","format":false,"excerpt":"Thousands cheer on annual Pride parade in London A Colorful Procession London's annual Pride Parade was a vibrant spectacle this year, featuring giant peacock floats, motorbike formations, and martial arts demonstrations set to energetic pop tunes. Attendees dressed in a variety of outfits, from carnival costumes to gym gear, as\u2026","rel":"","context":"En \u00abLGBTQ WORLD EVENTS\u00bb","block_context":{"text":"LGBTQ WORLD EVENTS","link":"https:\/\/queervibesmag.com\/es\/category\/lgbtq-world-events\/"},"img":{"alt_text":"Thousands cheer on annual Pride parade in London","src":"https:\/\/i0.wp.com\/queervibesmag.com\/wp-content\/uploads\/2024\/07\/Thousands-cheer-on-annual-Pride-parade-in-London.jpg?fit=920%2C559&ssl=1&resize=350%2C200","width":350,"height":200,"srcset":"https:\/\/i0.wp.com\/queervibesmag.com\/wp-content\/uploads\/2024\/07\/Thousands-cheer-on-annual-Pride-parade-in-London.jpg?fit=920%2C559&ssl=1&resize=350%2C200 1x, https:\/\/i0.wp.com\/queervibesmag.com\/wp-content\/uploads\/2024\/07\/Thousands-cheer-on-annual-Pride-parade-in-London.jpg?fit=920%2C559&ssl=1&resize=525%2C300 1.5x, https:\/\/i0.wp.com\/queervibesmag.com\/wp-content\/uploads\/2024\/07\/Thousands-cheer-on-annual-Pride-parade-in-London.jpg?fit=920%2C559&ssl=1&resize=700%2C400 2x"},"classes":[]},{"id":2551,"url":"https:\/\/queervibesmag.com\/es\/thailands-lgbtq-pride-parade-is-seen-as-a-popular-and-political-success\/","url_meta":{"origin":3187,"position":3},"title":"El Desfile del Orgullo LGBTQ de Tailandia se considera un \u00e9xito popular y pol\u00edtico","author":"QueerVibesMag","date":"junio 2, 2024","format":false,"excerpt":"Thailand\u2019s LGBTQ Pride Parade is seen as a popular and political success Celebrating LGBTQ+ Community with Enthusiasm Thailand began its Pride Month festivities with a vibrant parade on Saturday, setting the stage to potentially become the first Southeast Asian nation to legalize marriage equality. The annual Bangkok Pride Parade took\u2026","rel":"","context":"En \u00abGOOD NEWS\u00bb","block_context":{"text":"GOOD NEWS","link":"https:\/\/queervibesmag.com\/es\/category\/good-news\/"},"img":{"alt_text":"Thailand\u2019s LGBTQ Pride Parade is seen as a popular and political success","src":"https:\/\/i0.wp.com\/queervibesmag.com\/wp-content\/uploads\/2024\/06\/Thailands-LGBTQ-Pride-Parade-is-seen-as-a-popular-and-political-success.jpg?fit=836%2C544&ssl=1&resize=350%2C200","width":350,"height":200,"srcset":"https:\/\/i0.wp.com\/queervibesmag.com\/wp-content\/uploads\/2024\/06\/Thailands-LGBTQ-Pride-Parade-is-seen-as-a-popular-and-political-success.jpg?fit=836%2C544&ssl=1&resize=350%2C200 1x, https:\/\/i0.wp.com\/queervibesmag.com\/wp-content\/uploads\/2024\/06\/Thailands-LGBTQ-Pride-Parade-is-seen-as-a-popular-and-political-success.jpg?fit=836%2C544&ssl=1&resize=525%2C300 1.5x, https:\/\/i0.wp.com\/queervibesmag.com\/wp-content\/uploads\/2024\/06\/Thailands-LGBTQ-Pride-Parade-is-seen-as-a-popular-and-political-success.jpg?fit=836%2C544&ssl=1&resize=700%2C400 2x"},"classes":[]},{"id":1812,"url":"https:\/\/queervibesmag.com\/es\/miami-lgbtq-festivals\/","url_meta":{"origin":3187,"position":4},"title":"Festivales LGBTQ+ de Miami : Una gu\u00eda vibrante para viajeros queer","author":"QueerVibesMag","date":"marzo 6, 2024","format":false,"excerpt":"Miami LGBTQ+ Festivals : A Vibrant Guide for Queer Travelers Miami, a vibrant city known for its sun-soaked beaches and bustling nightlife, offers a unique allure to queer travelers. From its oceanfront culinary delights to its rich nightlife and shopping, the city is a haven for those seeking adventure and\u2026","rel":"","context":"En \u00abLGBTQ WORLD EVENTS\u00bb","block_context":{"text":"LGBTQ WORLD EVENTS","link":"https:\/\/queervibesmag.com\/es\/category\/lgbtq-world-events\/"},"img":{"alt_text":"Miami LGBTQ+ Festivals","src":"https:\/\/i0.wp.com\/queervibesmag.com\/wp-content\/uploads\/2024\/03\/654k.jpg?fit=732%2C421&ssl=1&resize=350%2C200","width":350,"height":200,"srcset":"https:\/\/i0.wp.com\/queervibesmag.com\/wp-content\/uploads\/2024\/03\/654k.jpg?fit=732%2C421&ssl=1&resize=350%2C200 1x, https:\/\/i0.wp.com\/queervibesmag.com\/wp-content\/uploads\/2024\/03\/654k.jpg?fit=732%2C421&ssl=1&resize=525%2C300 1.5x, https:\/\/i0.wp.com\/queervibesmag.com\/wp-content\/uploads\/2024\/03\/654k.jpg?fit=732%2C421&ssl=1&resize=700%2C400 2x"},"classes":[]},{"id":3007,"url":"https:\/\/queervibesmag.com\/es\/thousands-gather-in-hull-to-celebrate-pride\/","url_meta":{"origin":3187,"position":5},"title":"Thousands Gather in Hull to Celebrate Pride","author":"QueerVibesMag","date":"julio 29, 2024","format":false,"excerpt":"Thousands Gather in Hull to Celebrate Pride Parade Kicks Off Hull Pride Event On Saturday, immense crowds filled Hull to celebrate the city's Pride event. Thousands of attendees, many adorned in rainbow colors, arrived for the parade, which began at 09:30 BST. Entertainment Highlights The afternoon festivities at Zebedee's Yard\u2026","rel":"","context":"En \u00abUK LGBT NEWS\u00bb","block_context":{"text":"UK LGBT NEWS","link":"https:\/\/queervibesmag.com\/es\/category\/uk-lgbt-news\/"},"img":{"alt_text":"Thousands Gather in Hull to Celebrate Pride","src":"https:\/\/i0.wp.com\/queervibesmag.com\/wp-content\/uploads\/2024\/07\/Thousands-Gather-in-Hull-to-Celebrate-Pride.jpg?fit=969%2C545&ssl=1&resize=350%2C200","width":350,"height":200,"srcset":"https:\/\/i0.wp.com\/queervibesmag.com\/wp-content\/uploads\/2024\/07\/Thousands-Gather-in-Hull-to-Celebrate-Pride.jpg?fit=969%2C545&ssl=1&resize=350%2C200 1x, https:\/\/i0.wp.com\/queervibesmag.com\/wp-content\/uploads\/2024\/07\/Thousands-Gather-in-Hull-to-Celebrate-Pride.jpg?fit=969%2C545&ssl=1&resize=525%2C300 1.5x, https:\/\/i0.wp.com\/queervibesmag.com\/wp-content\/uploads\/2024\/07\/Thousands-Gather-in-Hull-to-Celebrate-Pride.jpg?fit=969%2C545&ssl=1&resize=700%2C400 2x"},"classes":[]}],"_links":{"self":[{"href":"https:\/\/queervibesmag.com\/es\/wp-json\/wp\/v2\/posts\/3187","targetHints":{"allow":["GET"]}}],"collection":[{"href":"https:\/\/queervibesmag.com\/es\/wp-json\/wp\/v2\/posts"}],"about":[{"href":"https:\/\/queervibesmag.com\/es\/wp-json\/wp\/v2\/types\/post"}],"author":[{"embeddable":true,"href":"https:\/\/queervibesmag.com\/es\/wp-json\/wp\/v2\/users\/1"}],"replies":[{"embeddable":true,"href":"https:\/\/queervibesmag.com\/es\/wp-json\/wp\/v2\/comments?post=3187"}],"version-history":[{"count":1,"href":"https:\/\/queervibesmag.com\/es\/wp-json\/wp\/v2\/posts\/3187\/revisions"}],"predecessor-version":[{"id":3189,"href":"https:\/\/queervibesmag.com\/es\/wp-json\/wp\/v2\/posts\/3187\/revisions\/3189"}],"wp:featuredmedia":[{"embeddable":true,"href":"https:\/\/queervibesmag.com\/es\/wp-json\/wp\/v2\/media\/3188"}],"wp:attachment":[{"href":"https:\/\/queervibesmag.com\/es\/wp-json\/wp\/v2\/media?parent=3187"}],"wp:term":[{"taxonomy":"category","embeddable":true,"href":"https:\/\/queervibesmag.com\/es\/wp-json\/wp\/v2\/categories?post=3187"},{"taxonomy":"post_tag","embeddable":true,"href":"https:\/\/queervibesmag.com\/es\/wp-json\/wp\/v2\/tags?post=3187"}],"curies":[{"name":"wp","href":"https:\/\/api.w.org\/{rel}","templated":true}]}}