{"id":3295,"date":"2024-09-20T13:44:22","date_gmt":"2024-09-20T13:44:22","guid":{"rendered":"https:\/\/queervibesmag.com\/?p=3295"},"modified":"2024-09-20T13:44:25","modified_gmt":"2024-09-20T13:44:25","slug":"tensions-in-lyon-over-the-visit-of-a-militant-accused-of-transphobia","status":"publish","type":"post","link":"https:\/\/queervibesmag.com\/es\/tensions-in-lyon-over-the-visit-of-a-militant-accused-of-transphobia\/","title":{"rendered":"Tensions in Lyon Over the Visit of a Militant Accused of Transphobia"},"content":{"rendered":"\n<p><strong><em>Tensions in Lyon Over the Visit of a Militant Accused of Transphobia<\/em><\/strong><\/p>\n\n\n\n<h2 class=\"wp-block-heading\">A Controversial Conference<\/h2>\n\n\n\n<p>Marguerite Stern, a militant known for her controversial views on transgender identities and co-author of the book <em>Transmania<\/em>, is holding a conference this Thursday, September 19, at Lyon&#8217;s ISSEP. The event, provocatively titled &#8220;How Transgender Ideology Destroys Lives,&#8221; has sparked strong opposition from several activist groups. A significant police presence has been deployed around the school, while about twenty attendees were present at the event, co-hosted with Dora Moutot.<\/p>\n\n\n\n<h2 class=\"wp-block-heading\">Protests and Opposition from Activist Groups<\/h2>\n\n\n\n<p>Organizations such as SOS Homophobie, Planning Familial, and Solidaires gathered in Lyon to voice their disapproval of Marguerite Stern\u2019s presence. They argue that her views are dangerous to the transgender community. Aurore*, a member of the Organization for Trans Solidarity in Lyon, explained: &#8220;Marguerite Stern&#8217;s positions are not harmless. Her rhetoric is dangerous and, in fact, deadly,&#8221; citing two recent transfeminicides.<\/p>\n\n\n\n<h2 class=\"wp-block-heading\">A Controversial Book<\/h2>\n\n\n\n<p>Since its release in April, the book <em>Transmania<\/em> has stirred heated debate. The authors criticize terms associated with transgender identities, describing what they call a pervasive &#8220;transmania.&#8221; SOS Homophobie has filed a lawsuit, claiming that certain passages could amount to hate speech. In response, promotional posters for the book were removed from the streets of Lyon due to these concerns.<\/p>\n\n\n\n<hr class=\"wp-block-separator has-alpha-channel-opacity\"\/>\n\n\n\n<p><strong>Read also :<\/strong> <a href=\"https:\/\/queervibesmag.com\/france-free-sti-screening-for-under-26s-and-100-coverage\/\">France : Free STI Screening for Under 26s and 100% Coverage<br><\/a><br><\/p>\n\n\n\n<hr class=\"wp-block-separator has-alpha-channel-opacity\"\/>\n\n\n\n<h2 class=\"wp-block-heading\">Activist Actions and Heightened Tensions<\/h2>\n\n\n\n<p>The night before the conference, three women were arrested while painting anti-Stern graffiti in Lyon. Additionally, the facade of ISSEP was found covered in slogans condemning transphobia, with messages such as &#8220;Keep transphobes out of our cities.&#8221; These incidents highlight the heightened tensions surrounding the militant\u2019s visit.<\/p>\n\n\n\n<h2 class=\"wp-block-heading\">A Feminism That Excludes Trans People<\/h2>\n\n\n\n<p>Marguerite Stern is frequently accused of supporting &#8220;Terf&#8221; (Trans-Exclusionary Radical Feminist) views, a feminist ideology that excludes transgender people. She advocates a biological definition of womanhood and identifies as a &#8220;femellist.&#8221; While criticized for aligning with far-right ideas, such rhetoric is gaining more visibility in French public discourse.<\/p>\n\n\n\n<h2 class=\"wp-block-heading\">An Event Under Tight Security<\/h2>\n\n\n\n<p>Despite threats and the ongoing controversy, Marguerite Stern confirmed her attendance in Lyon. &#8220;I don\u2019t cancel a conference because of threats,&#8221; she stated, adding that enhanced security measures, including a bodyguard, were arranged for her trip from Paris.<\/p>\n\n\n\n<p><strong>Source :<\/strong> <a href=\"https:\/\/boutique-lgbtqia.fr\/tensions-a-lyon-militante-accusee-de-transphobie\/\">https:\/\/boutique-lgbtqia.fr\/tensions-a-lyon-militante-accusee-de-transphobie\/<\/a><\/p>\n\n\n\n<pre id=\"tw-target-rmn\" class=\"wp-block-preformatted\"><\/pre>\n\n\n\n<figure class=\"wp-block-image size-full\"><img data-recalc-dims=\"1\" decoding=\"async\" width=\"20\" height=\"20\" src=\"https:\/\/i0.wp.com\/queervibesmag.com\/wp-content\/uploads\/2024\/09\/image-1.png?resize=20%2C20&#038;ssl=1\" alt=\"\" class=\"wp-image-3290\" srcset=\"https:\/\/i0.wp.com\/queervibesmag.com\/wp-content\/uploads\/2024\/09\/image-1.png?w=20&amp;ssl=1 20w, https:\/\/i0.wp.com\/queervibesmag.com\/wp-content\/uploads\/2024\/09\/image-1.png?resize=12%2C12&amp;ssl=1 12w\" sizes=\"(max-width: 20px) 100vw, 20px\" \/><\/figure>\n\n\n<style>\r\n\t.bf_gallery_1-818 .portfolio_thumbnail {\r\n\t\tborder-radius: 0;\r\n\t\tdisplay: block;\r\n\t\theight: auto;\r\n\t\tline-height: 1.42857;\r\n\t\theight: 100% !important;\r\n\t\twidth: 100% !important;\r\n\t\tfloat: left;\r\n\t}\r\n\r\n\t\/* thumb spacing *\/\r\n\r\n\t.bf_gallery_1-818 .col-xs-1,\r\n\t.bf_gallery_1-818 .col-sm-1,\r\n\t.bf_gallery_1-818 .col-md-1,\r\n\t.bf_gallery_1-818 .col-lg-1,\r\n\t.bf_gallery_1-818 .col-xs-2,\r\n\t.bf_gallery_1-818 .col-sm-2,\r\n\t.bf_gallery_1-818 .col-md-2,\r\n\t.bf_gallery_1-818 .col-lg-2,\r\n\t.bf_gallery_1-818 .col-xs-3,\r\n\t.bf_gallery_1-818 .col-sm-3,\r\n\t.bf_gallery_1-818 .col-md-3,\r\n\t.bf_gallery_1-818 .col-lg-3,\r\n\t.bf_gallery_1-818 .col-xs-4,\r\n\t.bf_gallery_1-818 .col-sm-4,\r\n\t.bf_gallery_1-818 .col-md-4,\r\n\t.bf_gallery_1-818 .col-lg-4,\r\n\t.bf_gallery_1-818 .col-xs-5,\r\n\t.bf_gallery_1-818 .col-sm-5,\r\n\t.bf_gallery_1-818 .col-md-5,\r\n\t.bf_gallery_1-818 .col-lg-5,\r\n\t.bf_gallery_1-818 .col-xs-6,\r\n\t.bf_gallery_1-818 .col-sm-6,\r\n\t.bf_gallery_1-818 .col-md-6,\r\n\t.bf_gallery_1-818 .col-lg-6,\r\n\t.bf_gallery_1-818 .col-xs-7,\r\n\t.bf_gallery_1-818 .col-sm-7,\r\n\t.bf_gallery_1-818 .col-md-7,\r\n\t.bf_gallery_1-818 .col-lg-7,\r\n\t.bf_gallery_1-818 .col-xs-8,\r\n\t.bf_gallery_1-818 .col-sm-8,\r\n\t.bf_gallery_1-818 .col-md-8,\r\n\t.bf_gallery_1-818 .col-lg-8,\r\n\t.bf_gallery_1-818 .col-xs-9,\r\n\t.bf_gallery_1-818 .col-sm-9,\r\n\t.bf_gallery_1-818 .col-md-9,\r\n\t.bf_gallery_1-818 .col-lg-9,\r\n\t.bf_gallery_1-818 .col-xs-10,\r\n\t.bf_gallery_1-818 .col-sm-10,\r\n\t.bf_gallery_1-818 .col-md-10,\r\n\t.bf_gallery_1-818 .col-lg-10,\r\n\t.bf_gallery_1-818 .col-xs-11,\r\n\t.bf_gallery_1-818 .col-sm-11,\r\n\t.bf_gallery_1-818 .col-md-11,\r\n\t.bf_gallery_1-818 .col-lg-11,\r\n\t.bf_gallery_1-818 .col-xs-12,\r\n\t.bf_gallery_1-818 .col-sm-12,\r\n\t.bf_gallery_1-818 .col-md-12,\r\n\t.bf_gallery_1-818 .col-lg-12 {\r\n\t\tpadding-right: 5px !important;\r\n\t\tpadding-left: 5px !important;\r\n\t\tpadding-bottom: 5px !important;\r\n\t\tpadding-top: 5px !important;\r\n\t}\r\n\r\n\t.snip0047-818 {\r\n\t\tbackground-color: #0a0000 !important;\r\n\t}\r\n\r\n\t.snip0047-818:focus {\r\n\t\tbackground-color: #0a0000 !important;\r\n\t}\r\n\r\n\t.snip0047-818:active {\r\n\t\tbackground-color: #0a0000 !important;\r\n\t}\r\n\r\n\t.blog_pagination-818 span {\r\n\t\tbackground: #58BBEE !important;\r\n\t\tborder: 1px solid #eaeaea;\r\n\t\tdisplay: inline-block;\r\n\t\ttext-align: center;\r\n\t\tcolor: #FFFFFF;\r\n\t\tpadding: 4px 12px;\r\n\t\tborder-radius: 5px;\r\n\t}\r\n\r\n\t.blog_pagination-818 span:hover {\r\n\t\tbackground: #58BBEE !important;\r\n\t\tcolor: #ffffff;\r\n\t}\r\n\r\n\t.blog_pagination-818 a {\r\n\t\tborder: 1px solid #58BBEE !important;\r\n\t\tdisplay: inline-block;\r\n\t\ttext-align: center;\r\n\t\tcolor: #58BBEE !important;\r\n\t\tpadding: 4px 12px;\r\n\t\tborder-radius: 5px;\r\n\t\ttransition: 0.7s;\r\n\t}\r\n\r\n\t.blog_pagination-818 a:hover,\r\n\t.blog_pagination-818 a:focus {\r\n\t\tbackground: #58BBEE !important;\r\n\t\tcolor: #FFFFFF !important;\r\n\t\ttext-decoration: none;\r\n\t}\r\n\r\n\tfigure.snip1228-818 figcaption i {\r\n\t\tbackground-color: #0a0000 !important;\r\n\t}\r\n\r\n\t.blog_loader-818 {\r\n\t\tborder-top: 5px solid #0a0000 !important;\r\n\t}\r\n\r\n\t.filtr-container {\r\n\t\ttransition-property: height, width;\r\n\t}\r\n\r\n\t.filtr-container,\r\n\t.filtr-container .filtr-item {\r\n\t\t-webkit-transition-duration: 0.8s;\r\n\t\t-moz-transition-duration: 0.8s;\r\n\t\t-ms-transition-duration: 0.8s;\r\n\t\t-o-transition-duration: 0.8s;\r\n\t\ttransition-duration: 0.8s;\r\n\r\n\t}\r\n\r\n\t.filtr-item {\r\n\t\t-webkit-transition-property: transform, opacity, height, width;\r\n\t\t-moz-transition-property: transform, opacity, height, width;\r\n\t\t-ms-transition-property: transform, opacity, height, width;\r\n\t\t-o-transition-property: transform, opacity, height, width;\r\n\t\ttransition-property: transform, opacity, height, width;\r\n\t\t-webkit-transition-timing-function: ease-out;\r\n\t\t-moz-transition-timing-function: ease-out;\r\n\t\ttransition-timing-function: ease-out;\r\n\t}\r\n\r\n\t.filtr-item .post-box {\r\n\t\ttransform: scale3d(1, 1, 1);\r\n\t\ttransition: transform 0.5s ease-out, opacity 0.5s ease-out;\r\n\t}\r\n\r\n\t.filtr-item .lazyimg {\r\n\t\ttransition-property: transform, opacity;\r\n\t\ttransition-duration: 0.5s;\r\n\t\ttransform: scale3d(1, 1, 1);\r\n\t\ttransition-timing-function: ease-out;\r\n\t}\r\n\r\n\t#load-more-818 {\r\n\t\ttransition-delay: 0.8s;\r\n\t\ttext-align: center;\r\n\t\tmargin: 0 auto;\r\n\t\tbackground-color: #58BBEE !important;\r\n\t}\r\n\r\n\t#load-more-818:focus {\r\n\t\tbox-shadow: none !important\r\n\t}\r\n\r\n\t.lds-ellipsis-818 div {\r\n\t\tposition: absolute;\r\n\t\ttop: 33px;\r\n\t\twidth: 13px;\r\n\t\theight: 13px;\r\n\t\tborder-radius: 50%;\r\n\t\tbackground: #58BBEE !important;\r\n\t\tanimation-timing-function: cubic-bezier(0, 1, 1, 0);\r\n\t}\r\n\r\n\t\/* Image to background *\/\r\n\t@media (min-width: 1025px) {\r\n\t\t.snip0047-818:hover span {\r\n\t\t\t-webkit-transform: translate3d(-20px, 0px, 0px);\r\n\t\t\ttransform: translate3d(-20px, 0px, 0px);\r\n\t\t\topacity: 1;\r\n\t\t}\r\n\r\n\t\t.snip0047-818:hover i {\r\n\t\t\topacity: 1;\r\n\t\t\t-webkit-transition-delay: 0.15s;\r\n\t\t\ttransition-delay: 0.15s;\r\n\t\t}\r\n\r\n\t\t.snip0047-818:hover:before {\r\n\t\t\twidth: 38px;\r\n\t\t\t-webkit-transition-delay: 0s;\r\n\t\t\ttransition-delay: 0s;\r\n\t\t\tborder-radius: 5px;\r\n\t\t}\r\n\r\n\t}\r\n\r\n\t.snip0047-818.active span {\r\n\t\t-webkit-transform: translate3d(-20px, 0px, 0px);\r\n\t\ttransform: translate3d(-20px, 0px, 0px);\r\n\t\topacity: 1;\r\n\t}\r\n\r\n\t.snip0047-818.active i {\r\n\t\topacity: 1;\r\n\t\t-webkit-transition-delay: 0.15s;\r\n\t\ttransition-delay: 0.15s;\r\n\t}\r\n\r\n\t.snip0047-818.active:before {\r\n\t\twidth: 38px;\r\n\t\t-webkit-transition-delay: 0s;\r\n\t\ttransition-delay: 0s;\r\n\t\tborder-radius: 5px;\r\n\t}\r\n\r\n\t\/* title box css*\/\r\n\r\n\t.blog_title:hover {\r\n\t\tcolor: #0a0000 !important;\r\n\t}\r\n\r\n\t.bf_thumb_box_1-818 {\r\n\t\tpadding: inherit;\r\n\t\tbackground-color: #EDEEF0;\r\n\t\tborder: 1px solid;\r\n\t\tborder-color: rgba(213, 216, 221);\r\n\t}\r\n\r\n\t .bf_title_box_1-818 {\r\n\t\tpadding-top: 5px;\r\n\t\tpadding-bottom: 10px;\r\n\t\tpadding-left: 8px;\r\n\t\tpadding-right: 8px;\r\n\t}\r\n\r\n\t .bf_title_box_2-818 {\r\n\t\tpadding-top: 10px;\r\n\t\tpadding-bottom: 10px;\r\n\t\tpadding-left: 8px;\r\n\t\tpadding-right: 8px;\r\n\t}\r\n\r\n\t.bf_title_1-818 {\r\n\t\tfloat: left;\r\n\t\tmargin-top: 15px;\r\n\t\tmargin-bottom: 15px;\r\n\t\tfont-size: 25px !important;\r\n\t\tcolor: #000 !important;\r\n\t\tfont-weight: bold !important;\r\n\t\twidth: 100%;\r\n\t}\r\n\r\n\t.bf_desc_1-818 {\r\n\t\tfont-size: 14px;\r\n\t\tcolor: #606060;\r\n\t\tmargin: 10px 1px;\r\n\t}\r\n\r\n\t.blog_metaInfo>span {\r\n\t\tcolor: #606060;\r\n\t}\r\n\r\n\r\n\t<\/style>    <div id=\"BlogFilterMain-818\" class=\"blog_filter_main\" version=\"1.7.9\"\r\n        data-post-type=\"post\" data-initload=\"12\">\r\n        \r\n        <div class=\"text-center\">\r\n            <ul class=\"simplefilter filtr-control-818\">\r\n                                    <li id=\"10\" class=\"filtr-controls-818 snip0047 snip0047-818\" value=\"10\" data-filter=\"10\"><span style=\"pointer-events: none;\">WORLD NEWS LGBTQ<\/span><i class=\"bf-icon-check\" style=\"pointer-events: none;\"><svg width=\"12\" height=\"12\" viewBox=\"0 0 24 24\" fill=\"none\" stroke=\"currentColor\" stroke-width=\"6\" stroke-linecap=\"round\" stroke-linejoin=\"round\"><polyline points=\"20 6 9 17 4 12\"><\/polyline><\/svg><\/i><\/li>\r\n                            <\/ul>\r\n        <\/div>\r\n                    <div class=\"blog_search_div text-center\">\r\n                <input type=\"text\" class=\"filtr-controls-818 searchTerm\" name=\"blog_search\" placeholder=\"Search\" data-search>\r\n            <\/div>\r\n        <div class=\"filtr-container filters-div bf_gallery_1-818\" style=\"width:100%\">\r\n            \t\t<div style=\"opacity:0;\" id=\"bf_5128\" data-category=\"13, 10\"\r\n\t\t\tdata-sort=\"LGBTQ WORLD EVENTS\"\r\n\t\t\tclass=\"13 10 pfg_theme_1 filtr-item filtr_item_1 single_one col-lg-4 col-md-4 col-sm-6 col-xs-12\">\r\n\t\t\t\t\t\t\t<div\r\n\t\t\t\t\tclass=\"post-box bf_thumb_box_1-818 \">\r\n\t\t\t\t\t<div class=\"bf_title_box_1-818 bf_title_box_1 fit-text-main\" maxlength=\"20\">\r\n\r\n\t\t\t\t\t\t\t\t\t\t\t\t\t\t<h2 class=\"bf_title_1-818 blog_title_1 fit-text\">Bern Pride 2025 : Everything to Know About Switzerland\u2019s Parade<\/h2>\r\n\t\t\t\t\t\t\t\t\t\t\t\t\t\t\t<div class=\"blog_metaInfo\">\r\n\t\t\t\t\t\t\t\t\t\t\t\t\t\t\t\t\t\t\t<span class=\"blog_date\"><i class=\"bf-icon\"><svg width=\"14\" height=\"14\" viewBox=\"0 0 24 24\" fill=\"none\" stroke=\"currentColor\" stroke-width=\"3\" stroke-linecap=\"round\" stroke-linejoin=\"round\"><rect x=\"3\" y=\"4\" width=\"18\" height=\"18\" rx=\"2\" ry=\"2\"><\/rect><line x1=\"16\" y1=\"2\" x2=\"16\" y2=\"6\"><\/line><line x1=\"8\" y1=\"2\" x2=\"8\" y2=\"6\"><\/line><line x1=\"3\" y1=\"10\" x2=\"21\" y2=\"10\"><\/line><\/svg><\/i> 2 julio, 2025 <\/span>\r\n\t\t\t\t\t\t\t\t\t\t\t\t\t\t\t\t\t<\/div>\r\n\t\t\t\t\t\t\t\t\t\t\t\t<\/div>\r\n\r\n\t\t\t\t\t\n        <figure class=\"snip1550 fit-in-content\" style=\"\">\n\n                                        <img decoding=\"async\" title=\"Bern Pride 2025 : Everything to Know About Switzerland\u2019s Parade\" class=\"portfolio_thumbnail\" src=\"https:\/\/i0.wp.com\/queervibesmag.com\/wp-content\/uploads\/2025\/07\/68655cd271b52.png?fit=300%2C300&#038;ssl=1 \" alt=\"Bern Pride 2025 : Everything to Know About Switzerland\u2019s Parade\">\n            \n        <\/figure>\n\n\r\n\t\t\t\t\t<div class=\"bf_title_box_2-818 bf_title_box_2 fit-text-main\">\r\n\t\t\t\t\t\t\t\t\t\t\t\t\t<div class=\"bf_desc_1-818 blog_desc fit-text\">\r\n\t\t\t\t\t\t\t\tBern Pride 2025 \ud83d\udccd Bern Pride 2025 is set to take place on Saturday, July 12, 2025, in the heart o\t\t\t\t\t\t\t<\/div>\r\n\t\t\t\t\t\t\t\t\t\t\t\t\t<div class=\"bf_read_more_div_1\">\r\n\t\t\t\t\t\t\t\t<a id=\"blog_read_more\" class=\"snip0047 snip0047-818 bf_read_more_1\"\r\n\t\t\t\t\t\t\t\t\thref=\"https:\/\/queervibesmag.com\/es\/bern-pride-2025-everything-to-know-about-switzerlands-parade\/\"><span>Read More<\/span><i\r\n\t\t\t\t\t\t\t\t\t\tclass=\"bf-icon-readmore\"><svg width=\"16\" height=\"16\" viewBox=\"0 0 24 24\" fill=\"none\" stroke=\"currentColor\" stroke-width=\"3\" stroke-linecap=\"round\" stroke-linejoin=\"round\"><path d=\"M10 13a5 5 0 0 0 7.54.54l3-3a5 5 0 0 0-7.07-7.07l-1.72 1.71\"><\/path><path d=\"M14 11a5 5 0 0 0-7.54-.54l-3 3a5 5 0 0 0 7.07 7.07l1.71-1.71\"><\/path><\/svg><\/i><\/a>\r\n\t\t\t\t\t\t\t<\/div>\r\n\t\t\t\t\t\t\t\t\t\t\t<\/div>\r\n\t\t\t\t<\/div>\r\n\t\t\t\t\t\t<input type=\"hidden\" value=\"5128\" class=\"displayed_posts\">\r\n\t\t<\/div>\r\n\t\t<div style=\"opacity:0;\" id=\"bf_5062\" data-category=\"13, 10\"\r\n\t\t\tdata-sort=\"LGBTQ WORLD EVENTS\"\r\n\t\t\tclass=\"13 10 pfg_theme_1 filtr-item filtr_item_1 single_one col-lg-4 col-md-4 col-sm-6 col-xs-12\">\r\n\t\t\t\t\t\t\t<div\r\n\t\t\t\t\tclass=\"post-box bf_thumb_box_1-818 \">\r\n\t\t\t\t\t<div class=\"bf_title_box_1-818 bf_title_box_1 fit-text-main\" maxlength=\"20\">\r\n\r\n\t\t\t\t\t\t\t\t\t\t\t\t\t\t<h2 class=\"bf_title_1-818 blog_title_1 fit-text\">President Michael D. Higgins Sends Final Pride Message to LGBT+ Community<\/h2>\r\n\t\t\t\t\t\t\t\t\t\t\t\t\t\t\t<div class=\"blog_metaInfo\">\r\n\t\t\t\t\t\t\t\t\t\t\t\t\t\t\t\t\t\t\t<span class=\"blog_date\"><i class=\"bf-icon\"><svg width=\"14\" height=\"14\" viewBox=\"0 0 24 24\" fill=\"none\" stroke=\"currentColor\" stroke-width=\"3\" stroke-linecap=\"round\" stroke-linejoin=\"round\"><rect x=\"3\" y=\"4\" width=\"18\" height=\"18\" rx=\"2\" ry=\"2\"><\/rect><line x1=\"16\" y1=\"2\" x2=\"16\" y2=\"6\"><\/line><line x1=\"8\" y1=\"2\" x2=\"8\" y2=\"6\"><\/line><line x1=\"3\" y1=\"10\" x2=\"21\" y2=\"10\"><\/line><\/svg><\/i> 28 junio, 2025 <\/span>\r\n\t\t\t\t\t\t\t\t\t\t\t\t\t\t\t\t\t<\/div>\r\n\t\t\t\t\t\t\t\t\t\t\t\t<\/div>\r\n\r\n\t\t\t\t\t\n        <figure class=\"snip1550 fit-in-content\" style=\"\">\n\n                                        <img decoding=\"async\" title=\"President Michael D. Higgins Sends Final Pride Message to LGBT+ Community\" class=\"portfolio_thumbnail\" src=\"https:\/\/i0.wp.com\/queervibesmag.com\/wp-content\/uploads\/2025\/06\/a140fe662afe4db46062e5857c663eea9b88fcd7.png?fit=300%2C300&#038;ssl=1 \" alt=\"President Michael D. Higgins Sends Final Pride Message to LGBT+ Community\">\n            \n        <\/figure>\n\n\r\n\t\t\t\t\t<div class=\"bf_title_box_2-818 bf_title_box_2 fit-text-main\">\r\n\t\t\t\t\t\t\t\t\t\t\t\t\t<div class=\"bf_desc_1-818 blog_desc fit-text\">\r\n\t\t\t\t\t\t\t\tPresident Michael D. Higgins Pride 2025 LGBT Speech \u2013 Ireland A Powerful Celebration of Visibility\t\t\t\t\t\t\t<\/div>\r\n\t\t\t\t\t\t\t\t\t\t\t\t\t<div class=\"bf_read_more_div_1\">\r\n\t\t\t\t\t\t\t\t<a id=\"blog_read_more\" class=\"snip0047 snip0047-818 bf_read_more_1\"\r\n\t\t\t\t\t\t\t\t\thref=\"https:\/\/queervibesmag.com\/es\/president-michael-d-higgins-sends-final-pride-message-to-lgbt-community\/\"><span>Read More<\/span><i\r\n\t\t\t\t\t\t\t\t\t\tclass=\"bf-icon-readmore\"><svg width=\"16\" height=\"16\" viewBox=\"0 0 24 24\" fill=\"none\" stroke=\"currentColor\" stroke-width=\"3\" stroke-linecap=\"round\" stroke-linejoin=\"round\"><path d=\"M10 13a5 5 0 0 0 7.54.54l3-3a5 5 0 0 0-7.07-7.07l-1.72 1.71\"><\/path><path d=\"M14 11a5 5 0 0 0-7.54-.54l-3 3a5 5 0 0 0 7.07 7.07l1.71-1.71\"><\/path><\/svg><\/i><\/a>\r\n\t\t\t\t\t\t\t<\/div>\r\n\t\t\t\t\t\t\t\t\t\t\t<\/div>\r\n\t\t\t\t<\/div>\r\n\t\t\t\t\t\t<input type=\"hidden\" value=\"5062\" class=\"displayed_posts\">\r\n\t\t<\/div>\r\n\t\t<div style=\"opacity:0;\" id=\"bf_4462\" data-category=\"9, 10\"\r\n\t\t\tdata-sort=\"LGBT POLITICAL NEWS\"\r\n\t\t\tclass=\"9 10 pfg_theme_1 filtr-item filtr_item_1 single_one col-lg-4 col-md-4 col-sm-6 col-xs-12\">\r\n\t\t\t\t\t\t\t<div\r\n\t\t\t\t\tclass=\"post-box bf_thumb_box_1-818 \">\r\n\t\t\t\t\t<div class=\"bf_title_box_1-818 bf_title_box_1 fit-text-main\" maxlength=\"20\">\r\n\r\n\t\t\t\t\t\t\t\t\t\t\t\t\t\t<h2 class=\"bf_title_1-818 blog_title_1 fit-text\">MEPs Plan to Attend Budapest Pride Despite Ban<\/h2>\r\n\t\t\t\t\t\t\t\t\t\t\t\t\t\t\t<div class=\"blog_metaInfo\">\r\n\t\t\t\t\t\t\t\t\t\t\t\t\t\t\t\t\t\t\t<span class=\"blog_date\"><i class=\"bf-icon\"><svg width=\"14\" height=\"14\" viewBox=\"0 0 24 24\" fill=\"none\" stroke=\"currentColor\" stroke-width=\"3\" stroke-linecap=\"round\" stroke-linejoin=\"round\"><rect x=\"3\" y=\"4\" width=\"18\" height=\"18\" rx=\"2\" ry=\"2\"><\/rect><line x1=\"16\" y1=\"2\" x2=\"16\" y2=\"6\"><\/line><line x1=\"8\" y1=\"2\" x2=\"8\" y2=\"6\"><\/line><line x1=\"3\" y1=\"10\" x2=\"21\" y2=\"10\"><\/line><\/svg><\/i> 3 abril, 2025 <\/span>\r\n\t\t\t\t\t\t\t\t\t\t\t\t\t\t\t\t\t<\/div>\r\n\t\t\t\t\t\t\t\t\t\t\t\t<\/div>\r\n\r\n\t\t\t\t\t\r\n\t\t\t\t\t<div class=\"bf_title_box_2-818 bf_title_box_2 fit-text-main\">\r\n\t\t\t\t\t\t\t\t\t\t\t\t\t<div class=\"bf_desc_1-818 blog_desc fit-text\">\r\n\t\t\t\t\t\t\t\tA Defiant Act Against Restrictive Legislation A dozen Members of the European Parliament have announ\t\t\t\t\t\t\t<\/div>\r\n\t\t\t\t\t\t\t\t\t\t\t\t\t<div class=\"bf_read_more_div_1\">\r\n\t\t\t\t\t\t\t\t<a id=\"blog_read_more\" class=\"snip0047 snip0047-818 bf_read_more_1\"\r\n\t\t\t\t\t\t\t\t\thref=\"https:\/\/queervibesmag.com\/es\/meps-plan-to-attend-budapest-pride-despite-ban\/\"><span>Read More<\/span><i\r\n\t\t\t\t\t\t\t\t\t\tclass=\"bf-icon-readmore\"><svg width=\"16\" height=\"16\" viewBox=\"0 0 24 24\" fill=\"none\" stroke=\"currentColor\" stroke-width=\"3\" stroke-linecap=\"round\" stroke-linejoin=\"round\"><path d=\"M10 13a5 5 0 0 0 7.54.54l3-3a5 5 0 0 0-7.07-7.07l-1.72 1.71\"><\/path><path d=\"M14 11a5 5 0 0 0-7.54-.54l-3 3a5 5 0 0 0 7.07 7.07l1.71-1.71\"><\/path><\/svg><\/i><\/a>\r\n\t\t\t\t\t\t\t<\/div>\r\n\t\t\t\t\t\t\t\t\t\t\t<\/div>\r\n\t\t\t\t<\/div>\r\n\t\t\t\t\t\t<input type=\"hidden\" value=\"4462\" class=\"displayed_posts\">\r\n\t\t<\/div>\r\n\t\t<div style=\"opacity:0;\" id=\"bf_4409\" data-category=\"10\"\r\n\t\t\tdata-sort=\"WORLD NEWS LGBTQ\"\r\n\t\t\tclass=\"10 pfg_theme_1 filtr-item filtr_item_1 single_one col-lg-4 col-md-4 col-sm-6 col-xs-12\">\r\n\t\t\t\t\t\t\t<div\r\n\t\t\t\t\tclass=\"post-box bf_thumb_box_1-818 \">\r\n\t\t\t\t\t<div class=\"bf_title_box_1-818 bf_title_box_1 fit-text-main\" maxlength=\"20\">\r\n\r\n\t\t\t\t\t\t\t\t\t\t\t\t\t\t<h2 class=\"bf_title_1-818 blog_title_1 fit-text\">Kenya : An Anti-LGBT+ Law Could Lead to Massive Economic Losses<\/h2>\r\n\t\t\t\t\t\t\t\t\t\t\t\t\t\t\t<div class=\"blog_metaInfo\">\r\n\t\t\t\t\t\t\t\t\t\t\t\t\t\t\t\t\t\t\t<span class=\"blog_date\"><i class=\"bf-icon\"><svg width=\"14\" height=\"14\" viewBox=\"0 0 24 24\" fill=\"none\" stroke=\"currentColor\" stroke-width=\"3\" stroke-linecap=\"round\" stroke-linejoin=\"round\"><rect x=\"3\" y=\"4\" width=\"18\" height=\"18\" rx=\"2\" ry=\"2\"><\/rect><line x1=\"16\" y1=\"2\" x2=\"16\" y2=\"6\"><\/line><line x1=\"8\" y1=\"2\" x2=\"8\" y2=\"6\"><\/line><line x1=\"3\" y1=\"10\" x2=\"21\" y2=\"10\"><\/line><\/svg><\/i> 26 marzo, 2025 <\/span>\r\n\t\t\t\t\t\t\t\t\t\t\t\t\t\t\t\t\t<\/div>\r\n\t\t\t\t\t\t\t\t\t\t\t\t<\/div>\r\n\r\n\t\t\t\t\t\n        <figure class=\"snip1550 fit-in-content\" style=\"\">\n\n                                        <img decoding=\"async\" title=\"Kenya loi anti LGBT Pertes \u00e9conomiques\" class=\"portfolio_thumbnail\" src=\"https:\/\/i0.wp.com\/queervibesmag.com\/wp-content\/uploads\/2025\/03\/Kenya-loi-anti-LGBT-Pertes-economiques.jpg?fit=300%2C214&#038;ssl=1 \" alt=\"Kenya Anti-LGBT+ Law Economic Losses\">\n            \n        <\/figure>\n\n\r\n\t\t\t\t\t<div class=\"bf_title_box_2-818 bf_title_box_2 fit-text-main\">\r\n\t\t\t\t\t\t\t\t\t\t\t\t\t<div class=\"bf_desc_1-818 blog_desc fit-text\">\r\n\t\t\t\t\t\t\t\tKenya Anti-LGBT+ Law Economic Losses An Economic Impact Estimated at $7.8 Billion A proposed law aim\t\t\t\t\t\t\t<\/div>\r\n\t\t\t\t\t\t\t\t\t\t\t\t\t<div class=\"bf_read_more_div_1\">\r\n\t\t\t\t\t\t\t\t<a id=\"blog_read_more\" class=\"snip0047 snip0047-818 bf_read_more_1\"\r\n\t\t\t\t\t\t\t\t\thref=\"https:\/\/queervibesmag.com\/es\/kenya-anti-lgbt-law-economic-losses\/\"><span>Read More<\/span><i\r\n\t\t\t\t\t\t\t\t\t\tclass=\"bf-icon-readmore\"><svg width=\"16\" height=\"16\" viewBox=\"0 0 24 24\" fill=\"none\" stroke=\"currentColor\" stroke-width=\"3\" stroke-linecap=\"round\" stroke-linejoin=\"round\"><path d=\"M10 13a5 5 0 0 0 7.54.54l3-3a5 5 0 0 0-7.07-7.07l-1.72 1.71\"><\/path><path d=\"M14 11a5 5 0 0 0-7.54-.54l-3 3a5 5 0 0 0 7.07 7.07l1.71-1.71\"><\/path><\/svg><\/i><\/a>\r\n\t\t\t\t\t\t\t<\/div>\r\n\t\t\t\t\t\t\t\t\t\t\t<\/div>\r\n\t\t\t\t<\/div>\r\n\t\t\t\t\t\t<input type=\"hidden\" value=\"4409\" class=\"displayed_posts\">\r\n\t\t<\/div>\r\n\t\t<div style=\"opacity:0;\" id=\"bf_4399\" data-category=\"10\"\r\n\t\t\tdata-sort=\"WORLD NEWS LGBTQ\"\r\n\t\t\tclass=\"10 pfg_theme_1 filtr-item filtr_item_1 single_one col-lg-4 col-md-4 col-sm-6 col-xs-12\">\r\n\t\t\t\t\t\t\t<div\r\n\t\t\t\t\tclass=\"post-box bf_thumb_box_1-818 \">\r\n\t\t\t\t\t<div class=\"bf_title_box_1-818 bf_title_box_1 fit-text-main\" maxlength=\"20\">\r\n\r\n\t\t\t\t\t\t\t\t\t\t\t\t\t\t<h2 class=\"bf_title_1-818 blog_title_1 fit-text\">Netherlands Issues Warning to LGBT+ Travelers About U.S. Laws<\/h2>\r\n\t\t\t\t\t\t\t\t\t\t\t\t\t\t\t<div class=\"blog_metaInfo\">\r\n\t\t\t\t\t\t\t\t\t\t\t\t\t\t\t\t\t\t\t<span class=\"blog_date\"><i class=\"bf-icon\"><svg width=\"14\" height=\"14\" viewBox=\"0 0 24 24\" fill=\"none\" stroke=\"currentColor\" stroke-width=\"3\" stroke-linecap=\"round\" stroke-linejoin=\"round\"><rect x=\"3\" y=\"4\" width=\"18\" height=\"18\" rx=\"2\" ry=\"2\"><\/rect><line x1=\"16\" y1=\"2\" x2=\"16\" y2=\"6\"><\/line><line x1=\"8\" y1=\"2\" x2=\"8\" y2=\"6\"><\/line><line x1=\"3\" y1=\"10\" x2=\"21\" y2=\"10\"><\/line><\/svg><\/i> 25 marzo, 2025 <\/span>\r\n\t\t\t\t\t\t\t\t\t\t\t\t\t\t\t\t\t<\/div>\r\n\t\t\t\t\t\t\t\t\t\t\t\t<\/div>\r\n\r\n\t\t\t\t\t\n        <figure class=\"snip1550 fit-in-content\" style=\"\">\n\n                                        <img decoding=\"async\" title=\"Netherlands Issues Warning to LGBT+ Travelers About U.S. Laws\" class=\"portfolio_thumbnail\" src=\"https:\/\/i0.wp.com\/queervibesmag.com\/wp-content\/uploads\/2025\/03\/Netherlands-Issues-Warning-to-LGBT-Travelers-About-U.S.-Laws.jpg?fit=300%2C230&#038;ssl=1 \" alt=\"Netherlands Issues Warning to LGBT+ Travelers About U.S. Laws\">\n            \n        <\/figure>\n\n\r\n\t\t\t\t\t<div class=\"bf_title_box_2-818 bf_title_box_2 fit-text-main\">\r\n\t\t\t\t\t\t\t\t\t\t\t\t\t<div class=\"bf_desc_1-818 blog_desc fit-text\">\r\n\t\t\t\t\t\t\t\tNetherlands Issues Warning to LGBT+ Travelers About U.S. Laws Updated Travel Guidance for Dutch Citi\t\t\t\t\t\t\t<\/div>\r\n\t\t\t\t\t\t\t\t\t\t\t\t\t<div class=\"bf_read_more_div_1\">\r\n\t\t\t\t\t\t\t\t<a id=\"blog_read_more\" class=\"snip0047 snip0047-818 bf_read_more_1\"\r\n\t\t\t\t\t\t\t\t\thref=\"https:\/\/queervibesmag.com\/es\/netherlands-issues-warning-to-lgbt-travelers-about-u-s-laws\/\"><span>Read More<\/span><i\r\n\t\t\t\t\t\t\t\t\t\tclass=\"bf-icon-readmore\"><svg width=\"16\" height=\"16\" viewBox=\"0 0 24 24\" fill=\"none\" stroke=\"currentColor\" stroke-width=\"3\" stroke-linecap=\"round\" stroke-linejoin=\"round\"><path d=\"M10 13a5 5 0 0 0 7.54.54l3-3a5 5 0 0 0-7.07-7.07l-1.72 1.71\"><\/path><path d=\"M14 11a5 5 0 0 0-7.54-.54l-3 3a5 5 0 0 0 7.07 7.07l1.71-1.71\"><\/path><\/svg><\/i><\/a>\r\n\t\t\t\t\t\t\t<\/div>\r\n\t\t\t\t\t\t\t\t\t\t\t<\/div>\r\n\t\t\t\t<\/div>\r\n\t\t\t\t\t\t<input type=\"hidden\" value=\"4399\" class=\"displayed_posts\">\r\n\t\t<\/div>\r\n\t\t<div style=\"opacity:0;\" id=\"bf_4385\" data-category=\"10\"\r\n\t\t\tdata-sort=\"WORLD NEWS LGBTQ\"\r\n\t\t\tclass=\"10 pfg_theme_1 filtr-item filtr_item_1 single_one col-lg-4 col-md-4 col-sm-6 col-xs-12\">\r\n\t\t\t\t\t\t\t<div\r\n\t\t\t\t\tclass=\"post-box bf_thumb_box_1-818 \">\r\n\t\t\t\t\t<div class=\"bf_title_box_1-818 bf_title_box_1 fit-text-main\" maxlength=\"20\">\r\n\r\n\t\t\t\t\t\t\t\t\t\t\t\t\t\t<h2 class=\"bf_title_1-818 blog_title_1 fit-text\">Austria : 15 Arrested in Connection with Anti-LGBT+ Attacks<\/h2>\r\n\t\t\t\t\t\t\t\t\t\t\t\t\t\t\t<div class=\"blog_metaInfo\">\r\n\t\t\t\t\t\t\t\t\t\t\t\t\t\t\t\t\t\t\t<span class=\"blog_date\"><i class=\"bf-icon\"><svg width=\"14\" height=\"14\" viewBox=\"0 0 24 24\" fill=\"none\" stroke=\"currentColor\" stroke-width=\"3\" stroke-linecap=\"round\" stroke-linejoin=\"round\"><rect x=\"3\" y=\"4\" width=\"18\" height=\"18\" rx=\"2\" ry=\"2\"><\/rect><line x1=\"16\" y1=\"2\" x2=\"16\" y2=\"6\"><\/line><line x1=\"8\" y1=\"2\" x2=\"8\" y2=\"6\"><\/line><line x1=\"3\" y1=\"10\" x2=\"21\" y2=\"10\"><\/line><\/svg><\/i> 22 marzo, 2025 <\/span>\r\n\t\t\t\t\t\t\t\t\t\t\t\t\t\t\t\t\t<\/div>\r\n\t\t\t\t\t\t\t\t\t\t\t\t<\/div>\r\n\r\n\t\t\t\t\t\n        <figure class=\"snip1550 fit-in-content\" style=\"\">\n\n                                        <img decoding=\"async\" title=\"Austria 15 Arrested in Connection with Anti-LGBT+ Attacks\" class=\"portfolio_thumbnail\" src=\"https:\/\/i0.wp.com\/queervibesmag.com\/wp-content\/uploads\/2025\/03\/Austria-15-Arrested-in-Connection-with-Anti-LGBT-Attacks.jpg?fit=300%2C209&#038;ssl=1 \" alt=\"Austria 15 Arrested in Connection with Anti-LGBT+ Attacks\">\n            \n        <\/figure>\n\n\r\n\t\t\t\t\t<div class=\"bf_title_box_2-818 bf_title_box_2 fit-text-main\">\r\n\t\t\t\t\t\t\t\t\t\t\t\t\t<div class=\"bf_desc_1-818 blog_desc fit-text\">\r\n\t\t\t\t\t\t\t\tAustria : 15 Arrested in Connection with Anti-LGBT+ Attacks A Violent Network Exposed Austrian autho\t\t\t\t\t\t\t<\/div>\r\n\t\t\t\t\t\t\t\t\t\t\t\t\t<div class=\"bf_read_more_div_1\">\r\n\t\t\t\t\t\t\t\t<a id=\"blog_read_more\" class=\"snip0047 snip0047-818 bf_read_more_1\"\r\n\t\t\t\t\t\t\t\t\thref=\"https:\/\/queervibesmag.com\/es\/austria-15-arrested-anti-lgbt-attacks\/\"><span>Read More<\/span><i\r\n\t\t\t\t\t\t\t\t\t\tclass=\"bf-icon-readmore\"><svg width=\"16\" height=\"16\" viewBox=\"0 0 24 24\" fill=\"none\" stroke=\"currentColor\" stroke-width=\"3\" stroke-linecap=\"round\" stroke-linejoin=\"round\"><path d=\"M10 13a5 5 0 0 0 7.54.54l3-3a5 5 0 0 0-7.07-7.07l-1.72 1.71\"><\/path><path d=\"M14 11a5 5 0 0 0-7.54-.54l-3 3a5 5 0 0 0 7.07 7.07l1.71-1.71\"><\/path><\/svg><\/i><\/a>\r\n\t\t\t\t\t\t\t<\/div>\r\n\t\t\t\t\t\t\t\t\t\t\t<\/div>\r\n\t\t\t\t<\/div>\r\n\t\t\t\t\t\t<input type=\"hidden\" value=\"4385\" class=\"displayed_posts\">\r\n\t\t<\/div>\r\n\t\t<div style=\"opacity:0;\" id=\"bf_4347\" data-category=\"9, 10\"\r\n\t\t\tdata-sort=\"LGBT POLITICAL NEWS\"\r\n\t\t\tclass=\"9 10 pfg_theme_1 filtr-item filtr_item_1 single_one col-lg-4 col-md-4 col-sm-6 col-xs-12\">\r\n\t\t\t\t\t\t\t<div\r\n\t\t\t\t\tclass=\"post-box bf_thumb_box_1-818 \">\r\n\t\t\t\t\t<div class=\"bf_title_box_1-818 bf_title_box_1 fit-text-main\" maxlength=\"20\">\r\n\r\n\t\t\t\t\t\t\t\t\t\t\t\t\t\t<h2 class=\"bf_title_1-818 blog_title_1 fit-text\">Hungary Moves to Ban Pride : A New Attack on LGBT+ Rights<\/h2>\r\n\t\t\t\t\t\t\t\t\t\t\t\t\t\t\t<div class=\"blog_metaInfo\">\r\n\t\t\t\t\t\t\t\t\t\t\t\t\t\t\t\t\t\t\t<span class=\"blog_date\"><i class=\"bf-icon\"><svg width=\"14\" height=\"14\" viewBox=\"0 0 24 24\" fill=\"none\" stroke=\"currentColor\" stroke-width=\"3\" stroke-linecap=\"round\" stroke-linejoin=\"round\"><rect x=\"3\" y=\"4\" width=\"18\" height=\"18\" rx=\"2\" ry=\"2\"><\/rect><line x1=\"16\" y1=\"2\" x2=\"16\" y2=\"6\"><\/line><line x1=\"8\" y1=\"2\" x2=\"8\" y2=\"6\"><\/line><line x1=\"3\" y1=\"10\" x2=\"21\" y2=\"10\"><\/line><\/svg><\/i> 18 marzo, 2025 <\/span>\r\n\t\t\t\t\t\t\t\t\t\t\t\t\t\t\t\t\t<\/div>\r\n\t\t\t\t\t\t\t\t\t\t\t\t<\/div>\r\n\r\n\t\t\t\t\t\n        <figure class=\"snip1550 fit-in-content\" style=\"\">\n\n                                        <img decoding=\"async\" title=\"Hungary Moves to Ban Pride\" class=\"portfolio_thumbnail\" src=\"https:\/\/i0.wp.com\/queervibesmag.com\/wp-content\/uploads\/2025\/03\/Hungary-Moves-to-Ban-Pride.jpg?fit=300%2C181&#038;ssl=1 \" alt=\"Hungary Moves to Ban Pride\">\n            \n        <\/figure>\n\n\r\n\t\t\t\t\t<div class=\"bf_title_box_2-818 bf_title_box_2 fit-text-main\">\r\n\t\t\t\t\t\t\t\t\t\t\t\t\t<div class=\"bf_desc_1-818 blog_desc fit-text\">\r\n\t\t\t\t\t\t\t\tHungary Moves to Ban Pride Proposed Legislation Seeks to Outlaw the Pride March The Hungarian govern\t\t\t\t\t\t\t<\/div>\r\n\t\t\t\t\t\t\t\t\t\t\t\t\t<div class=\"bf_read_more_div_1\">\r\n\t\t\t\t\t\t\t\t<a id=\"blog_read_more\" class=\"snip0047 snip0047-818 bf_read_more_1\"\r\n\t\t\t\t\t\t\t\t\thref=\"https:\/\/queervibesmag.com\/es\/hungary-moves-to-ban-pride\/\"><span>Read More<\/span><i\r\n\t\t\t\t\t\t\t\t\t\tclass=\"bf-icon-readmore\"><svg width=\"16\" height=\"16\" viewBox=\"0 0 24 24\" fill=\"none\" stroke=\"currentColor\" stroke-width=\"3\" stroke-linecap=\"round\" stroke-linejoin=\"round\"><path d=\"M10 13a5 5 0 0 0 7.54.54l3-3a5 5 0 0 0-7.07-7.07l-1.72 1.71\"><\/path><path d=\"M14 11a5 5 0 0 0-7.54-.54l-3 3a5 5 0 0 0 7.07 7.07l1.71-1.71\"><\/path><\/svg><\/i><\/a>\r\n\t\t\t\t\t\t\t<\/div>\r\n\t\t\t\t\t\t\t\t\t\t\t<\/div>\r\n\t\t\t\t<\/div>\r\n\t\t\t\t\t\t<input type=\"hidden\" value=\"4347\" class=\"displayed_posts\">\r\n\t\t<\/div>\r\n\t\t<div style=\"opacity:0;\" id=\"bf_4342\" data-category=\"10\"\r\n\t\t\tdata-sort=\"WORLD NEWS LGBTQ\"\r\n\t\t\tclass=\"10 pfg_theme_1 filtr-item filtr_item_1 single_one col-lg-4 col-md-4 col-sm-6 col-xs-12\">\r\n\t\t\t\t\t\t\t<div\r\n\t\t\t\t\tclass=\"post-box bf_thumb_box_1-818 \">\r\n\t\t\t\t\t<div class=\"bf_title_box_1-818 bf_title_box_1 fit-text-main\" maxlength=\"20\">\r\n\r\n\t\t\t\t\t\t\t\t\t\t\t\t\t\t<h2 class=\"bf_title_1-818 blog_title_1 fit-text\">Tunisia : Intensified Crackdown on the LGBTQ+ Community and Its Supporters<\/h2>\r\n\t\t\t\t\t\t\t\t\t\t\t\t\t\t\t<div class=\"blog_metaInfo\">\r\n\t\t\t\t\t\t\t\t\t\t\t\t\t\t\t\t\t\t\t<span class=\"blog_date\"><i class=\"bf-icon\"><svg width=\"14\" height=\"14\" viewBox=\"0 0 24 24\" fill=\"none\" stroke=\"currentColor\" stroke-width=\"3\" stroke-linecap=\"round\" stroke-linejoin=\"round\"><rect x=\"3\" y=\"4\" width=\"18\" height=\"18\" rx=\"2\" ry=\"2\"><\/rect><line x1=\"16\" y1=\"2\" x2=\"16\" y2=\"6\"><\/line><line x1=\"8\" y1=\"2\" x2=\"8\" y2=\"6\"><\/line><line x1=\"3\" y1=\"10\" x2=\"21\" y2=\"10\"><\/line><\/svg><\/i> 17 marzo, 2025 <\/span>\r\n\t\t\t\t\t\t\t\t\t\t\t\t\t\t\t\t\t<\/div>\r\n\t\t\t\t\t\t\t\t\t\t\t\t<\/div>\r\n\r\n\t\t\t\t\t\n        <figure class=\"snip1550 fit-in-content\" style=\"\">\n\n                                        <img decoding=\"async\" title=\"Tunisia : Intensified Crackdown on the LGBTQ+ Community and Its Supporters\" class=\"portfolio_thumbnail\" src=\"https:\/\/i0.wp.com\/queervibesmag.com\/wp-content\/uploads\/2025\/03\/Tunisie-Intensification-de-la-Repression-Contre-la-Communaute-LGBTQ.jpg?fit=300%2C185&#038;ssl=1 \" alt=\"Tunisia : Intensified Crackdown on the LGBTQ+ Community and Its Supporters\">\n            \n        <\/figure>\n\n\r\n\t\t\t\t\t<div class=\"bf_title_box_2-818 bf_title_box_2 fit-text-main\">\r\n\t\t\t\t\t\t\t\t\t\t\t\t\t<div class=\"bf_desc_1-818 blog_desc fit-text\">\r\n\t\t\t\t\t\t\t\tTunisia: Intensified Crackdown on the LGBTQ+ Community and Its Supporters \u2013 A Growing Repression D\t\t\t\t\t\t\t<\/div>\r\n\t\t\t\t\t\t\t\t\t\t\t\t\t<div class=\"bf_read_more_div_1\">\r\n\t\t\t\t\t\t\t\t<a id=\"blog_read_more\" class=\"snip0047 snip0047-818 bf_read_more_1\"\r\n\t\t\t\t\t\t\t\t\thref=\"https:\/\/queervibesmag.com\/es\/tunisia-intensified-crackdown-on-the-lgbtq-community\/\"><span>Read More<\/span><i\r\n\t\t\t\t\t\t\t\t\t\tclass=\"bf-icon-readmore\"><svg width=\"16\" height=\"16\" viewBox=\"0 0 24 24\" fill=\"none\" stroke=\"currentColor\" stroke-width=\"3\" stroke-linecap=\"round\" stroke-linejoin=\"round\"><path d=\"M10 13a5 5 0 0 0 7.54.54l3-3a5 5 0 0 0-7.07-7.07l-1.72 1.71\"><\/path><path d=\"M14 11a5 5 0 0 0-7.54-.54l-3 3a5 5 0 0 0 7.07 7.07l1.71-1.71\"><\/path><\/svg><\/i><\/a>\r\n\t\t\t\t\t\t\t<\/div>\r\n\t\t\t\t\t\t\t\t\t\t\t<\/div>\r\n\t\t\t\t<\/div>\r\n\t\t\t\t\t\t<input type=\"hidden\" value=\"4342\" class=\"displayed_posts\">\r\n\t\t<\/div>\r\n\t\t<div style=\"opacity:0;\" id=\"bf_4297\" data-category=\"10\"\r\n\t\t\tdata-sort=\"WORLD NEWS LGBTQ\"\r\n\t\t\tclass=\"10 pfg_theme_1 filtr-item filtr_item_1 single_one col-lg-4 col-md-4 col-sm-6 col-xs-12\">\r\n\t\t\t\t\t\t\t<div\r\n\t\t\t\t\tclass=\"post-box bf_thumb_box_1-818 \">\r\n\t\t\t\t\t<div class=\"bf_title_box_1-818 bf_title_box_1 fit-text-main\" maxlength=\"20\">\r\n\r\n\t\t\t\t\t\t\t\t\t\t\t\t\t\t<h2 class=\"bf_title_1-818 blog_title_1 fit-text\">Young LGBTQ+ People Feel Safer Online Than in Real Life<\/h2>\r\n\t\t\t\t\t\t\t\t\t\t\t\t\t\t\t<div class=\"blog_metaInfo\">\r\n\t\t\t\t\t\t\t\t\t\t\t\t\t\t\t\t\t\t\t<span class=\"blog_date\"><i class=\"bf-icon\"><svg width=\"14\" height=\"14\" viewBox=\"0 0 24 24\" fill=\"none\" stroke=\"currentColor\" stroke-width=\"3\" stroke-linecap=\"round\" stroke-linejoin=\"round\"><rect x=\"3\" y=\"4\" width=\"18\" height=\"18\" rx=\"2\" ry=\"2\"><\/rect><line x1=\"16\" y1=\"2\" x2=\"16\" y2=\"6\"><\/line><line x1=\"8\" y1=\"2\" x2=\"8\" y2=\"6\"><\/line><line x1=\"3\" y1=\"10\" x2=\"21\" y2=\"10\"><\/line><\/svg><\/i> 12 marzo, 2025 <\/span>\r\n\t\t\t\t\t\t\t\t\t\t\t\t\t\t\t\t\t<\/div>\r\n\t\t\t\t\t\t\t\t\t\t\t\t<\/div>\r\n\r\n\t\t\t\t\t\n        <figure class=\"snip1550 fit-in-content\" style=\"\">\n\n                                        <img decoding=\"async\" title=\"Young LGBTQ+ People Feel Safer Online Than in Real Life\" class=\"portfolio_thumbnail\" src=\"https:\/\/i0.wp.com\/queervibesmag.com\/wp-content\/uploads\/2025\/03\/Young-LGBTQ-People-Feel-Safer-Online-Than-in-Real-Life.jpg?fit=300%2C232&#038;ssl=1 \" alt=\"Young LGBTQ+ People Feel Safer Online Than in Real Life\">\n            \n        <\/figure>\n\n\r\n\t\t\t\t\t<div class=\"bf_title_box_2-818 bf_title_box_2 fit-text-main\">\r\n\t\t\t\t\t\t\t\t\t\t\t\t\t<div class=\"bf_desc_1-818 blog_desc fit-text\">\r\n\t\t\t\t\t\t\t\tYoung LGBTQ+ People Feel Safer Online Than in Real Life Increased Trust in Digital Spaces A recent s\t\t\t\t\t\t\t<\/div>\r\n\t\t\t\t\t\t\t\t\t\t\t\t\t<div class=\"bf_read_more_div_1\">\r\n\t\t\t\t\t\t\t\t<a id=\"blog_read_more\" class=\"snip0047 snip0047-818 bf_read_more_1\"\r\n\t\t\t\t\t\t\t\t\thref=\"https:\/\/queervibesmag.com\/es\/young-lgbtq-people-feel-safer-online-than-in-real-life\/\"><span>Read More<\/span><i\r\n\t\t\t\t\t\t\t\t\t\tclass=\"bf-icon-readmore\"><svg width=\"16\" height=\"16\" viewBox=\"0 0 24 24\" fill=\"none\" stroke=\"currentColor\" stroke-width=\"3\" stroke-linecap=\"round\" stroke-linejoin=\"round\"><path d=\"M10 13a5 5 0 0 0 7.54.54l3-3a5 5 0 0 0-7.07-7.07l-1.72 1.71\"><\/path><path d=\"M14 11a5 5 0 0 0-7.54-.54l-3 3a5 5 0 0 0 7.07 7.07l1.71-1.71\"><\/path><\/svg><\/i><\/a>\r\n\t\t\t\t\t\t\t<\/div>\r\n\t\t\t\t\t\t\t\t\t\t\t<\/div>\r\n\t\t\t\t<\/div>\r\n\t\t\t\t\t\t<input type=\"hidden\" value=\"4297\" class=\"displayed_posts\">\r\n\t\t<\/div>\r\n\t\t<div style=\"opacity:0;\" id=\"bf_4259\" data-category=\"10\"\r\n\t\t\tdata-sort=\"WORLD NEWS LGBTQ\"\r\n\t\t\tclass=\"10 pfg_theme_1 filtr-item filtr_item_1 single_one col-lg-4 col-md-4 col-sm-6 col-xs-12\">\r\n\t\t\t\t\t\t\t<div\r\n\t\t\t\t\tclass=\"post-box bf_thumb_box_1-818 \">\r\n\t\t\t\t\t<div class=\"bf_title_box_1-818 bf_title_box_1 fit-text-main\" maxlength=\"20\">\r\n\r\n\t\t\t\t\t\t\t\t\t\t\t\t\t\t<h2 class=\"bf_title_1-818 blog_title_1 fit-text\">Doctors of the World Warns USAID<\/h2>\r\n\t\t\t\t\t\t\t\t\t\t\t\t\t\t\t<div class=\"blog_metaInfo\">\r\n\t\t\t\t\t\t\t\t\t\t\t\t\t\t\t\t\t\t\t<span class=\"blog_date\"><i class=\"bf-icon\"><svg width=\"14\" height=\"14\" viewBox=\"0 0 24 24\" fill=\"none\" stroke=\"currentColor\" stroke-width=\"3\" stroke-linecap=\"round\" stroke-linejoin=\"round\"><rect x=\"3\" y=\"4\" width=\"18\" height=\"18\" rx=\"2\" ry=\"2\"><\/rect><line x1=\"16\" y1=\"2\" x2=\"16\" y2=\"6\"><\/line><line x1=\"8\" y1=\"2\" x2=\"8\" y2=\"6\"><\/line><line x1=\"3\" y1=\"10\" x2=\"21\" y2=\"10\"><\/line><\/svg><\/i> 9 marzo, 2025 <\/span>\r\n\t\t\t\t\t\t\t\t\t\t\t\t\t\t\t\t\t<\/div>\r\n\t\t\t\t\t\t\t\t\t\t\t\t<\/div>\r\n\r\n\t\t\t\t\t\n        <figure class=\"snip1550 fit-in-content\" style=\"\">\n\n                                        <img decoding=\"async\" title=\"USAID Funding Cuts\" class=\"portfolio_thumbnail\" src=\"https:\/\/i0.wp.com\/queervibesmag.com\/wp-content\/uploads\/2025\/03\/USAID-Funding-Cuts.jpg?fit=300%2C217&#038;ssl=1 \" alt=\"Doctors of the World Warns USAID\">\n            \n        <\/figure>\n\n\r\n\t\t\t\t\t<div class=\"bf_title_box_2-818 bf_title_box_2 fit-text-main\">\r\n\t\t\t\t\t\t\t\t\t\t\t\t\t<div class=\"bf_desc_1-818 blog_desc fit-text\">\r\n\t\t\t\t\t\t\t\tDoctors of the World Warns USAID A Drastic Reduction in USAID Funding The United States has decided\t\t\t\t\t\t\t<\/div>\r\n\t\t\t\t\t\t\t\t\t\t\t\t\t<div class=\"bf_read_more_div_1\">\r\n\t\t\t\t\t\t\t\t<a id=\"blog_read_more\" class=\"snip0047 snip0047-818 bf_read_more_1\"\r\n\t\t\t\t\t\t\t\t\thref=\"https:\/\/queervibesmag.com\/es\/doctors-of-the-world-warns-usaid\/\"><span>Read More<\/span><i\r\n\t\t\t\t\t\t\t\t\t\tclass=\"bf-icon-readmore\"><svg width=\"16\" height=\"16\" viewBox=\"0 0 24 24\" fill=\"none\" stroke=\"currentColor\" stroke-width=\"3\" stroke-linecap=\"round\" stroke-linejoin=\"round\"><path d=\"M10 13a5 5 0 0 0 7.54.54l3-3a5 5 0 0 0-7.07-7.07l-1.72 1.71\"><\/path><path d=\"M14 11a5 5 0 0 0-7.54-.54l-3 3a5 5 0 0 0 7.07 7.07l1.71-1.71\"><\/path><\/svg><\/i><\/a>\r\n\t\t\t\t\t\t\t<\/div>\r\n\t\t\t\t\t\t\t\t\t\t\t<\/div>\r\n\t\t\t\t<\/div>\r\n\t\t\t\t\t\t<input type=\"hidden\" value=\"4259\" class=\"displayed_posts\">\r\n\t\t<\/div>\r\n\t\t<div style=\"opacity:0;\" id=\"bf_4249\" data-category=\"87, 10\"\r\n\t\t\tdata-sort=\"JUSTICE LGBT NEWS\"\r\n\t\t\tclass=\"87 10 pfg_theme_1 filtr-item filtr_item_1 single_one col-lg-4 col-md-4 col-sm-6 col-xs-12\">\r\n\t\t\t\t\t\t\t<div\r\n\t\t\t\t\tclass=\"post-box bf_thumb_box_1-818 \">\r\n\t\t\t\t\t<div class=\"bf_title_box_1-818 bf_title_box_1 fit-text-main\" maxlength=\"20\">\r\n\r\n\t\t\t\t\t\t\t\t\t\t\t\t\t\t<h2 class=\"bf_title_1-818 blog_title_1 fit-text\">Trial to Proceed for Russian LGBT Travel Agent Who Died in Custody<\/h2>\r\n\t\t\t\t\t\t\t\t\t\t\t\t\t\t\t<div class=\"blog_metaInfo\">\r\n\t\t\t\t\t\t\t\t\t\t\t\t\t\t\t\t\t\t\t<span class=\"blog_date\"><i class=\"bf-icon\"><svg width=\"14\" height=\"14\" viewBox=\"0 0 24 24\" fill=\"none\" stroke=\"currentColor\" stroke-width=\"3\" stroke-linecap=\"round\" stroke-linejoin=\"round\"><rect x=\"3\" y=\"4\" width=\"18\" height=\"18\" rx=\"2\" ry=\"2\"><\/rect><line x1=\"16\" y1=\"2\" x2=\"16\" y2=\"6\"><\/line><line x1=\"8\" y1=\"2\" x2=\"8\" y2=\"6\"><\/line><line x1=\"3\" y1=\"10\" x2=\"21\" y2=\"10\"><\/line><\/svg><\/i> 8 marzo, 2025 <\/span>\r\n\t\t\t\t\t\t\t\t\t\t\t\t\t\t\t\t\t<\/div>\r\n\t\t\t\t\t\t\t\t\t\t\t\t<\/div>\r\n\r\n\t\t\t\t\t\n        <figure class=\"snip1550 fit-in-content\" style=\"\">\n\n                                        <img decoding=\"async\" title=\"Trial to Proceed for Russian LGBT Travel Agent Who Died in Custody\" class=\"portfolio_thumbnail\" src=\"https:\/\/i0.wp.com\/queervibesmag.com\/wp-content\/uploads\/2025\/03\/Proces-Maintenu-pour-lAgent-de-Voyage-LGBT-Russe-Decede-en-Detention.jpg?fit=300%2C193&#038;ssl=1 \" alt=\"Trial to Proceed for Russian LGBT Travel Agent Who Died in Custody\">\n            \n        <\/figure>\n\n\r\n\t\t\t\t\t<div class=\"bf_title_box_2-818 bf_title_box_2 fit-text-main\">\r\n\t\t\t\t\t\t\t\t\t\t\t\t\t<div class=\"bf_desc_1-818 blog_desc fit-text\">\r\n\t\t\t\t\t\t\t\tTrial to Proceed for Russian LGBT Travel Agent Who Died in Custody A Posthumous Trial Despite His De\t\t\t\t\t\t\t<\/div>\r\n\t\t\t\t\t\t\t\t\t\t\t\t\t<div class=\"bf_read_more_div_1\">\r\n\t\t\t\t\t\t\t\t<a id=\"blog_read_more\" class=\"snip0047 snip0047-818 bf_read_more_1\"\r\n\t\t\t\t\t\t\t\t\thref=\"https:\/\/queervibesmag.com\/es\/posthumous-trial-for-russian-lgbt-travel-agent-who-died-in-custody\/\"><span>Read More<\/span><i\r\n\t\t\t\t\t\t\t\t\t\tclass=\"bf-icon-readmore\"><svg width=\"16\" height=\"16\" viewBox=\"0 0 24 24\" fill=\"none\" stroke=\"currentColor\" stroke-width=\"3\" stroke-linecap=\"round\" stroke-linejoin=\"round\"><path d=\"M10 13a5 5 0 0 0 7.54.54l3-3a5 5 0 0 0-7.07-7.07l-1.72 1.71\"><\/path><path d=\"M14 11a5 5 0 0 0-7.54-.54l-3 3a5 5 0 0 0 7.07 7.07l1.71-1.71\"><\/path><\/svg><\/i><\/a>\r\n\t\t\t\t\t\t\t<\/div>\r\n\t\t\t\t\t\t\t\t\t\t\t<\/div>\r\n\t\t\t\t<\/div>\r\n\t\t\t\t\t\t<input type=\"hidden\" value=\"4249\" class=\"displayed_posts\">\r\n\t\t<\/div>\r\n\t\t<div style=\"opacity:0;\" id=\"bf_4222\" data-category=\"168, 10\"\r\n\t\t\tdata-sort=\"AFRIQUA LGBT NEWS\"\r\n\t\t\tclass=\"168 10 pfg_theme_1 filtr-item filtr_item_1 single_one col-lg-4 col-md-4 col-sm-6 col-xs-12\">\r\n\t\t\t\t\t\t\t<div\r\n\t\t\t\t\tclass=\"post-box bf_thumb_box_1-818 \">\r\n\t\t\t\t\t<div class=\"bf_title_box_1-818 bf_title_box_1 fit-text-main\" maxlength=\"20\">\r\n\r\n\t\t\t\t\t\t\t\t\t\t\t\t\t\t<h2 class=\"bf_title_1-818 blog_title_1 fit-text\">Lesotho&#8217;s LGBT NGO Refutes Donald Trump&#8217;s Claims of $8 Million in U.S. Aid<\/h2>\r\n\t\t\t\t\t\t\t\t\t\t\t\t\t\t\t<div class=\"blog_metaInfo\">\r\n\t\t\t\t\t\t\t\t\t\t\t\t\t\t\t\t\t\t\t<span class=\"blog_date\"><i class=\"bf-icon\"><svg width=\"14\" height=\"14\" viewBox=\"0 0 24 24\" fill=\"none\" stroke=\"currentColor\" stroke-width=\"3\" stroke-linecap=\"round\" stroke-linejoin=\"round\"><rect x=\"3\" y=\"4\" width=\"18\" height=\"18\" rx=\"2\" ry=\"2\"><\/rect><line x1=\"16\" y1=\"2\" x2=\"16\" y2=\"6\"><\/line><line x1=\"8\" y1=\"2\" x2=\"8\" y2=\"6\"><\/line><line x1=\"3\" y1=\"10\" x2=\"21\" y2=\"10\"><\/line><\/svg><\/i> 6 marzo, 2025 <\/span>\r\n\t\t\t\t\t\t\t\t\t\t\t\t\t\t\t\t\t<\/div>\r\n\t\t\t\t\t\t\t\t\t\t\t\t<\/div>\r\n\r\n\t\t\t\t\t\n        <figure class=\"snip1550 fit-in-content\" style=\"\">\n\n                                        <img decoding=\"async\" title=\"NGO LGBT Lesotho Donald Trump US aid\" class=\"portfolio_thumbnail\" src=\"https:\/\/i0.wp.com\/queervibesmag.com\/wp-content\/uploads\/2025\/03\/5d5ds.jpg?fit=300%2C194&#038;ssl=1 \" alt=\"NGO LGBT Lesotho Donald Trump US aid\">\n            \n        <\/figure>\n\n\r\n\t\t\t\t\t<div class=\"bf_title_box_2-818 bf_title_box_2 fit-text-main\">\r\n\t\t\t\t\t\t\t\t\t\t\t\t\t<div class=\"bf_desc_1-818 blog_desc fit-text\">\r\n\t\t\t\t\t\t\t\tNGO LGBT Lesotho Donald Trump US aid \ud83c\udff3\ufe0f\u200d\ud83c\udf08 People\u2019s Matrix Denies Any U.S. Funding The or\t\t\t\t\t\t\t<\/div>\r\n\t\t\t\t\t\t\t\t\t\t\t\t\t<div class=\"bf_read_more_div_1\">\r\n\t\t\t\t\t\t\t\t<a id=\"blog_read_more\" class=\"snip0047 snip0047-818 bf_read_more_1\"\r\n\t\t\t\t\t\t\t\t\thref=\"https:\/\/queervibesmag.com\/es\/ngo-lgbt-lesotho-donald-trump-us-aid\/\"><span>Read More<\/span><i\r\n\t\t\t\t\t\t\t\t\t\tclass=\"bf-icon-readmore\"><svg width=\"16\" height=\"16\" viewBox=\"0 0 24 24\" fill=\"none\" stroke=\"currentColor\" stroke-width=\"3\" stroke-linecap=\"round\" stroke-linejoin=\"round\"><path d=\"M10 13a5 5 0 0 0 7.54.54l3-3a5 5 0 0 0-7.07-7.07l-1.72 1.71\"><\/path><path d=\"M14 11a5 5 0 0 0-7.54-.54l-3 3a5 5 0 0 0 7.07 7.07l1.71-1.71\"><\/path><\/svg><\/i><\/a>\r\n\t\t\t\t\t\t\t<\/div>\r\n\t\t\t\t\t\t\t\t\t\t\t<\/div>\r\n\t\t\t\t<\/div>\r\n\t\t\t\t\t\t<input type=\"hidden\" value=\"4222\" class=\"displayed_posts\">\r\n\t\t<\/div>\r\n            <div class=\"blog_loader blog_loader-818\"><\/div>\r\n        <\/div>\r\n\r\n                <div class=\"load-scroll-block\" data-scrollflage=\"1\">\r\n            <div class=\"lds-ellipsis\">\r\n                <div><\/div>\r\n                <div><\/div>\r\n                <div><\/div>\r\n                <div><\/div>\r\n            <\/div>\r\n        <\/div>\r\n        <div class=\"no-more-posts\">No More Posts<\/div>\r\n                    <div class=\"blog_pagination-818\">\r\n                <span aria-current=\"page\" class=\"page-numbers current\">1<\/span>\n<a class=\"page-numbers\" href=\"https:\/\/queervibesmag.com\/es\/wp-json\/wp\/v2\/posts\/3295\/page\/2\/\">2<\/a>\n<a class=\"page-numbers\" href=\"https:\/\/queervibesmag.com\/es\/wp-json\/wp\/v2\/posts\/3295\/page\/3\/\">3<\/a>\n<span class=\"page-numbers dots\">&hellip;<\/span>\n<a class=\"page-numbers\" href=\"https:\/\/queervibesmag.com\/es\/wp-json\/wp\/v2\/posts\/3295\/page\/26\/\">26<\/a>\n<a class=\"next page-numbers\" href=\"https:\/\/queervibesmag.com\/es\/wp-json\/wp\/v2\/posts\/3295\/page\/2\/\"><\/a>            <\/div>\r\n        <script data-jetpack-boost=\"ignore\"> <!---\r\njQuery(function() {\r\n\t\/\/Simple filter controls\r\n\tjQuery('.filtr-controls-818').click(function() {\r\n\tjQuery('.filtr-controls-818').removeClass('active');\r\n\tjQuery(this).addClass('active');\r\n\t});\r\n\t\/\/Multifilter controls\r\n\tjQuery('.multifilter li').click(function () {\r\n\t\tjQuery(this).toggleClass('active');\r\n\t});\r\n\t\/\/Shuffle control\r\n\tjQuery('.shuffle-btn').click(function () {\r\n\t\tjQuery('.sort-btn').removeClass('active');\r\n\t});\r\n\t\/\/Sort controls\r\n\tjQuery('.sort-btn').click(function () {\r\n\t\tjQuery('.sort-btn').removeClass('active');\r\n\t\tjQuery(this).addClass('active');\r\n\t});\r\n});\r\n\r\n\t\r\n\t\/\/Lazy load issue fix js\r\n\tsetTimeout(function () {\r\n\t\tjQuery(\".portfolio_thumbnail\").each(function () {\r\n\t\t\t\/\/ console.log(jQuery(this).width() + \"x\" + jQuery(this).height())\r\n\t\t\tvar h = jQuery(this).height();\r\n\t\t\tvar w = jQuery(this).width();\r\n\t\t\tjQuery(this).height(h);\r\n\t\t\tjQuery(this).width(w);\r\n\t\t\tjQuery(this).resize();\r\n\t\t});\r\n\t}, 2500);\r\n\r\n\tjQuery(document).ready(function () {\r\n\t\tjQuery(\"a.page-numbers\").each(function () {\r\n\t\t\tvar $this = jQuery(this);\r\n\t\t\tvar _href = $this.attr(\"href\");\r\n\t\t\t$this.attr(\"href\", _href + '');\r\n\t\t});\r\n\r\n\t\t\/\/ Animate loader off screen\r\n\t\tjQuery(\".blog_loader\").hide();\r\n\t\tjQuery(\".bfg_theme_1\").css(\"opacity\", 1);\r\n\t\t\/\/Filterizd Default options\r\n\t\toptions818 = {\r\n\t\t\tcallbacks: {\r\n\t\t\t\tonFilteringStart: function () { },\r\n\t\t\t\tonFilteringEnd: function () { },\r\n\t\t\t\tonShufflingStart: function () { },\r\n\t\t\t\tonShufflingEnd: function () { },\r\n\t\t\t\tonSortingStart: function () { },\r\n\t\t\t\tonSortingEnd: function () { }\r\n\t\t\t},\r\n\t\t\tcontrolsSelector: '.filtr-controls-818',\r\n\t\t\tfilter: 'all',\r\n\t\t\tfilterOutCss: {\r\n\t\t\t\ttop: '0px',\r\n\t\t\t\tleft: '0px',\r\n\t\t\t\topacity: 0.001,\r\n\t\t\t\ttransform: ''\r\n\t\t\t},\r\n\t\t\tfilterInCss: {\r\n\t\t\t\ttop: '0px',\r\n\t\t\t\tleft: '0px',\r\n\t\t\t\topacity: 1,\r\n\t\t\t\ttransform: ''\r\n\t\t\t},\r\n\t\t\tlayout: 'sameWidth',\r\n\t\t\t\r\n\t\tselector: '.filtr-item',\r\n\t\t\tsetupControls: false\r\n\t\t}\r\n\t\tvar filterizd = jQuery('.bf_gallery_1-818').filterizr(options818);\r\n\r\n\t\tjQuery('.bf_gallery_1-818').imagesLoaded(function () {\r\n\t\t\t\/\/ images have already loaded, instantiate Filterizr\r\n\t\t\tjQuery('.bf_gallery_1-818').filterizr(options818);\r\n\t\t});\r\n\t});\r\n\r\n\t\/\/blog_pagination class add and active class add\r\n\tjQuery(document).ready(function () {\r\n\t\t\/\/ For init load scale\r\n\t\tjQuery('.filtr-item .post-box').addClass('lazyimg');\r\n\r\n\t\tjQuery(\"#filter-hide-button\").on(\"click\", function () {\r\n\t\t\tvar Get_height = jQuery(\".simplefilter\").height();\r\n\t\t\tif (jQuery(\"#display-filter\").hasClass(\"visible\")) {\r\n\t\t\t\tjQuery(\"#display-filter\").removeClass(\"visible\");\r\n\t\t\t\tjQuery(\"#display-filter\").height(0);\r\n\t\t\t} else {\r\n\t\t\t\tjQuery(\"#display-filter\").addClass(\"visible\");\r\n\t\t\t\tjQuery(\"#display-filter\").height(Get_height + 20);\r\n\t\t\t}\r\n\t\t});\r\n\r\n\t\tjQuery(\"ul.page-numbers\").addClass(\"blog_pagination mrgt-0\");\r\n\r\n\t\tjQuery(\"#filter-all\").click(function () {\r\n\t\t\toptions818 = {\r\n\t\t\t\tanimationDuration: 0.5,\r\n\t\t\t\tcallbacks: {\r\n\t\t\t\t\tonFilteringStart: function () { },\r\n\t\t\t\t\tonFilteringEnd: function () { },\r\n\t\t\t\t\tonShufflingStart: function () { },\r\n\t\t\t\t\tonShufflingEnd: function () { },\r\n\t\t\t\t\tonSortingStart: function () { },\r\n\t\t\t\t\tonSortingEnd: function () { }\r\n\t\t\t\t},\r\n\t\t\t\tcontrolsSelector: '.filtr-controls-818',\r\n\t\t\t\tfilter: 'all',\r\n\t\t\t\tfilterOutCss: {\r\n\t\t\t\t\ttop: '0px',\r\n\t\t\t\t\tleft: '0px',\r\n\t\t\t\t\topacity: 0.001,\r\n\t\t\t\t\ttransform: ''\r\n\t\t\t\t},\r\n\t\t\t\tfilterInCss: {\r\n\t\t\t\t\ttop: '0px',\r\n\t\t\t\t\tleft: '0px',\r\n\t\t\t\t\topacity: 1,\r\n\t\t\t\t\ttransform: ''\r\n\t\t\t\t},\r\n\t\t\t\tlayout: 'sameWidth',\r\n\t\t\t\tsetupControls: false,\r\n\t\t\t\tselector: '.filtr-item',\r\n\t\t\t}\r\n\t\t\tvar filterizd = jQuery('.bf_gallery_1-818').filterizr(options818);\r\n\t\t\tfilterizd.filterizr('destroy');\r\n\t\t\tfilterizd.filterizr(options818).resize();\r\n\t\t\tjQuery('.filter-active').removeClass('filter-active');\r\n\t\t\tjQuery('#filter-all').addClass('filter-active');\r\n\t\t});\r\n\r\n\t\t\/\/ ==================================================\r\n\r\n\t\t\t\tvar total_posts_in_filter = {\"168\":2,\"10\":303};\r\n\r\n\t\tvar initload = jQuery(\"#BlogFilterMain-818\").attr(\"data-initload\");\r\n\t\tjQuery('.filtr-controls-818').click(function () {\r\n\t\t\tvar button = jQuery('#load-more-818');\r\n\t\t\tvar targetFilter = jQuery(this).data('filter');\r\n\t\t\tvar filter_image_len = total_posts_in_filter[targetFilter];\r\n\t\t\tvar loadedItems = jQuery('.filtr-item.' + targetFilter).length;\r\n\t\t\t\/\/console.log(filter_image_len);\r\n\t\t\t\/\/console.log(loadedItems);\r\n\t\t\tif (filter_image_len == loadedItems) {\r\n\t\t\t\t\t\t\t} else {\r\n\t\t\t\t\t\t\t\t\r\n\t\t\t}\r\n\r\n\t\t\t\r\n\t\t\t\tlet targetMultiFilter = jQuery('.filtr-controls-818.active').map(function () {\r\n\t\t\t\t\treturn parseInt(jQuery(this).data('filter'), 10);\r\n\t\t\t\t}).get();\r\n\t\t\t\r\n\r\n\t\t\t\/\/if ( isAnyTargetFilterInDataCategory == false) {\r\n\t\t\tif (loadedItems < initload) {\r\n\r\n\t\t\t\tlet taxonomyTargetFilter = {};\r\n\r\n\t\t\t\t\/\/ Iterate over each .dropdown element\r\n\t\t\t\tjQuery('.dropdown').each(function () {\r\n\t\t\t\t\t\/\/ Get the taxonomy data attribute value of the dropdown\r\n\t\t\t\t\tlet taxonomy = jQuery(this).data('taxonomy');\r\n\r\n\t\t\t\t\t\/\/ Initialize the array for this taxonomy if it doesn't exist\r\n\t\t\t\t\tif (!taxonomyTargetFilter[taxonomy]) {\r\n\t\t\t\t\t\ttaxonomyTargetFilter[taxonomy] = [];\r\n\t\t\t\t\t}\r\n\r\n\t\t\t\t\t\/\/ Find each input with the .filter-active class within this dropdown\r\n\t\t\t\t\tjQuery(this).find('input.filter-active').each(function () {\r\n\t\t\t\t\t\t\/\/ Get the value of the input\r\n\t\t\t\t\t\tlet value = jQuery(this).val();\r\n\r\n\t\t\t\t\t\t\/\/ Add the value to the array for this taxonomy\r\n\t\t\t\t\t\ttaxonomyTargetFilter[taxonomy].push(value);\r\n\t\t\t\t\t});\r\n\t\t\t\t});\r\n\r\n\t\t\t\t\/\/ console.log(targetMultiFilter);\r\n\t\t\t\tlet targetFilter = targetMultiFilter;\r\n\t\t\t\t\/\/ load items if no items on page\r\n\r\n\t\t\t\tif (targetFilter === '' || (Array.isArray(targetFilter) && targetFilter.length === 0)) {\r\n\t\t\t\t\ttargetFilter = 'all';\r\n\t\t\t\t}\r\n\t\t\t\t\/\/console.log(targetFilter);\r\n\r\n\t\t\t\tvar ajaxurl = 'https:\/\/queervibesmag.com\/wp-admin\/admin-ajax.php' + '?nocache=' + (new Date())\r\n\t\t\t\t\t.getTime();\r\n\t\t\t\tvar nonce = 'fcab92adf3';\r\n\t\t\t\tvar bfg_query_vars = {\"post_type\":\"post\",\"blog_direction\":\"ltr\",\"blog_fixed_grid\":\"no\",\"blog_template\":\"template1\",\"blog_col_large_desktops\":\"col-lg-4\",\"blog_col_desktops\":\"col-md-4\",\"blog_col_tablets\":\"col-sm-6\",\"blog_col_phones\":\"col-xs-12\",\"blog_image\":\"yes\",\"blog_image_hover_effect\":\"hover1\",\"blog_image_quality\":\"medium\",\"blog_title\":\"yes\",\"blog_title_font_size\":\"25\",\"blog_title_color\":\"#000\",\"blog_title_below_image\":\"no\",\"blog_desc\":\"yes\",\"blog_desc_characters\":\"100\",\"blog_desc_font_size\":\"14\",\"blog_desc_color\":\"#606060\",\"blog_desc_box_color\":\"#EDEEF0\",\"three_dots\":\"no\",\"link_on_date\":\"no\",\"blog_read_more\":\"yes\",\"blog_read_more_text\":\"Read More\",\"blog_date\":\"yes\",\"blog_date_below_image\":\"no\",\"blog_author\":\"no\",\"blog_author_below_image\":\"no\",\"blog_categories\":\"no\",\"blog_tags\":\"no\",\"blog_pagination\":\"yes\",\"blog_load_more\":\"no\",\"blog_pagination_loadmore_color\":\"#58BBEE\",\"blog_per_page_and_init_load\":\"12\",\"load_more_text\":\"Load More\",\"no_more_text\":\"No More Posts\",\"blog_filters\":\"yes\",\"filter_post_count\":\"no\",\"blog_filter_all\":\"no\",\"blog_all_text\":\"All\",\"blog_first_filter_selected\":\"no\",\"blog_search\":\"yes\",\"blog_search_text\":\"Search\",\"blog_buttons_color\":\"#0a0000\",\"blog_filtering\":\"category\",\"selected_terms\":\"10\",\"disable_bootstrap_css\":\"no\",\"disable_bootstrap_js\":\"no\",\"custom_css\":\"\"};\r\n\t\t\t\tvar unique_id = 818;\r\n\r\n\t\t\t\tvar displayed_posts = jQuery('.displayed_posts').map(function () {\r\n\t\t\t\t\treturn jQuery(this).val();\r\n\t\t\t\t}).get();\r\n\t\t\t\tvar button = jQuery('.load-scroll-block');\r\n\t\t\t\tdata = {\r\n\t\t\t\t\t'action': 'load_more',\r\n\t\t\t\t\t'nonce': nonce,\r\n\t\t\t\t\t'bfg_query_vars': bfg_query_vars,\r\n\t\t\t\t\t'displayed_posts': displayed_posts,\r\n\t\t\t\t\t'targetFilter': targetFilter,\r\n\t\t\t\t\t'taxonomyTargetFilter': taxonomyTargetFilter,\r\n\t\t\t\t\t'unique_id': unique_id,\r\n\t\t\t\t};\r\n\r\n\t\t\t\tjQuery.ajax({\r\n\t\t\t\t\t\/\/\/dataType : 'html',\r\n\t\t\t\t\turl: ajaxurl,\r\n\t\t\t\t\tdata: data,\r\n\t\t\t\t\ttype: 'POST',\r\n\t\t\t\t\tcache: false,\r\n\t\t\t\t\tbeforeSend: function (xhr) {\r\n\r\n\t\t\t\t\t\tif (jQuery(\".no-more-posts\").hasClass(\"active\")) {\r\n\t\t\t\t\t\t\tbutton.removeClass('active');\r\n\t\t\t\t\t\t} else {\r\n\t\t\t\t\t\t\tbutton.addClass('active');\r\n\t\t\t\t\t\t}\r\n\t\t\t\t\t},\r\n\t\t\t\t\tcomplete: function () { },\r\n\t\t\t\t\tsuccess: function (data) {\r\n\t\t\t\t\t\tif (jQuery.trim(data) != '') {\r\n\t\t\t\t\t\t\tbutton.removeClass('active');\r\n\t\t\t\t\t\t\toptions818 = {\r\n\t\t\t\t\t\t\t\t\/*animationDuration: 0.5,*\/\r\n\t\t\t\t\t\t\t\tcallbacks: {\r\n\t\t\t\t\t\t\t\t\tonFilteringStart: function () { },\r\n\t\t\t\t\t\t\t\t\tonFilteringEnd: function () { },\r\n\t\t\t\t\t\t\t\t\tonShufflingStart: function () { },\r\n\t\t\t\t\t\t\t\t\tonShufflingEnd: function () { },\r\n\t\t\t\t\t\t\t\t\tonSortingStart: function () { },\r\n\t\t\t\t\t\t\t\t\tonSortingEnd: function () { }\r\n\t\t\t\t\t\t\t\t},\r\n\t\t\t\t\t\t\t\tcontrolsSelector: '.filtr-controls-818',\r\n\t\t\t\t\t\t\t\tfilter: targetFilter,\r\n\t\t\t\t\t\t\t\tfilterOutCss: {\r\n\t\t\t\t\t\t\t\t\ttop: '0px',\r\n\t\t\t\t\t\t\t\t\tleft: '0px',\r\n\t\t\t\t\t\t\t\t\topacity: 0.001,\r\n\t\t\t\t\t\t\t\t\ttransform: ''\r\n\t\t\t\t\t\t\t\t},\r\n\t\t\t\t\t\t\t\tfilterInCss: {\r\n\t\t\t\t\t\t\t\t\ttop: '0px',\r\n\t\t\t\t\t\t\t\t\tleft: '0px',\r\n\t\t\t\t\t\t\t\t\topacity: 1,\r\n\t\t\t\t\t\t\t\t\ttransform: ''\r\n\t\t\t\t\t\t\t\t},\r\n\t\t\t\t\t\t\t\tlayout: 'sameWidth',\r\n\t\t\t\t\t\t\t\t\r\n\t\t\t\t\t\t\tselector: '.filtr-item',\r\n\t\t\t\t\t\t\t\tsetupControls: false\r\n\t\t\t\t\t\t\t}\r\n\r\n\t\t\t\t\t\t\tvar filterizd = jQuery('.bf_gallery_1-818').filterizr(options818);\r\n\t\t\t\t\t\t\t$node = jQuery(data);\r\n\t\t\t\t\t\t\t$node[0].firstElementChild.classList.add(\"loaded-block\");\r\n\r\n\t\t\t\t\t\t\tfilterizd.filterizr('insertItem', $node);\r\n\t\t\t\t\t\t\tfilterizd.filterizr(options818).resize();\r\n\t\t\t\t\t\t\tjQuery('.filtr-item .post-box').addClass('lazyimg');\r\n\r\n\t\t\t\t\t\t\tsetTimeout(function () {\r\n\t\t\t\t\t\t\t\tjQuery('body, html').animate({ scrollTop: jQuery('.loaded-block').offset().top - 300 }, 500);\r\n\t\t\t\t\t\t\t\tjQuery('.post-box').removeClass(\"loaded-block\");\r\n\t\t\t\t\t\t\t}, 1000);\r\n\r\n\t\t\t\t\t\t\tjQuery('.filtr-container').imagesLoaded(function () {\r\n\t\t\t\t\t\t\t\t\/\/ images have already loaded, instantiate Filterizr\r\n\t\t\t\t\t\t\t\tjQuery('.bf_gallery_1-818').filterizr(options818);\r\n\t\t\t\t\t\t\t});\r\n\r\n\t\t\t\t\t\t} else {\r\n\t\t\t\t\t\t\tbutton.removeClass('active');\r\n\t\t\t\t\t\t}\r\n\t\t\t\t\t}\r\n\t\t\t\t});\r\n\t\t\t}\r\n\t\t});\r\n\t\t\t});\r\n\r\n\t\r\n<\/script>    <\/div>\r\n\n\n\n\n<script async=\"async\" data-cfasync=\"false\" src=\"\/\/pl23211232.cpmrevenuegate.com\/4624e693d7737a32bb7d16f4665f5eec\/invoke.js\"><\/script>\n<div id=\"container-4624e693d7737a32bb7d16f4665f5eec\"><\/div>\n","protected":false},"excerpt":{"rendered":"<p>Tensions in Lyon Over the Visit of a Militant Accused of Transphobia A Controversial Conference Marguerite Stern, a militant known for her controversial views on transgender identities and co-author of the book Transmania, is holding a conference this Thursday, September 19, at Lyon&#8217;s ISSEP. The event, provocatively titled &#8220;How Transgender Ideology Destroys Lives,&#8221; has sparked&#8230;<\/p>","protected":false},"author":1,"featured_media":3296,"comment_status":"open","ping_status":"open","sticky":false,"template":"","format":"standard","meta":{"_jetpack_memberships_contains_paid_content":false,"footnotes":""},"categories":[85],"tags":[],"class_list":["post-3295","post","type-post","status-publish","format-standard","has-post-thumbnail","hentry","category-french-lgbt-news"],"yoast_head":"<!-- This site is optimized with the Yoast SEO plugin v27.4 - https:\/\/yoast.com\/product\/yoast-seo-wordpress\/ -->\n<title>Tensions in Lyon Over the Visit of a Militant Accused of Transphobia<\/title>\n<meta name=\"description\" content=\"Tensions in Lyon following the arrival of Marguerite Stern, a militant accused of transphobia, for a controversial conference at ISSEP.\" \/>\n<meta name=\"robots\" content=\"index, follow, max-snippet:-1, max-image-preview:large, max-video-preview:-1\" \/>\n<link rel=\"canonical\" href=\"https:\/\/queervibesmag.com\/es\/tensions-in-lyon-over-the-visit-of-a-militant-accused-of-transphobia\/\" \/>\n<meta property=\"og:locale\" content=\"es_ES\" \/>\n<meta property=\"og:type\" content=\"article\" \/>\n<meta property=\"og:title\" content=\"Tensions in Lyon Over the Visit of a Militant Accused of Transphobia\" \/>\n<meta property=\"og:description\" content=\"Tensions in Lyon following the arrival of Marguerite Stern, a militant accused of transphobia, for a controversial conference at ISSEP.\" \/>\n<meta property=\"og:url\" content=\"https:\/\/queervibesmag.com\/es\/tensions-in-lyon-over-the-visit-of-a-militant-accused-of-transphobia\/\" \/>\n<meta property=\"og:site_name\" content=\"Queer Vibes Mag\" \/>\n<meta property=\"article:published_time\" content=\"2024-09-20T13:44:22+00:00\" \/>\n<meta property=\"article:modified_time\" content=\"2024-09-20T13:44:25+00:00\" \/>\n<meta property=\"og:image\" content=\"https:\/\/queervibesmag.com\/wp-content\/uploads\/2024\/09\/Tensions-in-Lyon-Over-the-Visit-of-a-Militant-Accused-of-Transphobia.jpg\" \/>\n\t<meta property=\"og:image:width\" content=\"680\" \/>\n\t<meta property=\"og:image:height\" content=\"485\" \/>\n\t<meta property=\"og:image:type\" content=\"image\/jpeg\" \/>\n<meta name=\"author\" content=\"QueerVibesMag\" \/>\n<meta name=\"twitter:card\" content=\"summary_large_image\" \/>\n<meta name=\"twitter:creator\" content=\"@queervibesmag\" \/>\n<meta name=\"twitter:site\" content=\"@queervibesmag\" \/>\n<meta name=\"twitter:label1\" content=\"Escrito por\" \/>\n\t<meta name=\"twitter:data1\" content=\"QueerVibesMag\" \/>\n\t<meta name=\"twitter:label2\" content=\"Tiempo de lectura\" \/>\n\t<meta name=\"twitter:data2\" content=\"3 minutos\" \/>\n<script type=\"application\/ld+json\" class=\"yoast-schema-graph\">{\"@context\":\"https:\\\/\\\/schema.org\",\"@graph\":[{\"@type\":\"Article\",\"@id\":\"https:\\\/\\\/queervibesmag.com\\\/tensions-in-lyon-over-the-visit-of-a-militant-accused-of-transphobia\\\/#article\",\"isPartOf\":{\"@id\":\"https:\\\/\\\/queervibesmag.com\\\/tensions-in-lyon-over-the-visit-of-a-militant-accused-of-transphobia\\\/\"},\"author\":{\"name\":\"QueerVibesMag\",\"@id\":\"https:\\\/\\\/queervibesmag.com\\\/#\\\/schema\\\/person\\\/9d2589cb12fe07ed1ef0d3c3f9228d52\"},\"headline\":\"Tensions in Lyon Over the Visit of a Militant Accused of Transphobia\",\"datePublished\":\"2024-09-20T13:44:22+00:00\",\"dateModified\":\"2024-09-20T13:44:25+00:00\",\"mainEntityOfPage\":{\"@id\":\"https:\\\/\\\/queervibesmag.com\\\/tensions-in-lyon-over-the-visit-of-a-militant-accused-of-transphobia\\\/\"},\"wordCount\":480,\"commentCount\":0,\"publisher\":{\"@id\":\"https:\\\/\\\/queervibesmag.com\\\/#organization\"},\"image\":{\"@id\":\"https:\\\/\\\/queervibesmag.com\\\/tensions-in-lyon-over-the-visit-of-a-militant-accused-of-transphobia\\\/#primaryimage\"},\"thumbnailUrl\":\"https:\\\/\\\/i0.wp.com\\\/queervibesmag.com\\\/wp-content\\\/uploads\\\/2024\\\/09\\\/Tensions-in-Lyon-Over-the-Visit-of-a-Militant-Accused-of-Transphobia.jpg?fit=680%2C485&ssl=1\",\"articleSection\":[\"FRENCH LGBT NEWS\"],\"inLanguage\":\"es\",\"potentialAction\":[{\"@type\":\"CommentAction\",\"name\":\"Comment\",\"target\":[\"https:\\\/\\\/queervibesmag.com\\\/tensions-in-lyon-over-the-visit-of-a-militant-accused-of-transphobia\\\/#respond\"]}]},{\"@type\":\"WebPage\",\"@id\":\"https:\\\/\\\/queervibesmag.com\\\/tensions-in-lyon-over-the-visit-of-a-militant-accused-of-transphobia\\\/\",\"url\":\"https:\\\/\\\/queervibesmag.com\\\/tensions-in-lyon-over-the-visit-of-a-militant-accused-of-transphobia\\\/\",\"name\":\"Tensions in Lyon Over the Visit of a Militant Accused of Transphobia\",\"isPartOf\":{\"@id\":\"https:\\\/\\\/queervibesmag.com\\\/#website\"},\"primaryImageOfPage\":{\"@id\":\"https:\\\/\\\/queervibesmag.com\\\/tensions-in-lyon-over-the-visit-of-a-militant-accused-of-transphobia\\\/#primaryimage\"},\"image\":{\"@id\":\"https:\\\/\\\/queervibesmag.com\\\/tensions-in-lyon-over-the-visit-of-a-militant-accused-of-transphobia\\\/#primaryimage\"},\"thumbnailUrl\":\"https:\\\/\\\/i0.wp.com\\\/queervibesmag.com\\\/wp-content\\\/uploads\\\/2024\\\/09\\\/Tensions-in-Lyon-Over-the-Visit-of-a-Militant-Accused-of-Transphobia.jpg?fit=680%2C485&ssl=1\",\"datePublished\":\"2024-09-20T13:44:22+00:00\",\"dateModified\":\"2024-09-20T13:44:25+00:00\",\"description\":\"Tensions in Lyon following the arrival of Marguerite Stern, a militant accused of transphobia, for a controversial conference at ISSEP.\",\"breadcrumb\":{\"@id\":\"https:\\\/\\\/queervibesmag.com\\\/tensions-in-lyon-over-the-visit-of-a-militant-accused-of-transphobia\\\/#breadcrumb\"},\"inLanguage\":\"es\",\"potentialAction\":[{\"@type\":\"ReadAction\",\"target\":[\"https:\\\/\\\/queervibesmag.com\\\/tensions-in-lyon-over-the-visit-of-a-militant-accused-of-transphobia\\\/\"]}]},{\"@type\":\"ImageObject\",\"inLanguage\":\"es\",\"@id\":\"https:\\\/\\\/queervibesmag.com\\\/tensions-in-lyon-over-the-visit-of-a-militant-accused-of-transphobia\\\/#primaryimage\",\"url\":\"https:\\\/\\\/i0.wp.com\\\/queervibesmag.com\\\/wp-content\\\/uploads\\\/2024\\\/09\\\/Tensions-in-Lyon-Over-the-Visit-of-a-Militant-Accused-of-Transphobia.jpg?fit=680%2C485&ssl=1\",\"contentUrl\":\"https:\\\/\\\/i0.wp.com\\\/queervibesmag.com\\\/wp-content\\\/uploads\\\/2024\\\/09\\\/Tensions-in-Lyon-Over-the-Visit-of-a-Militant-Accused-of-Transphobia.jpg?fit=680%2C485&ssl=1\",\"width\":680,\"height\":485,\"caption\":\"Tensions in Lyon Over the Visit of a Militant Accused of Transphobia\"},{\"@type\":\"BreadcrumbList\",\"@id\":\"https:\\\/\\\/queervibesmag.com\\\/tensions-in-lyon-over-the-visit-of-a-militant-accused-of-transphobia\\\/#breadcrumb\",\"itemListElement\":[{\"@type\":\"ListItem\",\"position\":1,\"name\":\"Home\",\"item\":\"https:\\\/\\\/queervibesmag.com\\\/\"},{\"@type\":\"ListItem\",\"position\":2,\"name\":\"Tensions in Lyon Over the Visit of a Militant Accused of Transphobia\"}]},{\"@type\":\"WebSite\",\"@id\":\"https:\\\/\\\/queervibesmag.com\\\/#website\",\"url\":\"https:\\\/\\\/queervibesmag.com\\\/\",\"name\":\"Queer Vibes Mag\",\"description\":\"WORLD WIDE LGBTQ NEWS\",\"publisher\":{\"@id\":\"https:\\\/\\\/queervibesmag.com\\\/#organization\"},\"potentialAction\":[{\"@type\":\"SearchAction\",\"target\":{\"@type\":\"EntryPoint\",\"urlTemplate\":\"https:\\\/\\\/queervibesmag.com\\\/?s={search_term_string}\"},\"query-input\":{\"@type\":\"PropertyValueSpecification\",\"valueRequired\":true,\"valueName\":\"search_term_string\"}}],\"inLanguage\":\"es\"},{\"@type\":\"Organization\",\"@id\":\"https:\\\/\\\/queervibesmag.com\\\/#organization\",\"name\":\"Queer Vibes Mag | LGBT NEWS\",\"alternateName\":\"Queer Vibes Mag | LGBT NEWS\",\"url\":\"https:\\\/\\\/queervibesmag.com\\\/\",\"logo\":{\"@type\":\"ImageObject\",\"inLanguage\":\"es\",\"@id\":\"https:\\\/\\\/queervibesmag.com\\\/#\\\/schema\\\/logo\\\/image\\\/\",\"url\":\"https:\\\/\\\/i0.wp.com\\\/queervibesmag.com\\\/wp-content\\\/uploads\\\/2023\\\/09\\\/cropped-Black_and_White_Modern_Literary_Magazine_Logo__2__-_Copie-removebg-preview.png?fit=200%2C200&ssl=1\",\"contentUrl\":\"https:\\\/\\\/i0.wp.com\\\/queervibesmag.com\\\/wp-content\\\/uploads\\\/2023\\\/09\\\/cropped-Black_and_White_Modern_Literary_Magazine_Logo__2__-_Copie-removebg-preview.png?fit=200%2C200&ssl=1\",\"width\":200,\"height\":200,\"caption\":\"Queer Vibes Mag | LGBT NEWS\"},\"image\":{\"@id\":\"https:\\\/\\\/queervibesmag.com\\\/#\\\/schema\\\/logo\\\/image\\\/\"},\"sameAs\":[\"https:\\\/\\\/x.com\\\/queervibesmag\"]},{\"@type\":\"Person\",\"@id\":\"https:\\\/\\\/queervibesmag.com\\\/#\\\/schema\\\/person\\\/9d2589cb12fe07ed1ef0d3c3f9228d52\",\"name\":\"QueerVibesMag\",\"image\":{\"@type\":\"ImageObject\",\"inLanguage\":\"es\",\"@id\":\"https:\\\/\\\/secure.gravatar.com\\\/avatar\\\/0bbb5765594baaa323b58b57926b3d7976708f18854390fef40c88a59647f3b8?s=96&d=mm&r=g\",\"url\":\"https:\\\/\\\/secure.gravatar.com\\\/avatar\\\/0bbb5765594baaa323b58b57926b3d7976708f18854390fef40c88a59647f3b8?s=96&d=mm&r=g\",\"contentUrl\":\"https:\\\/\\\/secure.gravatar.com\\\/avatar\\\/0bbb5765594baaa323b58b57926b3d7976708f18854390fef40c88a59647f3b8?s=96&d=mm&r=g\",\"caption\":\"QueerVibesMag\"},\"sameAs\":[\"https:\\\/\\\/queervibesmag.com\"],\"url\":\"https:\\\/\\\/queervibesmag.com\\\/es\\\/author\\\/admin\\\/\"}]}<\/script>\n<!-- \/ Yoast SEO plugin. -->","yoast_head_json":{"title":"Tensions in Lyon Over the Visit of a Militant Accused of Transphobia","description":"Tensions in Lyon following the arrival of Marguerite Stern, a militant accused of transphobia, for a controversial conference at ISSEP.","robots":{"index":"index","follow":"follow","max-snippet":"max-snippet:-1","max-image-preview":"max-image-preview:large","max-video-preview":"max-video-preview:-1"},"canonical":"https:\/\/queervibesmag.com\/es\/tensions-in-lyon-over-the-visit-of-a-militant-accused-of-transphobia\/","og_locale":"es_ES","og_type":"article","og_title":"Tensions in Lyon Over the Visit of a Militant Accused of Transphobia","og_description":"Tensions in Lyon following the arrival of Marguerite Stern, a militant accused of transphobia, for a controversial conference at ISSEP.","og_url":"https:\/\/queervibesmag.com\/es\/tensions-in-lyon-over-the-visit-of-a-militant-accused-of-transphobia\/","og_site_name":"Queer Vibes Mag","article_published_time":"2024-09-20T13:44:22+00:00","article_modified_time":"2024-09-20T13:44:25+00:00","og_image":[{"width":680,"height":485,"url":"https:\/\/queervibesmag.com\/wp-content\/uploads\/2024\/09\/Tensions-in-Lyon-Over-the-Visit-of-a-Militant-Accused-of-Transphobia.jpg","type":"image\/jpeg"}],"author":"QueerVibesMag","twitter_card":"summary_large_image","twitter_creator":"@queervibesmag","twitter_site":"@queervibesmag","twitter_misc":{"Escrito por":"QueerVibesMag","Tiempo de lectura":"3 minutos"},"schema":{"@context":"https:\/\/schema.org","@graph":[{"@type":"Article","@id":"https:\/\/queervibesmag.com\/tensions-in-lyon-over-the-visit-of-a-militant-accused-of-transphobia\/#article","isPartOf":{"@id":"https:\/\/queervibesmag.com\/tensions-in-lyon-over-the-visit-of-a-militant-accused-of-transphobia\/"},"author":{"name":"QueerVibesMag","@id":"https:\/\/queervibesmag.com\/#\/schema\/person\/9d2589cb12fe07ed1ef0d3c3f9228d52"},"headline":"Tensions in Lyon Over the Visit of a Militant Accused of Transphobia","datePublished":"2024-09-20T13:44:22+00:00","dateModified":"2024-09-20T13:44:25+00:00","mainEntityOfPage":{"@id":"https:\/\/queervibesmag.com\/tensions-in-lyon-over-the-visit-of-a-militant-accused-of-transphobia\/"},"wordCount":480,"commentCount":0,"publisher":{"@id":"https:\/\/queervibesmag.com\/#organization"},"image":{"@id":"https:\/\/queervibesmag.com\/tensions-in-lyon-over-the-visit-of-a-militant-accused-of-transphobia\/#primaryimage"},"thumbnailUrl":"https:\/\/i0.wp.com\/queervibesmag.com\/wp-content\/uploads\/2024\/09\/Tensions-in-Lyon-Over-the-Visit-of-a-Militant-Accused-of-Transphobia.jpg?fit=680%2C485&ssl=1","articleSection":["FRENCH LGBT NEWS"],"inLanguage":"es","potentialAction":[{"@type":"CommentAction","name":"Comment","target":["https:\/\/queervibesmag.com\/tensions-in-lyon-over-the-visit-of-a-militant-accused-of-transphobia\/#respond"]}]},{"@type":"WebPage","@id":"https:\/\/queervibesmag.com\/tensions-in-lyon-over-the-visit-of-a-militant-accused-of-transphobia\/","url":"https:\/\/queervibesmag.com\/tensions-in-lyon-over-the-visit-of-a-militant-accused-of-transphobia\/","name":"Tensions in Lyon Over the Visit of a Militant Accused of Transphobia","isPartOf":{"@id":"https:\/\/queervibesmag.com\/#website"},"primaryImageOfPage":{"@id":"https:\/\/queervibesmag.com\/tensions-in-lyon-over-the-visit-of-a-militant-accused-of-transphobia\/#primaryimage"},"image":{"@id":"https:\/\/queervibesmag.com\/tensions-in-lyon-over-the-visit-of-a-militant-accused-of-transphobia\/#primaryimage"},"thumbnailUrl":"https:\/\/i0.wp.com\/queervibesmag.com\/wp-content\/uploads\/2024\/09\/Tensions-in-Lyon-Over-the-Visit-of-a-Militant-Accused-of-Transphobia.jpg?fit=680%2C485&ssl=1","datePublished":"2024-09-20T13:44:22+00:00","dateModified":"2024-09-20T13:44:25+00:00","description":"Tensions in Lyon following the arrival of Marguerite Stern, a militant accused of transphobia, for a controversial conference at ISSEP.","breadcrumb":{"@id":"https:\/\/queervibesmag.com\/tensions-in-lyon-over-the-visit-of-a-militant-accused-of-transphobia\/#breadcrumb"},"inLanguage":"es","potentialAction":[{"@type":"ReadAction","target":["https:\/\/queervibesmag.com\/tensions-in-lyon-over-the-visit-of-a-militant-accused-of-transphobia\/"]}]},{"@type":"ImageObject","inLanguage":"es","@id":"https:\/\/queervibesmag.com\/tensions-in-lyon-over-the-visit-of-a-militant-accused-of-transphobia\/#primaryimage","url":"https:\/\/i0.wp.com\/queervibesmag.com\/wp-content\/uploads\/2024\/09\/Tensions-in-Lyon-Over-the-Visit-of-a-Militant-Accused-of-Transphobia.jpg?fit=680%2C485&ssl=1","contentUrl":"https:\/\/i0.wp.com\/queervibesmag.com\/wp-content\/uploads\/2024\/09\/Tensions-in-Lyon-Over-the-Visit-of-a-Militant-Accused-of-Transphobia.jpg?fit=680%2C485&ssl=1","width":680,"height":485,"caption":"Tensions in Lyon Over the Visit of a Militant Accused of Transphobia"},{"@type":"BreadcrumbList","@id":"https:\/\/queervibesmag.com\/tensions-in-lyon-over-the-visit-of-a-militant-accused-of-transphobia\/#breadcrumb","itemListElement":[{"@type":"ListItem","position":1,"name":"Home","item":"https:\/\/queervibesmag.com\/"},{"@type":"ListItem","position":2,"name":"Tensions in Lyon Over the Visit of a Militant Accused of Transphobia"}]},{"@type":"WebSite","@id":"https:\/\/queervibesmag.com\/#website","url":"https:\/\/queervibesmag.com\/","name":"Queer Vibes Mag","description":"NOTICIAS LGBT EN EL MUNDO","publisher":{"@id":"https:\/\/queervibesmag.com\/#organization"},"potentialAction":[{"@type":"SearchAction","target":{"@type":"EntryPoint","urlTemplate":"https:\/\/queervibesmag.com\/?s={search_term_string}"},"query-input":{"@type":"PropertyValueSpecification","valueRequired":true,"valueName":"search_term_string"}}],"inLanguage":"es"},{"@type":"Organization","@id":"https:\/\/queervibesmag.com\/#organization","name":"Queer Vibes Mag | LGBT NEWS","alternateName":"Queer Vibes Mag | LGBT NEWS","url":"https:\/\/queervibesmag.com\/","logo":{"@type":"ImageObject","inLanguage":"es","@id":"https:\/\/queervibesmag.com\/#\/schema\/logo\/image\/","url":"https:\/\/i0.wp.com\/queervibesmag.com\/wp-content\/uploads\/2023\/09\/cropped-Black_and_White_Modern_Literary_Magazine_Logo__2__-_Copie-removebg-preview.png?fit=200%2C200&ssl=1","contentUrl":"https:\/\/i0.wp.com\/queervibesmag.com\/wp-content\/uploads\/2023\/09\/cropped-Black_and_White_Modern_Literary_Magazine_Logo__2__-_Copie-removebg-preview.png?fit=200%2C200&ssl=1","width":200,"height":200,"caption":"Queer Vibes Mag | LGBT NEWS"},"image":{"@id":"https:\/\/queervibesmag.com\/#\/schema\/logo\/image\/"},"sameAs":["https:\/\/x.com\/queervibesmag"]},{"@type":"Person","@id":"https:\/\/queervibesmag.com\/#\/schema\/person\/9d2589cb12fe07ed1ef0d3c3f9228d52","name":"QueerVibesMag","image":{"@type":"ImageObject","inLanguage":"es","@id":"https:\/\/secure.gravatar.com\/avatar\/0bbb5765594baaa323b58b57926b3d7976708f18854390fef40c88a59647f3b8?s=96&d=mm&r=g","url":"https:\/\/secure.gravatar.com\/avatar\/0bbb5765594baaa323b58b57926b3d7976708f18854390fef40c88a59647f3b8?s=96&d=mm&r=g","contentUrl":"https:\/\/secure.gravatar.com\/avatar\/0bbb5765594baaa323b58b57926b3d7976708f18854390fef40c88a59647f3b8?s=96&d=mm&r=g","caption":"QueerVibesMag"},"sameAs":["https:\/\/queervibesmag.com"],"url":"https:\/\/queervibesmag.com\/es\/author\/admin\/"}]}},"jetpack_featured_media_url":"https:\/\/i0.wp.com\/queervibesmag.com\/wp-content\/uploads\/2024\/09\/Tensions-in-Lyon-Over-the-Visit-of-a-Militant-Accused-of-Transphobia.jpg?fit=680%2C485&ssl=1","jetpack_sharing_enabled":true,"jetpack-related-posts":[{"id":2355,"url":"https:\/\/queervibesmag.com\/es\/protests-against-transphobia-in-france\/","url_meta":{"origin":3295,"position":0},"title":"Masivas protestas en Francia para denunciar la transfobia","author":"QueerVibesMag","date":"mayo 6, 2024","format":false,"excerpt":"Protests against transphobia in France Nationwide Mobilization Against Transphobia in France Over 10,000 people participated in protests across France to condemn discrimination against transgender individuals. These gatherings took place in around fifty cities, including Paris, where 2,500 individuals assembled, according to figures from the Ministry of the Interior. These protests\u2026","rel":"","context":"En \u00abFRENCH LGBT NEWS\u00bb","block_context":{"text":"FRENCH LGBT NEWS","link":"https:\/\/queervibesmag.com\/es\/category\/world-news-lgbtq\/french-lgbt-news\/"},"img":{"alt_text":"Protests against transphobia in France","src":"https:\/\/i0.wp.com\/queervibesmag.com\/wp-content\/uploads\/2024\/05\/Protests-against-transphobia-in-France.jpg?fit=481%2C315&ssl=1&resize=350%2C200","width":350,"height":200},"classes":[]},{"id":2163,"url":"https:\/\/queervibesmag.com\/es\/removal-of-transmania-advertising\/","url_meta":{"origin":3295,"position":1},"title":"Francia : Retirada de la publicidad de \"Transmania\" en Par\u00eds tras las acusaciones de incitaci\u00f3n al odio JCDecaux retira su publicidad tras la intervenci\u00f3n del Ayuntamiento","author":"QueerVibesMag","date":"abril 18, 2024","format":false,"excerpt":"Removal of \"Transmania\" Advertising The JCDecaux group has removed promotional campaigns for the book titled \"Transmania\" from its billboards in Paris, following a complaint from the City of Paris. The city expressed concerns over content deemed hateful towards the transgender community. Paris City Hall Acts Against Advertisement for Controversial Book\u2026","rel":"","context":"En \u00abFRENCH LGBT NEWS\u00bb","block_context":{"text":"FRENCH LGBT NEWS","link":"https:\/\/queervibesmag.com\/es\/category\/world-news-lgbtq\/french-lgbt-news\/"},"img":{"alt_text":"; Removal of Transmania Advertising in Paris after hate speech claims against the transgender community.","src":"https:\/\/i0.wp.com\/queervibesmag.com\/wp-content\/uploads\/2024\/04\/Removal-of-Transmania-Advertising-in-Paris-after-hate-speech-claims-against-the-transgender-community.jpg?fit=646%2C497&ssl=1&resize=350%2C200","width":350,"height":200,"srcset":"https:\/\/i0.wp.com\/queervibesmag.com\/wp-content\/uploads\/2024\/04\/Removal-of-Transmania-Advertising-in-Paris-after-hate-speech-claims-against-the-transgender-community.jpg?fit=646%2C497&ssl=1&resize=350%2C200 1x, https:\/\/i0.wp.com\/queervibesmag.com\/wp-content\/uploads\/2024\/04\/Removal-of-Transmania-Advertising-in-Paris-after-hate-speech-claims-against-the-transgender-community.jpg?fit=646%2C497&ssl=1&resize=525%2C300 1.5x"},"classes":[]},{"id":3047,"url":"https:\/\/queervibesmag.com\/es\/imane-khelif-faces-unfounded-transphobia\/","url_meta":{"origin":3295,"position":2},"title":"Imane Khelif se enfrenta a una transfobia infundada","author":"QueerVibesMag","date":"agosto 3, 2024","format":false,"excerpt":"Imane Khelif\u00a0Faces Unfounded Transphobia Despite Cisgender Identity Fight Abandonment Sparks Unjustified Accusations Algerian boxer Imane Khelif found herself in the ring for less than a minute before her Italian opponent, Angela Carini, unexpectedly abandoned the fight. The immediate reason for Carini's decision was unclear, yet this incident quickly became a\u2026","rel":"","context":"En \u00abLGBT SPORTS NEWS\u00bb","block_context":{"text":"LGBT SPORTS NEWS","link":"https:\/\/queervibesmag.com\/es\/category\/lgbt-sports-news\/"},"img":{"alt_text":"Imane Khelif\u00a0Faces Unfounded Transphobia Despite Cisgender Identity","src":"https:\/\/i0.wp.com\/queervibesmag.com\/wp-content\/uploads\/2024\/08\/Imane-Khelif-Faces-Unfounded-Transphobia-Despite-Cisgender-Identity.jpg?fit=899%2C513&ssl=1&resize=350%2C200","width":350,"height":200,"srcset":"https:\/\/i0.wp.com\/queervibesmag.com\/wp-content\/uploads\/2024\/08\/Imane-Khelif-Faces-Unfounded-Transphobia-Despite-Cisgender-Identity.jpg?fit=899%2C513&ssl=1&resize=350%2C200 1x, https:\/\/i0.wp.com\/queervibesmag.com\/wp-content\/uploads\/2024\/08\/Imane-Khelif-Faces-Unfounded-Transphobia-Despite-Cisgender-Identity.jpg?fit=899%2C513&ssl=1&resize=525%2C300 1.5x, https:\/\/i0.wp.com\/queervibesmag.com\/wp-content\/uploads\/2024\/08\/Imane-Khelif-Faces-Unfounded-Transphobia-Despite-Cisgender-Identity.jpg?fit=899%2C513&ssl=1&resize=700%2C400 2x"},"classes":[]},{"id":7786,"url":"https:\/\/queervibesmag.com\/es\/l-bar-lyons-hub-for-lesbian-nights-drag-king-shows\/","url_meta":{"origin":3295,"position":3},"title":"L Bar: Lyon\u2019s Hub for Lesbian Nights &#038; Drag King Shows","author":"QueerVibesMag","date":"febrero 14, 2026","format":false,"excerpt":"At the heart of Lyon\u2019s nightlife, L Bar stands out as a cornerstone of lesbian and queer feminist culture. More than just a bar, it\u2019s a vibrant artistic hub where drag king performances, activist expression, and community connection take center stage. For several years, L Bar has played a vital\u2026","rel":"","context":"En \u00abLGBTQ INFOS NEWS\u00bb","block_context":{"text":"LGBTQ INFOS NEWS","link":"https:\/\/queervibesmag.com\/es\/category\/lgbtq-infos-news\/"},"img":{"alt_text":"","src":"","width":0,"height":0},"classes":[]},{"id":6978,"url":"https:\/\/queervibesmag.com\/es\/vancouver-apologizes-to-lgbt-community-over-potter-themed-ride\/","url_meta":{"origin":3295,"position":4},"title":"Vancouver Apologizes to LGBT+ Community Over Potter-Themed Ride","author":"QueerVibesMag","date":"noviembre 18, 2025","format":false,"excerpt":"Vancouver Apologizes to LGBT+ Community Over Harry Potter-Themed Event Controversy Surrounding a Themed Event in Stanley Park The city of Vancouver has issued a public apology following widespread criticism from transgender and LGBT+ advocates. At the center of the backlash was the approval of a Harry Potter-themed attraction held in\u2026","rel":"","context":"En \u00abLGBTQ INFOS NEWS\u00bb","block_context":{"text":"LGBTQ INFOS NEWS","link":"https:\/\/queervibesmag.com\/es\/category\/lgbtq-infos-news\/"},"img":{"alt_text":"Vancouver Apologizes to LGBT+ Community Over Potter-Themed Ride","src":"https:\/\/i0.wp.com\/queervibesmag.com\/wp-content\/uploads\/2025\/11\/691ca85e2f3b0.png?fit=1024%2C1024&ssl=1&resize=350%2C200","width":350,"height":200,"srcset":"https:\/\/i0.wp.com\/queervibesmag.com\/wp-content\/uploads\/2025\/11\/691ca85e2f3b0.png?fit=1024%2C1024&ssl=1&resize=350%2C200 1x, https:\/\/i0.wp.com\/queervibesmag.com\/wp-content\/uploads\/2025\/11\/691ca85e2f3b0.png?fit=1024%2C1024&ssl=1&resize=525%2C300 1.5x, https:\/\/i0.wp.com\/queervibesmag.com\/wp-content\/uploads\/2025\/11\/691ca85e2f3b0.png?fit=1024%2C1024&ssl=1&resize=700%2C400 2x"},"classes":[]},{"id":602,"url":"https:\/\/queervibesmag.com\/es\/belgian-transgender-deputy-pm-urges-sunak-not-to-join-the-real-bullies\/","url_meta":{"origin":3295,"position":5},"title":"El viceprimer ministro transexual belga insta a Sunak a no unirse a \"los verdaderos matones","author":"QueerVibesMag","date":"octubre 8, 2023","format":false,"excerpt":"Belgian transgender deputy PM urges Sunak not to join \u2018the real bullies\u2019 Belgium's Deputy Prime Minister, Petra De Sutter, one of the most prominent transgender politicians in Europe, has called on Rishi Sunak, the British Prime Minister, not to side with \"the real bullies.\" This comes in response to Sunak's\u2026","rel":"","context":"En \u00abLGBT POLITICAL NEWS\u00bb","block_context":{"text":"LGBT POLITICAL NEWS","link":"https:\/\/queervibesmag.com\/es\/category\/lgbt-political-news\/"},"img":{"alt_text":"Belgian transgender deputy PM urges Sunak not to join \u2018the real bullies\u2019","src":"https:\/\/i0.wp.com\/queervibesmag.com\/wp-content\/uploads\/2023\/10\/ds6s6d6.jpg?fit=1200%2C711&ssl=1&resize=350%2C200","width":350,"height":200,"srcset":"https:\/\/i0.wp.com\/queervibesmag.com\/wp-content\/uploads\/2023\/10\/ds6s6d6.jpg?fit=1200%2C711&ssl=1&resize=350%2C200 1x, https:\/\/i0.wp.com\/queervibesmag.com\/wp-content\/uploads\/2023\/10\/ds6s6d6.jpg?fit=1200%2C711&ssl=1&resize=525%2C300 1.5x, https:\/\/i0.wp.com\/queervibesmag.com\/wp-content\/uploads\/2023\/10\/ds6s6d6.jpg?fit=1200%2C711&ssl=1&resize=700%2C400 2x, https:\/\/i0.wp.com\/queervibesmag.com\/wp-content\/uploads\/2023\/10\/ds6s6d6.jpg?fit=1200%2C711&ssl=1&resize=1050%2C600 3x"},"classes":[]}],"_links":{"self":[{"href":"https:\/\/queervibesmag.com\/es\/wp-json\/wp\/v2\/posts\/3295","targetHints":{"allow":["GET"]}}],"collection":[{"href":"https:\/\/queervibesmag.com\/es\/wp-json\/wp\/v2\/posts"}],"about":[{"href":"https:\/\/queervibesmag.com\/es\/wp-json\/wp\/v2\/types\/post"}],"author":[{"embeddable":true,"href":"https:\/\/queervibesmag.com\/es\/wp-json\/wp\/v2\/users\/1"}],"replies":[{"embeddable":true,"href":"https:\/\/queervibesmag.com\/es\/wp-json\/wp\/v2\/comments?post=3295"}],"version-history":[{"count":1,"href":"https:\/\/queervibesmag.com\/es\/wp-json\/wp\/v2\/posts\/3295\/revisions"}],"predecessor-version":[{"id":3297,"href":"https:\/\/queervibesmag.com\/es\/wp-json\/wp\/v2\/posts\/3295\/revisions\/3297"}],"wp:featuredmedia":[{"embeddable":true,"href":"https:\/\/queervibesmag.com\/es\/wp-json\/wp\/v2\/media\/3296"}],"wp:attachment":[{"href":"https:\/\/queervibesmag.com\/es\/wp-json\/wp\/v2\/media?parent=3295"}],"wp:term":[{"taxonomy":"category","embeddable":true,"href":"https:\/\/queervibesmag.com\/es\/wp-json\/wp\/v2\/categories?post=3295"},{"taxonomy":"post_tag","embeddable":true,"href":"https:\/\/queervibesmag.com\/es\/wp-json\/wp\/v2\/tags?post=3295"}],"curies":[{"name":"wp","href":"https:\/\/api.w.org\/{rel}","templated":true}]}}