{"id":3298,"date":"2024-09-20T14:02:33","date_gmt":"2024-09-20T14:02:33","guid":{"rendered":"https:\/\/queervibesmag.com\/?p=3298"},"modified":"2024-09-20T14:02:36","modified_gmt":"2024-09-20T14:02:36","slug":"france-selects-emilia-perez-2025-oscars","status":"publish","type":"post","link":"https:\/\/queervibesmag.com\/es\/france-selects-emilia-perez-2025-oscars\/","title":{"rendered":"France selects &#8220;Emilia Perez&#8221; to represent the country at the 2025 Oscars"},"content":{"rendered":"\n<p><strong>France selects &#8220;Emilia Perez&#8221; 2025 Oscars<\/strong><\/p>\n\n\n\n<p>As preparations for the 2025 Oscars are underway, France has announced its candidate for the Best International Feature Film category. The film &#8220;Emilia Perez,&#8221; directed by Jacques Audiard, has emerged as a top contender. Having been in theaters for five weeks and becoming a summer sensation, this movie could represent France at the prestigious ceremony scheduled for March 11, 2025, as revealed by the National Center for Cinema and the Moving Image (CNC).<\/p>\n\n\n\n<p>The official submission will be sent to the Academy, which will reveal the final list of nominees in mid-January.<\/p>\n\n\n\n<hr class=\"wp-block-separator has-alpha-channel-opacity\"\/>\n\n\n\n<p><strong>Read also : <\/strong><a href=\"https:\/\/queervibesmag.com\/15-lgbt-films-to-discover-in-2024\/\">15 LGBT+ films to discover in 2024<\/a><br><\/p>\n\n\n\n<hr class=\"wp-block-separator has-alpha-channel-opacity\"\/>\n\n\n\n<p>Other films were in the running, including Pierre Niney&#8217;s &#8220;The Count of Monte Cristo&#8221; and Alain Guiraudie&#8217;s &#8220;Mis\u00e9ricorde,&#8221; but ultimately, &#8220;Emilia Perez&#8221; was selected. This musical thriller tells the story of a Mexican cartel leader who makes the radical decision to change his life by pursuing his secret dream: to become a woman, with the help of a lawyer.<\/p>\n\n\n\n<p>Premiered at the Cannes Film Festival, &#8220;Emilia Perez&#8221; made a significant impact, winning the Jury Prize and the Best Actress Award, recognizing the performances of Zoe Salda\u00f1a, Selena Gomez, Adriana Paz, and trans actress Karla Sof\u00eda Gasc\u00f3n. In a recent interview, Karla Sof\u00eda Gasc\u00f3n expressed her gratitude to Jacques Audiard for trusting her with the role, calling it a major opportunity in her career.<\/p>\n\n\n\n<p><strong>source : <\/strong><a href=\"https:\/\/boutique-lgbtqia.fr\/france-choisit-emilia-perez-oscars-2025\/\">https:\/\/boutique-lgbtqia.fr\/france-choisit-emilia-perez-oscars-2025\/<\/a><\/p>\n\n\n\n<p><\/p>\n\n\n\n<script type='text\/javascript' src='\/\/pl23203261.highcpmgate.com\/c9\/42\/50\/c942504a9fb18da17333e68843e371c0.js'><\/script>\n\n\n<style>\r\n\t.bf_gallery_1-319 .portfolio_thumbnail {\r\n\t\tborder-radius: 0;\r\n\t\tdisplay: block;\r\n\t\theight: auto;\r\n\t\tline-height: 1.42857;\r\n\t\theight: 100% !important;\r\n\t\twidth: 100% !important;\r\n\t\tfloat: left;\r\n\t}\r\n\r\n\t\/* thumb spacing *\/\r\n\r\n\t.bf_gallery_1-319 .col-xs-1,\r\n\t.bf_gallery_1-319 .col-sm-1,\r\n\t.bf_gallery_1-319 .col-md-1,\r\n\t.bf_gallery_1-319 .col-lg-1,\r\n\t.bf_gallery_1-319 .col-xs-2,\r\n\t.bf_gallery_1-319 .col-sm-2,\r\n\t.bf_gallery_1-319 .col-md-2,\r\n\t.bf_gallery_1-319 .col-lg-2,\r\n\t.bf_gallery_1-319 .col-xs-3,\r\n\t.bf_gallery_1-319 .col-sm-3,\r\n\t.bf_gallery_1-319 .col-md-3,\r\n\t.bf_gallery_1-319 .col-lg-3,\r\n\t.bf_gallery_1-319 .col-xs-4,\r\n\t.bf_gallery_1-319 .col-sm-4,\r\n\t.bf_gallery_1-319 .col-md-4,\r\n\t.bf_gallery_1-319 .col-lg-4,\r\n\t.bf_gallery_1-319 .col-xs-5,\r\n\t.bf_gallery_1-319 .col-sm-5,\r\n\t.bf_gallery_1-319 .col-md-5,\r\n\t.bf_gallery_1-319 .col-lg-5,\r\n\t.bf_gallery_1-319 .col-xs-6,\r\n\t.bf_gallery_1-319 .col-sm-6,\r\n\t.bf_gallery_1-319 .col-md-6,\r\n\t.bf_gallery_1-319 .col-lg-6,\r\n\t.bf_gallery_1-319 .col-xs-7,\r\n\t.bf_gallery_1-319 .col-sm-7,\r\n\t.bf_gallery_1-319 .col-md-7,\r\n\t.bf_gallery_1-319 .col-lg-7,\r\n\t.bf_gallery_1-319 .col-xs-8,\r\n\t.bf_gallery_1-319 .col-sm-8,\r\n\t.bf_gallery_1-319 .col-md-8,\r\n\t.bf_gallery_1-319 .col-lg-8,\r\n\t.bf_gallery_1-319 .col-xs-9,\r\n\t.bf_gallery_1-319 .col-sm-9,\r\n\t.bf_gallery_1-319 .col-md-9,\r\n\t.bf_gallery_1-319 .col-lg-9,\r\n\t.bf_gallery_1-319 .col-xs-10,\r\n\t.bf_gallery_1-319 .col-sm-10,\r\n\t.bf_gallery_1-319 .col-md-10,\r\n\t.bf_gallery_1-319 .col-lg-10,\r\n\t.bf_gallery_1-319 .col-xs-11,\r\n\t.bf_gallery_1-319 .col-sm-11,\r\n\t.bf_gallery_1-319 .col-md-11,\r\n\t.bf_gallery_1-319 .col-lg-11,\r\n\t.bf_gallery_1-319 .col-xs-12,\r\n\t.bf_gallery_1-319 .col-sm-12,\r\n\t.bf_gallery_1-319 .col-md-12,\r\n\t.bf_gallery_1-319 .col-lg-12 {\r\n\t\tpadding-right: 5px !important;\r\n\t\tpadding-left: 5px !important;\r\n\t\tpadding-bottom: 5px !important;\r\n\t\tpadding-top: 5px !important;\r\n\t}\r\n\r\n\t.snip0047-319 {\r\n\t\tbackground-color: #58BBEE !important;\r\n\t}\r\n\r\n\t.snip0047-319:focus {\r\n\t\tbackground-color: #58BBEE !important;\r\n\t}\r\n\r\n\t.snip0047-319:active {\r\n\t\tbackground-color: #58BBEE !important;\r\n\t}\r\n\r\n\t.blog_pagination-319 span {\r\n\t\tbackground: #58BBEE !important;\r\n\t\tborder: 1px solid #eaeaea;\r\n\t\tdisplay: inline-block;\r\n\t\ttext-align: center;\r\n\t\tcolor: #FFFFFF;\r\n\t\tpadding: 4px 12px;\r\n\t\tborder-radius: 5px;\r\n\t}\r\n\r\n\t.blog_pagination-319 span:hover {\r\n\t\tbackground: #58BBEE !important;\r\n\t\tcolor: #ffffff;\r\n\t}\r\n\r\n\t.blog_pagination-319 a {\r\n\t\tborder: 1px solid #58BBEE !important;\r\n\t\tdisplay: inline-block;\r\n\t\ttext-align: center;\r\n\t\tcolor: #58BBEE !important;\r\n\t\tpadding: 4px 12px;\r\n\t\tborder-radius: 5px;\r\n\t\ttransition: 0.7s;\r\n\t}\r\n\r\n\t.blog_pagination-319 a:hover,\r\n\t.blog_pagination-319 a:focus {\r\n\t\tbackground: #58BBEE !important;\r\n\t\tcolor: #FFFFFF !important;\r\n\t\ttext-decoration: none;\r\n\t}\r\n\r\n\tfigure.snip1228-319 figcaption i {\r\n\t\tbackground-color: #58BBEE !important;\r\n\t}\r\n\r\n\t.blog_loader-319 {\r\n\t\tborder-top: 5px solid #58BBEE !important;\r\n\t}\r\n\r\n\t.filtr-container {\r\n\t\ttransition-property: height, width;\r\n\t}\r\n\r\n\t.filtr-container,\r\n\t.filtr-container .filtr-item {\r\n\t\t-webkit-transition-duration: 0.8s;\r\n\t\t-moz-transition-duration: 0.8s;\r\n\t\t-ms-transition-duration: 0.8s;\r\n\t\t-o-transition-duration: 0.8s;\r\n\t\ttransition-duration: 0.8s;\r\n\r\n\t}\r\n\r\n\t.filtr-item {\r\n\t\t-webkit-transition-property: transform, opacity, height, width;\r\n\t\t-moz-transition-property: transform, opacity, height, width;\r\n\t\t-ms-transition-property: transform, opacity, height, width;\r\n\t\t-o-transition-property: transform, opacity, height, width;\r\n\t\ttransition-property: transform, opacity, height, width;\r\n\t\t-webkit-transition-timing-function: ease-out;\r\n\t\t-moz-transition-timing-function: ease-out;\r\n\t\ttransition-timing-function: ease-out;\r\n\t}\r\n\r\n\t.filtr-item .post-box {\r\n\t\ttransform: scale3d(1, 1, 1);\r\n\t\ttransition: transform 0.5s ease-out, opacity 0.5s ease-out;\r\n\t}\r\n\r\n\t.filtr-item .lazyimg {\r\n\t\ttransition-property: transform, opacity;\r\n\t\ttransition-duration: 0.5s;\r\n\t\ttransform: scale3d(1, 1, 1);\r\n\t\ttransition-timing-function: ease-out;\r\n\t}\r\n\r\n\t#load-more-319 {\r\n\t\ttransition-delay: 0.8s;\r\n\t\ttext-align: center;\r\n\t\tmargin: 0 auto;\r\n\t\tbackground-color: #58BBEE !important;\r\n\t}\r\n\r\n\t#load-more-319:focus {\r\n\t\tbox-shadow: none !important\r\n\t}\r\n\r\n\t.lds-ellipsis-319 div {\r\n\t\tposition: absolute;\r\n\t\ttop: 33px;\r\n\t\twidth: 13px;\r\n\t\theight: 13px;\r\n\t\tborder-radius: 50%;\r\n\t\tbackground: #58BBEE !important;\r\n\t\tanimation-timing-function: cubic-bezier(0, 1, 1, 0);\r\n\t}\r\n\r\n\t\/* Image to background *\/\r\n\t@media (min-width: 1025px) {\r\n\t\t.snip0047-319:hover span {\r\n\t\t\t-webkit-transform: translate3d(-20px, 0px, 0px);\r\n\t\t\ttransform: translate3d(-20px, 0px, 0px);\r\n\t\t\topacity: 1;\r\n\t\t}\r\n\r\n\t\t.snip0047-319:hover i {\r\n\t\t\topacity: 1;\r\n\t\t\t-webkit-transition-delay: 0.15s;\r\n\t\t\ttransition-delay: 0.15s;\r\n\t\t}\r\n\r\n\t\t.snip0047-319:hover:before {\r\n\t\t\twidth: 38px;\r\n\t\t\t-webkit-transition-delay: 0s;\r\n\t\t\ttransition-delay: 0s;\r\n\t\t\tborder-radius: 5px;\r\n\t\t}\r\n\r\n\t}\r\n\r\n\t.snip0047-319.active span {\r\n\t\t-webkit-transform: translate3d(-20px, 0px, 0px);\r\n\t\ttransform: translate3d(-20px, 0px, 0px);\r\n\t\topacity: 1;\r\n\t}\r\n\r\n\t.snip0047-319.active i {\r\n\t\topacity: 1;\r\n\t\t-webkit-transition-delay: 0.15s;\r\n\t\ttransition-delay: 0.15s;\r\n\t}\r\n\r\n\t.snip0047-319.active:before {\r\n\t\twidth: 38px;\r\n\t\t-webkit-transition-delay: 0s;\r\n\t\ttransition-delay: 0s;\r\n\t\tborder-radius: 5px;\r\n\t}\r\n\r\n\t\/* title box css*\/\r\n\r\n\t.blog_title:hover {\r\n\t\tcolor: #58BBEE !important;\r\n\t}\r\n\r\n\t.bf_thumb_box_1-319 {\r\n\t\tpadding: inherit;\r\n\t\tbackground-color: #EDEEF0;\r\n\t\tborder: 1px solid;\r\n\t\tborder-color: rgba(213, 216, 221);\r\n\t}\r\n\r\n\t .bf_title_box_1-319 {\r\n\t\tpadding-top: 5px;\r\n\t\tpadding-bottom: 10px;\r\n\t\tpadding-left: 8px;\r\n\t\tpadding-right: 8px;\r\n\t}\r\n\r\n\t .bf_title_box_2-319 {\r\n\t\tpadding-top: 10px;\r\n\t\tpadding-bottom: 10px;\r\n\t\tpadding-left: 8px;\r\n\t\tpadding-right: 8px;\r\n\t}\r\n\r\n\t.bf_title_1-319 {\r\n\t\tfloat: left;\r\n\t\tmargin-top: 15px;\r\n\t\tmargin-bottom: 15px;\r\n\t\tfont-size: 25px !important;\r\n\t\tcolor: #000 !important;\r\n\t\tfont-weight: bold !important;\r\n\t\twidth: 100%;\r\n\t}\r\n\r\n\t.bf_desc_1-319 {\r\n\t\tfont-size: 14px;\r\n\t\tcolor: #606060;\r\n\t\tmargin: 10px 1px;\r\n\t}\r\n\r\n\t.blog_metaInfo>span {\r\n\t\tcolor: #606060;\r\n\t}\r\n\r\n\r\n\t<\/style>    <div id=\"BlogFilterMain-319\" class=\"blog_filter_main\" version=\"1.7.9\"\r\n        data-post-type=\"post\" data-initload=\"12\">\r\n        \r\n        <div class=\"text-center\">\r\n            <ul class=\"simplefilter filtr-control-319\">\r\n                                    <li id=\"85\" class=\"filtr-controls-319 snip0047 snip0047-319\" value=\"85\" data-filter=\"85\"><span style=\"pointer-events: none;\">FRENCH LGBT NEWS<\/span><i class=\"bf-icon-check\" style=\"pointer-events: none;\"><svg width=\"12\" height=\"12\" viewBox=\"0 0 24 24\" fill=\"none\" stroke=\"currentColor\" stroke-width=\"6\" stroke-linecap=\"round\" stroke-linejoin=\"round\"><polyline points=\"20 6 9 17 4 12\"><\/polyline><\/svg><\/i><\/li>\r\n                            <\/ul>\r\n        <\/div>\r\n                    <div class=\"blog_search_div text-center\">\r\n                <input type=\"text\" class=\"filtr-controls-319 searchTerm\" name=\"blog_search\" placeholder=\"Search\" data-search>\r\n            <\/div>\r\n        <div class=\"filtr-container filters-div bf_gallery_1-319\" style=\"width:100%\">\r\n            \t\t<div style=\"opacity:0;\" id=\"bf_5082\" data-category=\"85\"\r\n\t\t\tdata-sort=\"FRENCH LGBT NEWS\"\r\n\t\t\tclass=\"85 pfg_theme_1 filtr-item filtr_item_1 single_one col-lg-4 col-md-4 col-sm-6 col-xs-12\">\r\n\t\t\t\t\t\t\t<div\r\n\t\t\t\t\tclass=\"post-box bf_thumb_box_1-319 \">\r\n\t\t\t\t\t<div class=\"bf_title_box_1-319 bf_title_box_1 fit-text-main\" maxlength=\"20\">\r\n\r\n\t\t\t\t\t\t\t\t\t\t\t\t\t\t<h2 class=\"bf_title_1-319 blog_title_1 fit-text\">Far-right activists burn gender books, target Green MP in video<\/h2>\r\n\t\t\t\t\t\t\t\t\t\t\t\t\t\t\t<div class=\"blog_metaInfo\">\r\n\t\t\t\t\t\t\t\t\t\t\t\t\t\t\t\t\t\t\t<span class=\"blog_date\"><i class=\"bf-icon\"><svg width=\"14\" height=\"14\" viewBox=\"0 0 24 24\" fill=\"none\" stroke=\"currentColor\" stroke-width=\"3\" stroke-linecap=\"round\" stroke-linejoin=\"round\"><rect x=\"3\" y=\"4\" width=\"18\" height=\"18\" rx=\"2\" ry=\"2\"><\/rect><line x1=\"16\" y1=\"2\" x2=\"16\" y2=\"6\"><\/line><line x1=\"8\" y1=\"2\" x2=\"8\" y2=\"6\"><\/line><line x1=\"3\" y1=\"10\" x2=\"21\" y2=\"10\"><\/line><\/svg><\/i> 30 junio, 2025 <\/span>\r\n\t\t\t\t\t\t\t\t\t\t\t\t\t\t\t\t\t<\/div>\r\n\t\t\t\t\t\t\t\t\t\t\t\t<\/div>\r\n\r\n\t\t\t\t\t\n        <figure class=\"snip1550 fit-in-content\" style=\"\">\n\n                                        <img decoding=\"async\" title=\"Far-right activists burn gender books, target Green MP in video\" class=\"portfolio_thumbnail\" src=\"https:\/\/i0.wp.com\/queervibesmag.com\/wp-content\/uploads\/2025\/07\/6865618e7d3b5.png?fit=300%2C300&#038;ssl=1 \" alt=\"Far-right activists burn gender books, target Green MP in video\">\n            \n        <\/figure>\n\n\r\n\t\t\t\t\t<div class=\"bf_title_box_2-319 bf_title_box_2 fit-text-main\">\r\n\t\t\t\t\t\t\t\t\t\t\t\t\t<div class=\"bf_desc_1-319 blog_desc fit-text\">\r\n\t\t\t\t\t\t\t\tVideo book burning Lorient far-right Damien Girard LGBT books Lanester Shocking Videos Shared on Ins\t\t\t\t\t\t\t<\/div>\r\n\t\t\t\t\t\t\t\t\t\t\t\t\t<div class=\"bf_read_more_div_1\">\r\n\t\t\t\t\t\t\t\t<a id=\"blog_read_more\" class=\"snip0047 snip0047-319 bf_read_more_1\"\r\n\t\t\t\t\t\t\t\t\thref=\"https:\/\/queervibesmag.com\/es\/far-right-activists-burn-gender-books-target-green-mp-in-video\/\"><span>Read More<\/span><i\r\n\t\t\t\t\t\t\t\t\t\tclass=\"bf-icon-readmore\"><svg width=\"16\" height=\"16\" viewBox=\"0 0 24 24\" fill=\"none\" stroke=\"currentColor\" stroke-width=\"3\" stroke-linecap=\"round\" stroke-linejoin=\"round\"><path d=\"M10 13a5 5 0 0 0 7.54.54l3-3a5 5 0 0 0-7.07-7.07l-1.72 1.71\"><\/path><path d=\"M14 11a5 5 0 0 0-7.54-.54l-3 3a5 5 0 0 0 7.07 7.07l1.71-1.71\"><\/path><\/svg><\/i><\/a>\r\n\t\t\t\t\t\t\t<\/div>\r\n\t\t\t\t\t\t\t\t\t\t\t<\/div>\r\n\t\t\t\t<\/div>\r\n\t\t\t\t\t\t<input type=\"hidden\" value=\"5082\" class=\"displayed_posts\">\r\n\t\t<\/div>\r\n\t\t<div style=\"opacity:0;\" id=\"bf_5051\" data-category=\"85\"\r\n\t\t\tdata-sort=\"FRENCH LGBT NEWS\"\r\n\t\t\tclass=\"85 pfg_theme_1 filtr-item filtr_item_1 single_one col-lg-4 col-md-4 col-sm-6 col-xs-12\">\r\n\t\t\t\t\t\t\t<div\r\n\t\t\t\t\tclass=\"post-box bf_thumb_box_1-319 \">\r\n\t\t\t\t\t<div class=\"bf_title_box_1-319 bf_title_box_1 fit-text-main\" maxlength=\"20\">\r\n\r\n\t\t\t\t\t\t\t\t\t\t\t\t\t\t<h2 class=\"bf_title_1-319 blog_title_1 fit-text\">Pro-LGBT Left-Wing Activist Appointed Head of French Scouts<\/h2>\r\n\t\t\t\t\t\t\t\t\t\t\t\t\t\t\t<div class=\"blog_metaInfo\">\r\n\t\t\t\t\t\t\t\t\t\t\t\t\t\t\t\t\t\t\t<span class=\"blog_date\"><i class=\"bf-icon\"><svg width=\"14\" height=\"14\" viewBox=\"0 0 24 24\" fill=\"none\" stroke=\"currentColor\" stroke-width=\"3\" stroke-linecap=\"round\" stroke-linejoin=\"round\"><rect x=\"3\" y=\"4\" width=\"18\" height=\"18\" rx=\"2\" ry=\"2\"><\/rect><line x1=\"16\" y1=\"2\" x2=\"16\" y2=\"6\"><\/line><line x1=\"8\" y1=\"2\" x2=\"8\" y2=\"6\"><\/line><line x1=\"3\" y1=\"10\" x2=\"21\" y2=\"10\"><\/line><\/svg><\/i> 28 junio, 2025 <\/span>\r\n\t\t\t\t\t\t\t\t\t\t\t\t\t\t\t\t\t<\/div>\r\n\t\t\t\t\t\t\t\t\t\t\t\t<\/div>\r\n\r\n\t\t\t\t\t\n        <figure class=\"snip1550 fit-in-content\" style=\"\">\n\n                                        <img decoding=\"async\" title=\"Pro-LGBT Left-Wing Activist Appointed Head of French Scouts\" class=\"portfolio_thumbnail\" src=\"https:\/\/i0.wp.com\/queervibesmag.com\/wp-content\/uploads\/2025\/06\/be8d8702e9af54c9e0c721455276d0ecd3f1e698.png?fit=300%2C300&#038;ssl=1 \" alt=\"Pro-LGBT Left-Wing Activist Appointed Head of French Scouts\">\n            \n        <\/figure>\n\n\r\n\t\t\t\t\t<div class=\"bf_title_box_2-319 bf_title_box_2 fit-text-main\">\r\n\t\t\t\t\t\t\t\t\t\t\t\t\t<div class=\"bf_desc_1-319 blog_desc fit-text\">\r\n\t\t\t\t\t\t\t\tPresident of the Scouts and Guides of France A Nomination That Sparks Reactions The Scouts and Guide\t\t\t\t\t\t\t<\/div>\r\n\t\t\t\t\t\t\t\t\t\t\t\t\t<div class=\"bf_read_more_div_1\">\r\n\t\t\t\t\t\t\t\t<a id=\"blog_read_more\" class=\"snip0047 snip0047-319 bf_read_more_1\"\r\n\t\t\t\t\t\t\t\t\thref=\"https:\/\/queervibesmag.com\/es\/president-of-the-scouts-and-guides-of-france\/\"><span>Read More<\/span><i\r\n\t\t\t\t\t\t\t\t\t\tclass=\"bf-icon-readmore\"><svg width=\"16\" height=\"16\" viewBox=\"0 0 24 24\" fill=\"none\" stroke=\"currentColor\" stroke-width=\"3\" stroke-linecap=\"round\" stroke-linejoin=\"round\"><path d=\"M10 13a5 5 0 0 0 7.54.54l3-3a5 5 0 0 0-7.07-7.07l-1.72 1.71\"><\/path><path d=\"M14 11a5 5 0 0 0-7.54-.54l-3 3a5 5 0 0 0 7.07 7.07l1.71-1.71\"><\/path><\/svg><\/i><\/a>\r\n\t\t\t\t\t\t\t<\/div>\r\n\t\t\t\t\t\t\t\t\t\t\t<\/div>\r\n\t\t\t\t<\/div>\r\n\t\t\t\t\t\t<input type=\"hidden\" value=\"5051\" class=\"displayed_posts\">\r\n\t\t<\/div>\r\n\t\t<div style=\"opacity:0;\" id=\"bf_4207\" data-category=\"85\"\r\n\t\t\tdata-sort=\"FRENCH LGBT NEWS\"\r\n\t\t\tclass=\"85 pfg_theme_1 filtr-item filtr_item_1 single_one col-lg-4 col-md-4 col-sm-6 col-xs-12\">\r\n\t\t\t\t\t\t\t<div\r\n\t\t\t\t\tclass=\"post-box bf_thumb_box_1-319 \">\r\n\t\t\t\t\t<div class=\"bf_title_box_1-319 bf_title_box_1 fit-text-main\" maxlength=\"20\">\r\n\r\n\t\t\t\t\t\t\t\t\t\t\t\t\t\t<h2 class=\"bf_title_1-319 blog_title_1 fit-text\">A \u20ac138,700 Grant from the MESR for the OUTrans Association : A Partnership to Promote Gender Issues<\/h2>\r\n\t\t\t\t\t\t\t\t\t\t\t\t\t\t\t<div class=\"blog_metaInfo\">\r\n\t\t\t\t\t\t\t\t\t\t\t\t\t\t\t\t\t\t\t<span class=\"blog_date\"><i class=\"bf-icon\"><svg width=\"14\" height=\"14\" viewBox=\"0 0 24 24\" fill=\"none\" stroke=\"currentColor\" stroke-width=\"3\" stroke-linecap=\"round\" stroke-linejoin=\"round\"><rect x=\"3\" y=\"4\" width=\"18\" height=\"18\" rx=\"2\" ry=\"2\"><\/rect><line x1=\"16\" y1=\"2\" x2=\"16\" y2=\"6\"><\/line><line x1=\"8\" y1=\"2\" x2=\"8\" y2=\"6\"><\/line><line x1=\"3\" y1=\"10\" x2=\"21\" y2=\"10\"><\/line><\/svg><\/i> 5 marzo, 2025 <\/span>\r\n\t\t\t\t\t\t\t\t\t\t\t\t\t\t\t\t\t<\/div>\r\n\t\t\t\t\t\t\t\t\t\t\t\t<\/div>\r\n\r\n\t\t\t\t\t\n        <figure class=\"snip1550 fit-in-content\" style=\"\">\n\n                                        <img decoding=\"async\" title=\"A \u20ac138,700 Grant from MESR for OUTrans A Collaboration on Gender Issues\" class=\"portfolio_thumbnail\" src=\"https:\/\/i0.wp.com\/queervibesmag.com\/wp-content\/uploads\/2025\/03\/A-E138700-Grant-from-MESR-for-OUTrans-A-Collaboration-on-Gender-Issues.jpg?fit=300%2C167&#038;ssl=1 \" alt=\"Grant MESR association OUTrans\">\n            \n        <\/figure>\n\n\r\n\t\t\t\t\t<div class=\"bf_title_box_2-319 bf_title_box_2 fit-text-main\">\r\n\t\t\t\t\t\t\t\t\t\t\t\t\t<div class=\"bf_desc_1-319 blog_desc fit-text\">\r\n\t\t\t\t\t\t\t\tThe OUTrans association, dedicated to supporting transgender individuals, has received significant p\t\t\t\t\t\t\t<\/div>\r\n\t\t\t\t\t\t\t\t\t\t\t\t\t<div class=\"bf_read_more_div_1\">\r\n\t\t\t\t\t\t\t\t<a id=\"blog_read_more\" class=\"snip0047 snip0047-319 bf_read_more_1\"\r\n\t\t\t\t\t\t\t\t\thref=\"https:\/\/queervibesmag.com\/es\/grant-mesr-association-outrans\/\"><span>Read More<\/span><i\r\n\t\t\t\t\t\t\t\t\t\tclass=\"bf-icon-readmore\"><svg width=\"16\" height=\"16\" viewBox=\"0 0 24 24\" fill=\"none\" stroke=\"currentColor\" stroke-width=\"3\" stroke-linecap=\"round\" stroke-linejoin=\"round\"><path d=\"M10 13a5 5 0 0 0 7.54.54l3-3a5 5 0 0 0-7.07-7.07l-1.72 1.71\"><\/path><path d=\"M14 11a5 5 0 0 0-7.54-.54l-3 3a5 5 0 0 0 7.07 7.07l1.71-1.71\"><\/path><\/svg><\/i><\/a>\r\n\t\t\t\t\t\t\t<\/div>\r\n\t\t\t\t\t\t\t\t\t\t\t<\/div>\r\n\t\t\t\t<\/div>\r\n\t\t\t\t\t\t<input type=\"hidden\" value=\"4207\" class=\"displayed_posts\">\r\n\t\t<\/div>\r\n\t\t<div style=\"opacity:0;\" id=\"bf_3993\" data-category=\"85, 87\"\r\n\t\t\tdata-sort=\"FRENCH LGBT NEWS\"\r\n\t\t\tclass=\"85 87 pfg_theme_1 filtr-item filtr_item_1 single_one col-lg-4 col-md-4 col-sm-6 col-xs-12\">\r\n\t\t\t\t\t\t\t<div\r\n\t\t\t\t\tclass=\"post-box bf_thumb_box_1-319 \">\r\n\t\t\t\t\t<div class=\"bf_title_box_1-319 bf_title_box_1 fit-text-main\" maxlength=\"20\">\r\n\r\n\t\t\t\t\t\t\t\t\t\t\t\t\t\t<h2 class=\"bf_title_1-319 blog_title_1 fit-text\">Generation Z Activist Convicted After Homophobic Remarks at Bordeaux Pride : A Clear Judicial Decision<\/h2>\r\n\t\t\t\t\t\t\t\t\t\t\t\t\t\t\t<div class=\"blog_metaInfo\">\r\n\t\t\t\t\t\t\t\t\t\t\t\t\t\t\t\t\t\t\t<span class=\"blog_date\"><i class=\"bf-icon\"><svg width=\"14\" height=\"14\" viewBox=\"0 0 24 24\" fill=\"none\" stroke=\"currentColor\" stroke-width=\"3\" stroke-linecap=\"round\" stroke-linejoin=\"round\"><rect x=\"3\" y=\"4\" width=\"18\" height=\"18\" rx=\"2\" ry=\"2\"><\/rect><line x1=\"16\" y1=\"2\" x2=\"16\" y2=\"6\"><\/line><line x1=\"8\" y1=\"2\" x2=\"8\" y2=\"6\"><\/line><line x1=\"3\" y1=\"10\" x2=\"21\" y2=\"10\"><\/line><\/svg><\/i> 12 febrero, 2025 <\/span>\r\n\t\t\t\t\t\t\t\t\t\t\t\t\t\t\t\t\t<\/div>\r\n\t\t\t\t\t\t\t\t\t\t\t\t<\/div>\r\n\r\n\t\t\t\t\t\n        <figure class=\"snip1550 fit-in-content\" style=\"\">\n\n                                        <img decoding=\"async\" title=\"Generation Z Activist Convicted After Homophobic Remarks\" class=\"portfolio_thumbnail\" src=\"https:\/\/i0.wp.com\/queervibesmag.com\/wp-content\/uploads\/2025\/02\/Generation-Z-Activist-Convicted-After-Homophobic-Remarks.jpg?fit=300%2C185&#038;ssl=1 \" alt=\"Generation Z Activist Convicted After Homophobic Remarks\">\n            \n        <\/figure>\n\n\r\n\t\t\t\t\t<div class=\"bf_title_box_2-319 bf_title_box_2 fit-text-main\">\r\n\t\t\t\t\t\t\t\t\t\t\t\t\t<div class=\"bf_desc_1-319 blog_desc fit-text\">\r\n\t\t\t\t\t\t\t\tGeneration Z Activist Convicted After Homophobic Remarks The Bordeaux Court of Appeal upheld the con\t\t\t\t\t\t\t<\/div>\r\n\t\t\t\t\t\t\t\t\t\t\t\t\t<div class=\"bf_read_more_div_1\">\r\n\t\t\t\t\t\t\t\t<a id=\"blog_read_more\" class=\"snip0047 snip0047-319 bf_read_more_1\"\r\n\t\t\t\t\t\t\t\t\thref=\"https:\/\/queervibesmag.com\/es\/generation-z-activist-convicted-after-homophobic-remarks\/\"><span>Read More<\/span><i\r\n\t\t\t\t\t\t\t\t\t\tclass=\"bf-icon-readmore\"><svg width=\"16\" height=\"16\" viewBox=\"0 0 24 24\" fill=\"none\" stroke=\"currentColor\" stroke-width=\"3\" stroke-linecap=\"round\" stroke-linejoin=\"round\"><path d=\"M10 13a5 5 0 0 0 7.54.54l3-3a5 5 0 0 0-7.07-7.07l-1.72 1.71\"><\/path><path d=\"M14 11a5 5 0 0 0-7.54-.54l-3 3a5 5 0 0 0 7.07 7.07l1.71-1.71\"><\/path><\/svg><\/i><\/a>\r\n\t\t\t\t\t\t\t<\/div>\r\n\t\t\t\t\t\t\t\t\t\t\t<\/div>\r\n\t\t\t\t<\/div>\r\n\t\t\t\t\t\t<input type=\"hidden\" value=\"3993\" class=\"displayed_posts\">\r\n\t\t<\/div>\r\n\t\t<div style=\"opacity:0;\" id=\"bf_3298\" data-category=\"85\"\r\n\t\t\tdata-sort=\"FRENCH LGBT NEWS\"\r\n\t\t\tclass=\"85 pfg_theme_1 filtr-item filtr_item_1 single_one col-lg-4 col-md-4 col-sm-6 col-xs-12\">\r\n\t\t\t\t\t\t\t<div\r\n\t\t\t\t\tclass=\"post-box bf_thumb_box_1-319 \">\r\n\t\t\t\t\t<div class=\"bf_title_box_1-319 bf_title_box_1 fit-text-main\" maxlength=\"20\">\r\n\r\n\t\t\t\t\t\t\t\t\t\t\t\t\t\t<h2 class=\"bf_title_1-319 blog_title_1 fit-text\">France selects &#8220;Emilia Perez&#8221; to represent the country at the 2025 Oscars<\/h2>\r\n\t\t\t\t\t\t\t\t\t\t\t\t\t\t\t<div class=\"blog_metaInfo\">\r\n\t\t\t\t\t\t\t\t\t\t\t\t\t\t\t\t\t\t\t<span class=\"blog_date\"><i class=\"bf-icon\"><svg width=\"14\" height=\"14\" viewBox=\"0 0 24 24\" fill=\"none\" stroke=\"currentColor\" stroke-width=\"3\" stroke-linecap=\"round\" stroke-linejoin=\"round\"><rect x=\"3\" y=\"4\" width=\"18\" height=\"18\" rx=\"2\" ry=\"2\"><\/rect><line x1=\"16\" y1=\"2\" x2=\"16\" y2=\"6\"><\/line><line x1=\"8\" y1=\"2\" x2=\"8\" y2=\"6\"><\/line><line x1=\"3\" y1=\"10\" x2=\"21\" y2=\"10\"><\/line><\/svg><\/i> 20 septiembre, 2024 <\/span>\r\n\t\t\t\t\t\t\t\t\t\t\t\t\t\t\t\t\t<\/div>\r\n\t\t\t\t\t\t\t\t\t\t\t\t<\/div>\r\n\r\n\t\t\t\t\t\n        <figure class=\"snip1550 fit-in-content\" style=\"\">\n\n                                        <img decoding=\"async\" title=\"France selects Emilia Perez 2025 Oscars\" class=\"portfolio_thumbnail\" src=\"https:\/\/i0.wp.com\/queervibesmag.com\/wp-content\/uploads\/2024\/09\/France-selects-Emilia-Perez-2025-Oscars.jpg?fit=300%2C169&#038;ssl=1 \" alt=\"France selects Emilia Perez 2025 Oscars\">\n            \n        <\/figure>\n\n\r\n\t\t\t\t\t<div class=\"bf_title_box_2-319 bf_title_box_2 fit-text-main\">\r\n\t\t\t\t\t\t\t\t\t\t\t\t\t<div class=\"bf_desc_1-319 blog_desc fit-text\">\r\n\t\t\t\t\t\t\t\tFrance selects &#8220;Emilia Perez&#8221; 2025 Oscars As preparations for the 2025 Oscars are underw\t\t\t\t\t\t\t<\/div>\r\n\t\t\t\t\t\t\t\t\t\t\t\t\t<div class=\"bf_read_more_div_1\">\r\n\t\t\t\t\t\t\t\t<a id=\"blog_read_more\" class=\"snip0047 snip0047-319 bf_read_more_1\"\r\n\t\t\t\t\t\t\t\t\thref=\"https:\/\/queervibesmag.com\/es\/france-selects-emilia-perez-2025-oscars\/\"><span>Read More<\/span><i\r\n\t\t\t\t\t\t\t\t\t\tclass=\"bf-icon-readmore\"><svg width=\"16\" height=\"16\" viewBox=\"0 0 24 24\" fill=\"none\" stroke=\"currentColor\" stroke-width=\"3\" stroke-linecap=\"round\" stroke-linejoin=\"round\"><path d=\"M10 13a5 5 0 0 0 7.54.54l3-3a5 5 0 0 0-7.07-7.07l-1.72 1.71\"><\/path><path d=\"M14 11a5 5 0 0 0-7.54-.54l-3 3a5 5 0 0 0 7.07 7.07l1.71-1.71\"><\/path><\/svg><\/i><\/a>\r\n\t\t\t\t\t\t\t<\/div>\r\n\t\t\t\t\t\t\t\t\t\t\t<\/div>\r\n\t\t\t\t<\/div>\r\n\t\t\t\t\t\t<input type=\"hidden\" value=\"3298\" class=\"displayed_posts\">\r\n\t\t<\/div>\r\n\t\t<div style=\"opacity:0;\" id=\"bf_3295\" data-category=\"85\"\r\n\t\t\tdata-sort=\"FRENCH LGBT NEWS\"\r\n\t\t\tclass=\"85 pfg_theme_1 filtr-item filtr_item_1 single_one col-lg-4 col-md-4 col-sm-6 col-xs-12\">\r\n\t\t\t\t\t\t\t<div\r\n\t\t\t\t\tclass=\"post-box bf_thumb_box_1-319 \">\r\n\t\t\t\t\t<div class=\"bf_title_box_1-319 bf_title_box_1 fit-text-main\" maxlength=\"20\">\r\n\r\n\t\t\t\t\t\t\t\t\t\t\t\t\t\t<h2 class=\"bf_title_1-319 blog_title_1 fit-text\">Tensions in Lyon Over the Visit of a Militant Accused of Transphobia<\/h2>\r\n\t\t\t\t\t\t\t\t\t\t\t\t\t\t\t<div class=\"blog_metaInfo\">\r\n\t\t\t\t\t\t\t\t\t\t\t\t\t\t\t\t\t\t\t<span class=\"blog_date\"><i class=\"bf-icon\"><svg width=\"14\" height=\"14\" viewBox=\"0 0 24 24\" fill=\"none\" stroke=\"currentColor\" stroke-width=\"3\" stroke-linecap=\"round\" stroke-linejoin=\"round\"><rect x=\"3\" y=\"4\" width=\"18\" height=\"18\" rx=\"2\" ry=\"2\"><\/rect><line x1=\"16\" y1=\"2\" x2=\"16\" y2=\"6\"><\/line><line x1=\"8\" y1=\"2\" x2=\"8\" y2=\"6\"><\/line><line x1=\"3\" y1=\"10\" x2=\"21\" y2=\"10\"><\/line><\/svg><\/i> 20 septiembre, 2024 <\/span>\r\n\t\t\t\t\t\t\t\t\t\t\t\t\t\t\t\t\t<\/div>\r\n\t\t\t\t\t\t\t\t\t\t\t\t<\/div>\r\n\r\n\t\t\t\t\t\n        <figure class=\"snip1550 fit-in-content\" style=\"\">\n\n                                        <img decoding=\"async\" title=\"Tensions in Lyon Over the Visit of a Militant Accused of Transphobia\" class=\"portfolio_thumbnail\" src=\"https:\/\/i0.wp.com\/queervibesmag.com\/wp-content\/uploads\/2024\/09\/Tensions-in-Lyon-Over-the-Visit-of-a-Militant-Accused-of-Transphobia.jpg?fit=300%2C214&#038;ssl=1 \" alt=\"Tensions in Lyon Over the Visit of a Militant Accused of Transphobia\">\n            \n        <\/figure>\n\n\r\n\t\t\t\t\t<div class=\"bf_title_box_2-319 bf_title_box_2 fit-text-main\">\r\n\t\t\t\t\t\t\t\t\t\t\t\t\t<div class=\"bf_desc_1-319 blog_desc fit-text\">\r\n\t\t\t\t\t\t\t\tTensions in Lyon Over the Visit of a Militant Accused of Transphobia A Controversial Conference Marg\t\t\t\t\t\t\t<\/div>\r\n\t\t\t\t\t\t\t\t\t\t\t\t\t<div class=\"bf_read_more_div_1\">\r\n\t\t\t\t\t\t\t\t<a id=\"blog_read_more\" class=\"snip0047 snip0047-319 bf_read_more_1\"\r\n\t\t\t\t\t\t\t\t\thref=\"https:\/\/queervibesmag.com\/es\/tensions-in-lyon-over-the-visit-of-a-militant-accused-of-transphobia\/\"><span>Read More<\/span><i\r\n\t\t\t\t\t\t\t\t\t\tclass=\"bf-icon-readmore\"><svg width=\"16\" height=\"16\" viewBox=\"0 0 24 24\" fill=\"none\" stroke=\"currentColor\" stroke-width=\"3\" stroke-linecap=\"round\" stroke-linejoin=\"round\"><path d=\"M10 13a5 5 0 0 0 7.54.54l3-3a5 5 0 0 0-7.07-7.07l-1.72 1.71\"><\/path><path d=\"M14 11a5 5 0 0 0-7.54-.54l-3 3a5 5 0 0 0 7.07 7.07l1.71-1.71\"><\/path><\/svg><\/i><\/a>\r\n\t\t\t\t\t\t\t<\/div>\r\n\t\t\t\t\t\t\t\t\t\t\t<\/div>\r\n\t\t\t\t<\/div>\r\n\t\t\t\t\t\t<input type=\"hidden\" value=\"3295\" class=\"displayed_posts\">\r\n\t\t<\/div>\r\n\t\t<div style=\"opacity:0;\" id=\"bf_3229\" data-category=\"85\"\r\n\t\t\tdata-sort=\"FRENCH LGBT NEWS\"\r\n\t\t\tclass=\"85 pfg_theme_1 filtr-item filtr_item_1 single_one col-lg-4 col-md-4 col-sm-6 col-xs-12\">\r\n\t\t\t\t\t\t\t<div\r\n\t\t\t\t\tclass=\"post-box bf_thumb_box_1-319 \">\r\n\t\t\t\t\t<div class=\"bf_title_box_1-319 bf_title_box_1 fit-text-main\" maxlength=\"20\">\r\n\r\n\t\t\t\t\t\t\t\t\t\t\t\t\t\t<h2 class=\"bf_title_1-319 blog_title_1 fit-text\">France : Free STI Screening for Under 26s and 100% Coverage<\/h2>\r\n\t\t\t\t\t\t\t\t\t\t\t\t\t\t\t<div class=\"blog_metaInfo\">\r\n\t\t\t\t\t\t\t\t\t\t\t\t\t\t\t\t\t\t\t<span class=\"blog_date\"><i class=\"bf-icon\"><svg width=\"14\" height=\"14\" viewBox=\"0 0 24 24\" fill=\"none\" stroke=\"currentColor\" stroke-width=\"3\" stroke-linecap=\"round\" stroke-linejoin=\"round\"><rect x=\"3\" y=\"4\" width=\"18\" height=\"18\" rx=\"2\" ry=\"2\"><\/rect><line x1=\"16\" y1=\"2\" x2=\"16\" y2=\"6\"><\/line><line x1=\"8\" y1=\"2\" x2=\"8\" y2=\"6\"><\/line><line x1=\"3\" y1=\"10\" x2=\"21\" y2=\"10\"><\/line><\/svg><\/i> 6 septiembre, 2024 <\/span>\r\n\t\t\t\t\t\t\t\t\t\t\t\t\t\t\t\t\t<\/div>\r\n\t\t\t\t\t\t\t\t\t\t\t\t<\/div>\r\n\r\n\t\t\t\t\t\n        <figure class=\"snip1550 fit-in-content\" style=\"\">\n\n                                        <img decoding=\"async\" title=\"France Free STI Screening for Under 26s and 100% Coverage\" class=\"portfolio_thumbnail\" src=\"https:\/\/i0.wp.com\/queervibesmag.com\/wp-content\/uploads\/2024\/09\/France-Free-STI-Screening-for-Under-26s-and-100-Coverage.jpg?fit=300%2C215&#038;ssl=1 \" alt=\"France Free STI Screening for Under 26s and 100% Coverage\">\n            \n        <\/figure>\n\n\r\n\t\t\t\t\t<div class=\"bf_title_box_2-319 bf_title_box_2 fit-text-main\">\r\n\t\t\t\t\t\t\t\t\t\t\t\t\t<div class=\"bf_desc_1-319 blog_desc fit-text\">\r\n\t\t\t\t\t\t\t\tFrance : Free STI Screening for Under 26s and 100% Coverage From this date, STI screening will be fu\t\t\t\t\t\t\t<\/div>\r\n\t\t\t\t\t\t\t\t\t\t\t\t\t<div class=\"bf_read_more_div_1\">\r\n\t\t\t\t\t\t\t\t<a id=\"blog_read_more\" class=\"snip0047 snip0047-319 bf_read_more_1\"\r\n\t\t\t\t\t\t\t\t\thref=\"https:\/\/queervibesmag.com\/es\/france-free-sti-screening-for-under-26s-and-100-coverage\/\"><span>Read More<\/span><i\r\n\t\t\t\t\t\t\t\t\t\tclass=\"bf-icon-readmore\"><svg width=\"16\" height=\"16\" viewBox=\"0 0 24 24\" fill=\"none\" stroke=\"currentColor\" stroke-width=\"3\" stroke-linecap=\"round\" stroke-linejoin=\"round\"><path d=\"M10 13a5 5 0 0 0 7.54.54l3-3a5 5 0 0 0-7.07-7.07l-1.72 1.71\"><\/path><path d=\"M14 11a5 5 0 0 0-7.54-.54l-3 3a5 5 0 0 0 7.07 7.07l1.71-1.71\"><\/path><\/svg><\/i><\/a>\r\n\t\t\t\t\t\t\t<\/div>\r\n\t\t\t\t\t\t\t\t\t\t\t<\/div>\r\n\t\t\t\t<\/div>\r\n\t\t\t\t\t\t<input type=\"hidden\" value=\"3229\" class=\"displayed_posts\">\r\n\t\t<\/div>\r\n\t\t<div style=\"opacity:0;\" id=\"bf_3065\" data-category=\"85\"\r\n\t\t\tdata-sort=\"FRENCH LGBT NEWS\"\r\n\t\t\tclass=\"85 pfg_theme_1 filtr-item filtr_item_1 single_one col-lg-4 col-md-4 col-sm-6 col-xs-12\">\r\n\t\t\t\t\t\t\t<div\r\n\t\t\t\t\tclass=\"post-box bf_thumb_box_1-319 \">\r\n\t\t\t\t\t<div class=\"bf_title_box_1-319 bf_title_box_1 fit-text-main\" maxlength=\"20\">\r\n\r\n\t\t\t\t\t\t\t\t\t\t\t\t\t\t<h2 class=\"bf_title_1-319 blog_title_1 fit-text\">JO-2024 Death threats investigations Targeting Organizers and Opening Ceremony Artists<\/h2>\r\n\t\t\t\t\t\t\t\t\t\t\t\t\t\t\t<div class=\"blog_metaInfo\">\r\n\t\t\t\t\t\t\t\t\t\t\t\t\t\t\t\t\t\t\t<span class=\"blog_date\"><i class=\"bf-icon\"><svg width=\"14\" height=\"14\" viewBox=\"0 0 24 24\" fill=\"none\" stroke=\"currentColor\" stroke-width=\"3\" stroke-linecap=\"round\" stroke-linejoin=\"round\"><rect x=\"3\" y=\"4\" width=\"18\" height=\"18\" rx=\"2\" ry=\"2\"><\/rect><line x1=\"16\" y1=\"2\" x2=\"16\" y2=\"6\"><\/line><line x1=\"8\" y1=\"2\" x2=\"8\" y2=\"6\"><\/line><line x1=\"3\" y1=\"10\" x2=\"21\" y2=\"10\"><\/line><\/svg><\/i> 7 agosto, 2024 <\/span>\r\n\t\t\t\t\t\t\t\t\t\t\t\t\t\t\t\t\t<\/div>\r\n\t\t\t\t\t\t\t\t\t\t\t\t<\/div>\r\n\r\n\t\t\t\t\t\n        <figure class=\"snip1550 fit-in-content\" style=\"\">\n\n                                        <img decoding=\"async\" title=\"JO-2024 Death threats investigations\" class=\"portfolio_thumbnail\" src=\"https:\/\/i0.wp.com\/queervibesmag.com\/wp-content\/uploads\/2024\/08\/JO-2024-Death-threats-investigations.jpg?fit=300%2C167&#038;ssl=1 \" alt=\"JO-2024 Death threats investigations\">\n            \n        <\/figure>\n\n\r\n\t\t\t\t\t<div class=\"bf_title_box_2-319 bf_title_box_2 fit-text-main\">\r\n\t\t\t\t\t\t\t\t\t\t\t\t\t<div class=\"bf_desc_1-319 blog_desc fit-text\">\r\n\t\t\t\t\t\t\t\tJO-2024 Death threats investigations Complaint for Death Threats On August 5, 2024, the justice syst\t\t\t\t\t\t\t<\/div>\r\n\t\t\t\t\t\t\t\t\t\t\t\t\t<div class=\"bf_read_more_div_1\">\r\n\t\t\t\t\t\t\t\t<a id=\"blog_read_more\" class=\"snip0047 snip0047-319 bf_read_more_1\"\r\n\t\t\t\t\t\t\t\t\thref=\"https:\/\/queervibesmag.com\/es\/jo-2024-death-threats-investigations\/\"><span>Read More<\/span><i\r\n\t\t\t\t\t\t\t\t\t\tclass=\"bf-icon-readmore\"><svg width=\"16\" height=\"16\" viewBox=\"0 0 24 24\" fill=\"none\" stroke=\"currentColor\" stroke-width=\"3\" stroke-linecap=\"round\" stroke-linejoin=\"round\"><path d=\"M10 13a5 5 0 0 0 7.54.54l3-3a5 5 0 0 0-7.07-7.07l-1.72 1.71\"><\/path><path d=\"M14 11a5 5 0 0 0-7.54-.54l-3 3a5 5 0 0 0 7.07 7.07l1.71-1.71\"><\/path><\/svg><\/i><\/a>\r\n\t\t\t\t\t\t\t<\/div>\r\n\t\t\t\t\t\t\t\t\t\t\t<\/div>\r\n\t\t\t\t<\/div>\r\n\t\t\t\t\t\t<input type=\"hidden\" value=\"3065\" class=\"displayed_posts\">\r\n\t\t<\/div>\r\n\t\t<div style=\"opacity:0;\" id=\"bf_3042\" data-category=\"85\"\r\n\t\t\tdata-sort=\"FRENCH LGBT NEWS\"\r\n\t\t\tclass=\"85 pfg_theme_1 filtr-item filtr_item_1 single_one col-lg-4 col-md-4 col-sm-6 col-xs-12\">\r\n\t\t\t\t\t\t\t<div\r\n\t\t\t\t\tclass=\"post-box bf_thumb_box_1-319 \">\r\n\t\t\t\t\t<div class=\"bf_title_box_1-319 bf_title_box_1 fit-text-main\" maxlength=\"20\">\r\n\r\n\t\t\t\t\t\t\t\t\t\t\t\t\t\t<h2 class=\"bf_title_1-319 blog_title_1 fit-text\">Nicky Doll Files Defamation Complaint Following Hate Messages<\/h2>\r\n\t\t\t\t\t\t\t\t\t\t\t\t\t\t\t<div class=\"blog_metaInfo\">\r\n\t\t\t\t\t\t\t\t\t\t\t\t\t\t\t\t\t\t\t<span class=\"blog_date\"><i class=\"bf-icon\"><svg width=\"14\" height=\"14\" viewBox=\"0 0 24 24\" fill=\"none\" stroke=\"currentColor\" stroke-width=\"3\" stroke-linecap=\"round\" stroke-linejoin=\"round\"><rect x=\"3\" y=\"4\" width=\"18\" height=\"18\" rx=\"2\" ry=\"2\"><\/rect><line x1=\"16\" y1=\"2\" x2=\"16\" y2=\"6\"><\/line><line x1=\"8\" y1=\"2\" x2=\"8\" y2=\"6\"><\/line><line x1=\"3\" y1=\"10\" x2=\"21\" y2=\"10\"><\/line><\/svg><\/i> 3 agosto, 2024 <\/span>\r\n\t\t\t\t\t\t\t\t\t\t\t\t\t\t\t\t\t<\/div>\r\n\t\t\t\t\t\t\t\t\t\t\t\t<\/div>\r\n\r\n\t\t\t\t\t\n        <figure class=\"snip1550 fit-in-content\" style=\"\">\n\n                                        <img decoding=\"async\" title=\"Nicky Doll Files Defamation Complaint Following Hate Messages\" class=\"portfolio_thumbnail\" src=\"https:\/\/i0.wp.com\/queervibesmag.com\/wp-content\/uploads\/2024\/08\/4jj.jpg?fit=300%2C235&#038;ssl=1 \" alt=\"Nicky Doll Files Defamation Complaint Following Hate Messages\">\n            \n        <\/figure>\n\n\r\n\t\t\t\t\t<div class=\"bf_title_box_2-319 bf_title_box_2 fit-text-main\">\r\n\t\t\t\t\t\t\t\t\t\t\t\t\t<div class=\"bf_desc_1-319 blog_desc fit-text\">\r\n\t\t\t\t\t\t\t\tNicky Doll Files Defamation Complaint Following Hate Messages Nicky Doll Files a Defamation Complain\t\t\t\t\t\t\t<\/div>\r\n\t\t\t\t\t\t\t\t\t\t\t\t\t<div class=\"bf_read_more_div_1\">\r\n\t\t\t\t\t\t\t\t<a id=\"blog_read_more\" class=\"snip0047 snip0047-319 bf_read_more_1\"\r\n\t\t\t\t\t\t\t\t\thref=\"https:\/\/queervibesmag.com\/es\/nicky-doll-files-defamation-complaint-following-hate-messages\/\"><span>Read More<\/span><i\r\n\t\t\t\t\t\t\t\t\t\tclass=\"bf-icon-readmore\"><svg width=\"16\" height=\"16\" viewBox=\"0 0 24 24\" fill=\"none\" stroke=\"currentColor\" stroke-width=\"3\" stroke-linecap=\"round\" stroke-linejoin=\"round\"><path d=\"M10 13a5 5 0 0 0 7.54.54l3-3a5 5 0 0 0-7.07-7.07l-1.72 1.71\"><\/path><path d=\"M14 11a5 5 0 0 0-7.54-.54l-3 3a5 5 0 0 0 7.07 7.07l1.71-1.71\"><\/path><\/svg><\/i><\/a>\r\n\t\t\t\t\t\t\t<\/div>\r\n\t\t\t\t\t\t\t\t\t\t\t<\/div>\r\n\t\t\t\t<\/div>\r\n\t\t\t\t\t\t<input type=\"hidden\" value=\"3042\" class=\"displayed_posts\">\r\n\t\t<\/div>\r\n\t\t<div style=\"opacity:0;\" id=\"bf_3032\" data-category=\"85, 79\"\r\n\t\t\tdata-sort=\"FRENCH LGBT NEWS\"\r\n\t\t\tclass=\"85 79 pfg_theme_1 filtr-item filtr_item_1 single_one col-lg-4 col-md-4 col-sm-6 col-xs-12\">\r\n\t\t\t\t\t\t\t<div\r\n\t\t\t\t\tclass=\"post-box bf_thumb_box_1-319 \">\r\n\t\t\t\t\t<div class=\"bf_title_box_1-319 bf_title_box_1 fit-text-main\" maxlength=\"20\">\r\n\r\n\t\t\t\t\t\t\t\t\t\t\t\t\t\t<h2 class=\"bf_title_1-319 blog_title_1 fit-text\">JO 2024: Opening of the Pride House, the Fan Zone for the LGBT+ Community and Allies<\/h2>\r\n\t\t\t\t\t\t\t\t\t\t\t\t\t\t\t<div class=\"blog_metaInfo\">\r\n\t\t\t\t\t\t\t\t\t\t\t\t\t\t\t\t\t\t\t<span class=\"blog_date\"><i class=\"bf-icon\"><svg width=\"14\" height=\"14\" viewBox=\"0 0 24 24\" fill=\"none\" stroke=\"currentColor\" stroke-width=\"3\" stroke-linecap=\"round\" stroke-linejoin=\"round\"><rect x=\"3\" y=\"4\" width=\"18\" height=\"18\" rx=\"2\" ry=\"2\"><\/rect><line x1=\"16\" y1=\"2\" x2=\"16\" y2=\"6\"><\/line><line x1=\"8\" y1=\"2\" x2=\"8\" y2=\"6\"><\/line><line x1=\"3\" y1=\"10\" x2=\"21\" y2=\"10\"><\/line><\/svg><\/i> 31 julio, 2024 <\/span>\r\n\t\t\t\t\t\t\t\t\t\t\t\t\t\t\t\t\t<\/div>\r\n\t\t\t\t\t\t\t\t\t\t\t\t<\/div>\r\n\r\n\t\t\t\t\t\n        <figure class=\"snip1550 fit-in-content\" style=\"\">\n\n                                        <img decoding=\"async\" title=\"JO 2024 Opening of the Pride House, the Fan Zone for the LGBT+ Community and Allies\" class=\"portfolio_thumbnail\" src=\"https:\/\/i0.wp.com\/queervibesmag.com\/wp-content\/uploads\/2024\/07\/JO-2024-Opening-of-the-Pride-House-the-Fan-Zone-for-the-LGBT-Community-and-Allies.jpg?fit=300%2C178&#038;ssl=1 \" alt=\"Opening of the Pride House\">\n            \n        <\/figure>\n\n\r\n\t\t\t\t\t<div class=\"bf_title_box_2-319 bf_title_box_2 fit-text-main\">\r\n\t\t\t\t\t\t\t\t\t\t\t\t\t<div class=\"bf_desc_1-319 blog_desc fit-text\">\r\n\t\t\t\t\t\t\t\tJO 2024: Opening of the Pride House, the Fan Zone for the LGBT+ Community and Allies A Space for Cel\t\t\t\t\t\t\t<\/div>\r\n\t\t\t\t\t\t\t\t\t\t\t\t\t<div class=\"bf_read_more_div_1\">\r\n\t\t\t\t\t\t\t\t<a id=\"blog_read_more\" class=\"snip0047 snip0047-319 bf_read_more_1\"\r\n\t\t\t\t\t\t\t\t\thref=\"https:\/\/queervibesmag.com\/es\/opening-of-the-pride-house\/\"><span>Read More<\/span><i\r\n\t\t\t\t\t\t\t\t\t\tclass=\"bf-icon-readmore\"><svg width=\"16\" height=\"16\" viewBox=\"0 0 24 24\" fill=\"none\" stroke=\"currentColor\" stroke-width=\"3\" stroke-linecap=\"round\" stroke-linejoin=\"round\"><path d=\"M10 13a5 5 0 0 0 7.54.54l3-3a5 5 0 0 0-7.07-7.07l-1.72 1.71\"><\/path><path d=\"M14 11a5 5 0 0 0-7.54-.54l-3 3a5 5 0 0 0 7.07 7.07l1.71-1.71\"><\/path><\/svg><\/i><\/a>\r\n\t\t\t\t\t\t\t<\/div>\r\n\t\t\t\t\t\t\t\t\t\t\t<\/div>\r\n\t\t\t\t<\/div>\r\n\t\t\t\t\t\t<input type=\"hidden\" value=\"3032\" class=\"displayed_posts\">\r\n\t\t<\/div>\r\n\t\t<div style=\"opacity:0;\" id=\"bf_3010\" data-category=\"85\"\r\n\t\t\tdata-sort=\"FRENCH LGBT NEWS\"\r\n\t\t\tclass=\"85 pfg_theme_1 filtr-item filtr_item_1 single_one col-lg-4 col-md-4 col-sm-6 col-xs-12\">\r\n\t\t\t\t\t\t\t<div\r\n\t\t\t\t\tclass=\"post-box bf_thumb_box_1-319 \">\r\n\t\t\t\t\t<div class=\"bf_title_box_1-319 bf_title_box_1 fit-text-main\" maxlength=\"20\">\r\n\r\n\t\t\t\t\t\t\t\t\t\t\t\t\t\t<h2 class=\"bf_title_1-319 blog_title_1 fit-text\">Nicky Doll Shines in Runway Segment at Paris Olympics Opening Ceremony<\/h2>\r\n\t\t\t\t\t\t\t\t\t\t\t\t\t\t\t<div class=\"blog_metaInfo\">\r\n\t\t\t\t\t\t\t\t\t\t\t\t\t\t\t\t\t\t\t<span class=\"blog_date\"><i class=\"bf-icon\"><svg width=\"14\" height=\"14\" viewBox=\"0 0 24 24\" fill=\"none\" stroke=\"currentColor\" stroke-width=\"3\" stroke-linecap=\"round\" stroke-linejoin=\"round\"><rect x=\"3\" y=\"4\" width=\"18\" height=\"18\" rx=\"2\" ry=\"2\"><\/rect><line x1=\"16\" y1=\"2\" x2=\"16\" y2=\"6\"><\/line><line x1=\"8\" y1=\"2\" x2=\"8\" y2=\"6\"><\/line><line x1=\"3\" y1=\"10\" x2=\"21\" y2=\"10\"><\/line><\/svg><\/i> 29 julio, 2024 <\/span>\r\n\t\t\t\t\t\t\t\t\t\t\t\t\t\t\t\t\t<\/div>\r\n\t\t\t\t\t\t\t\t\t\t\t\t<\/div>\r\n\r\n\t\t\t\t\t\n        <figure class=\"snip1550 fit-in-content\" style=\"\">\n\n                                        <img decoding=\"async\" title=\"Nicky Doll Shines in Runway Segment at Paris Olympics Opening Ceremony\" class=\"portfolio_thumbnail\" src=\"https:\/\/i0.wp.com\/queervibesmag.com\/wp-content\/uploads\/2024\/07\/dfd.jpg?fit=300%2C181&#038;ssl=1 \" alt=\"Nicky Doll Paris Olympics Opening Ceremony\">\n            \n        <\/figure>\n\n\r\n\t\t\t\t\t<div class=\"bf_title_box_2-319 bf_title_box_2 fit-text-main\">\r\n\t\t\t\t\t\t\t\t\t\t\t\t\t<div class=\"bf_desc_1-319 blog_desc fit-text\">\r\n\t\t\t\t\t\t\t\tNicky Doll Shines in Runway Segment at Paris Olympics Opening Ceremony French Drag Takes Center Stag\t\t\t\t\t\t\t<\/div>\r\n\t\t\t\t\t\t\t\t\t\t\t\t\t<div class=\"bf_read_more_div_1\">\r\n\t\t\t\t\t\t\t\t<a id=\"blog_read_more\" class=\"snip0047 snip0047-319 bf_read_more_1\"\r\n\t\t\t\t\t\t\t\t\thref=\"https:\/\/queervibesmag.com\/es\/nicky-doll-shines-in-runway-segment-at-paris-olympics-opening-ceremony\/\"><span>Read More<\/span><i\r\n\t\t\t\t\t\t\t\t\t\tclass=\"bf-icon-readmore\"><svg width=\"16\" height=\"16\" viewBox=\"0 0 24 24\" fill=\"none\" stroke=\"currentColor\" stroke-width=\"3\" stroke-linecap=\"round\" stroke-linejoin=\"round\"><path d=\"M10 13a5 5 0 0 0 7.54.54l3-3a5 5 0 0 0-7.07-7.07l-1.72 1.71\"><\/path><path d=\"M14 11a5 5 0 0 0-7.54-.54l-3 3a5 5 0 0 0 7.07 7.07l1.71-1.71\"><\/path><\/svg><\/i><\/a>\r\n\t\t\t\t\t\t\t<\/div>\r\n\t\t\t\t\t\t\t\t\t\t\t<\/div>\r\n\t\t\t\t<\/div>\r\n\t\t\t\t\t\t<input type=\"hidden\" value=\"3010\" class=\"displayed_posts\">\r\n\t\t<\/div>\r\n\t\t<div style=\"opacity:0;\" id=\"bf_2839\" data-category=\"85\"\r\n\t\t\tdata-sort=\"FRENCH LGBT NEWS\"\r\n\t\t\tclass=\"85 pfg_theme_1 filtr-item filtr_item_1 single_one col-lg-4 col-md-4 col-sm-6 col-xs-12\">\r\n\t\t\t\t\t\t\t<div\r\n\t\t\t\t\tclass=\"post-box bf_thumb_box_1-319 \">\r\n\t\t\t\t\t<div class=\"bf_title_box_1-319 bf_title_box_1 fit-text-main\" maxlength=\"20\">\r\n\r\n\t\t\t\t\t\t\t\t\t\t\t\t\t\t<h2 class=\"bf_title_1-319 blog_title_1 fit-text\">Drag Race France : Kitty Space Comes Out<\/h2>\r\n\t\t\t\t\t\t\t\t\t\t\t\t\t\t\t<div class=\"blog_metaInfo\">\r\n\t\t\t\t\t\t\t\t\t\t\t\t\t\t\t\t\t\t\t<span class=\"blog_date\"><i class=\"bf-icon\"><svg width=\"14\" height=\"14\" viewBox=\"0 0 24 24\" fill=\"none\" stroke=\"currentColor\" stroke-width=\"3\" stroke-linecap=\"round\" stroke-linejoin=\"round\"><rect x=\"3\" y=\"4\" width=\"18\" height=\"18\" rx=\"2\" ry=\"2\"><\/rect><line x1=\"16\" y1=\"2\" x2=\"16\" y2=\"6\"><\/line><line x1=\"8\" y1=\"2\" x2=\"8\" y2=\"6\"><\/line><line x1=\"3\" y1=\"10\" x2=\"21\" y2=\"10\"><\/line><\/svg><\/i> 4 julio, 2024 <\/span>\r\n\t\t\t\t\t\t\t\t\t\t\t\t\t\t\t\t\t<\/div>\r\n\t\t\t\t\t\t\t\t\t\t\t\t<\/div>\r\n\r\n\t\t\t\t\t\n        <figure class=\"snip1550 fit-in-content\" style=\"\">\n\n                                        <img decoding=\"async\" title=\"Drag Race France Kitty Space Comes Out\" class=\"portfolio_thumbnail\" src=\"https:\/\/i0.wp.com\/queervibesmag.com\/wp-content\/uploads\/2024\/07\/Drag-Race-France-Kitty-Space-fait-son-coming-out.jpg?fit=300%2C224&#038;ssl=1 \" alt=\"Drag Race France Kitty Space Comes Out\">\n            \n        <\/figure>\n\n\r\n\t\t\t\t\t<div class=\"bf_title_box_2-319 bf_title_box_2 fit-text-main\">\r\n\t\t\t\t\t\t\t\t\t\t\t\t\t<div class=\"bf_desc_1-319 blog_desc fit-text\">\r\n\t\t\t\t\t\t\t\tDrag Race France : Kitty Space Comes Out An Emotional Announcement on Instagram Kitty Space, a famou\t\t\t\t\t\t\t<\/div>\r\n\t\t\t\t\t\t\t\t\t\t\t\t\t<div class=\"bf_read_more_div_1\">\r\n\t\t\t\t\t\t\t\t<a id=\"blog_read_more\" class=\"snip0047 snip0047-319 bf_read_more_1\"\r\n\t\t\t\t\t\t\t\t\thref=\"https:\/\/queervibesmag.com\/es\/drag-race-france-kitty-space-comes-out\/\"><span>Read More<\/span><i\r\n\t\t\t\t\t\t\t\t\t\tclass=\"bf-icon-readmore\"><svg width=\"16\" height=\"16\" viewBox=\"0 0 24 24\" fill=\"none\" stroke=\"currentColor\" stroke-width=\"3\" stroke-linecap=\"round\" stroke-linejoin=\"round\"><path d=\"M10 13a5 5 0 0 0 7.54.54l3-3a5 5 0 0 0-7.07-7.07l-1.72 1.71\"><\/path><path d=\"M14 11a5 5 0 0 0-7.54-.54l-3 3a5 5 0 0 0 7.07 7.07l1.71-1.71\"><\/path><\/svg><\/i><\/a>\r\n\t\t\t\t\t\t\t<\/div>\r\n\t\t\t\t\t\t\t\t\t\t\t<\/div>\r\n\t\t\t\t<\/div>\r\n\t\t\t\t\t\t<input type=\"hidden\" value=\"2839\" class=\"displayed_posts\">\r\n\t\t<\/div>\r\n            <div class=\"blog_loader blog_loader-319\"><\/div>\r\n        <\/div>\r\n\r\n                <div class=\"load-scroll-block\" data-scrollflage=\"1\">\r\n            <div class=\"lds-ellipsis\">\r\n                <div><\/div>\r\n                <div><\/div>\r\n                <div><\/div>\r\n                <div><\/div>\r\n            <\/div>\r\n        <\/div>\r\n        <div class=\"no-more-posts\">No More Posts<\/div>\r\n                    <div class=\"blog_pagination-319\">\r\n                <span aria-current=\"page\" class=\"page-numbers current\">1<\/span>\n<a class=\"page-numbers\" href=\"https:\/\/queervibesmag.com\/es\/wp-json\/wp\/v2\/posts\/3298\/page\/2\/\">2<\/a>\n<a class=\"page-numbers\" href=\"https:\/\/queervibesmag.com\/es\/wp-json\/wp\/v2\/posts\/3298\/page\/3\/\">3<\/a>\n<a class=\"page-numbers\" href=\"https:\/\/queervibesmag.com\/es\/wp-json\/wp\/v2\/posts\/3298\/page\/4\/\">4<\/a>\n<a class=\"next page-numbers\" href=\"https:\/\/queervibesmag.com\/es\/wp-json\/wp\/v2\/posts\/3298\/page\/2\/\"><\/a>            <\/div>\r\n        <script data-jetpack-boost=\"ignore\"> <!---\r\njQuery(function() {\r\n\t\/\/Simple filter controls\r\n\tjQuery('.filtr-controls-319').click(function() {\r\n\tjQuery('.filtr-controls-319').removeClass('active');\r\n\tjQuery(this).addClass('active');\r\n\t});\r\n\t\/\/Multifilter controls\r\n\tjQuery('.multifilter li').click(function () {\r\n\t\tjQuery(this).toggleClass('active');\r\n\t});\r\n\t\/\/Shuffle control\r\n\tjQuery('.shuffle-btn').click(function () {\r\n\t\tjQuery('.sort-btn').removeClass('active');\r\n\t});\r\n\t\/\/Sort controls\r\n\tjQuery('.sort-btn').click(function () {\r\n\t\tjQuery('.sort-btn').removeClass('active');\r\n\t\tjQuery(this).addClass('active');\r\n\t});\r\n});\r\n\r\n\t\r\n\t\/\/Lazy load issue fix js\r\n\tsetTimeout(function () {\r\n\t\tjQuery(\".portfolio_thumbnail\").each(function () {\r\n\t\t\t\/\/ console.log(jQuery(this).width() + \"x\" + jQuery(this).height())\r\n\t\t\tvar h = jQuery(this).height();\r\n\t\t\tvar w = jQuery(this).width();\r\n\t\t\tjQuery(this).height(h);\r\n\t\t\tjQuery(this).width(w);\r\n\t\t\tjQuery(this).resize();\r\n\t\t});\r\n\t}, 2500);\r\n\r\n\tjQuery(document).ready(function () {\r\n\t\tjQuery(\"a.page-numbers\").each(function () {\r\n\t\t\tvar $this = jQuery(this);\r\n\t\t\tvar _href = $this.attr(\"href\");\r\n\t\t\t$this.attr(\"href\", _href + '');\r\n\t\t});\r\n\r\n\t\t\/\/ Animate loader off screen\r\n\t\tjQuery(\".blog_loader\").hide();\r\n\t\tjQuery(\".bfg_theme_1\").css(\"opacity\", 1);\r\n\t\t\/\/Filterizd Default options\r\n\t\toptions319 = {\r\n\t\t\tcallbacks: {\r\n\t\t\t\tonFilteringStart: function () { },\r\n\t\t\t\tonFilteringEnd: function () { },\r\n\t\t\t\tonShufflingStart: function () { },\r\n\t\t\t\tonShufflingEnd: function () { },\r\n\t\t\t\tonSortingStart: function () { },\r\n\t\t\t\tonSortingEnd: function () { }\r\n\t\t\t},\r\n\t\t\tcontrolsSelector: '.filtr-controls-319',\r\n\t\t\tfilter: 'all',\r\n\t\t\tfilterOutCss: {\r\n\t\t\t\ttop: '0px',\r\n\t\t\t\tleft: '0px',\r\n\t\t\t\topacity: 0.001,\r\n\t\t\t\ttransform: ''\r\n\t\t\t},\r\n\t\t\tfilterInCss: {\r\n\t\t\t\ttop: '0px',\r\n\t\t\t\tleft: '0px',\r\n\t\t\t\topacity: 1,\r\n\t\t\t\ttransform: ''\r\n\t\t\t},\r\n\t\t\tlayout: 'sameWidth',\r\n\t\t\t\r\n\t\tselector: '.filtr-item',\r\n\t\t\tsetupControls: false\r\n\t\t}\r\n\t\tvar filterizd = jQuery('.bf_gallery_1-319').filterizr(options319);\r\n\r\n\t\tjQuery('.bf_gallery_1-319').imagesLoaded(function () {\r\n\t\t\t\/\/ images have already loaded, instantiate Filterizr\r\n\t\t\tjQuery('.bf_gallery_1-319').filterizr(options319);\r\n\t\t});\r\n\t});\r\n\r\n\t\/\/blog_pagination class add and active class add\r\n\tjQuery(document).ready(function () {\r\n\t\t\/\/ For init load scale\r\n\t\tjQuery('.filtr-item .post-box').addClass('lazyimg');\r\n\r\n\t\tjQuery(\"#filter-hide-button\").on(\"click\", function () {\r\n\t\t\tvar Get_height = jQuery(\".simplefilter\").height();\r\n\t\t\tif (jQuery(\"#display-filter\").hasClass(\"visible\")) {\r\n\t\t\t\tjQuery(\"#display-filter\").removeClass(\"visible\");\r\n\t\t\t\tjQuery(\"#display-filter\").height(0);\r\n\t\t\t} else {\r\n\t\t\t\tjQuery(\"#display-filter\").addClass(\"visible\");\r\n\t\t\t\tjQuery(\"#display-filter\").height(Get_height + 20);\r\n\t\t\t}\r\n\t\t});\r\n\r\n\t\tjQuery(\"ul.page-numbers\").addClass(\"blog_pagination mrgt-0\");\r\n\r\n\t\tjQuery(\"#filter-all\").click(function () {\r\n\t\t\toptions319 = {\r\n\t\t\t\tanimationDuration: 0.5,\r\n\t\t\t\tcallbacks: {\r\n\t\t\t\t\tonFilteringStart: function () { },\r\n\t\t\t\t\tonFilteringEnd: function () { },\r\n\t\t\t\t\tonShufflingStart: function () { },\r\n\t\t\t\t\tonShufflingEnd: function () { },\r\n\t\t\t\t\tonSortingStart: function () { },\r\n\t\t\t\t\tonSortingEnd: function () { }\r\n\t\t\t\t},\r\n\t\t\t\tcontrolsSelector: '.filtr-controls-319',\r\n\t\t\t\tfilter: 'all',\r\n\t\t\t\tfilterOutCss: {\r\n\t\t\t\t\ttop: '0px',\r\n\t\t\t\t\tleft: '0px',\r\n\t\t\t\t\topacity: 0.001,\r\n\t\t\t\t\ttransform: ''\r\n\t\t\t\t},\r\n\t\t\t\tfilterInCss: {\r\n\t\t\t\t\ttop: '0px',\r\n\t\t\t\t\tleft: '0px',\r\n\t\t\t\t\topacity: 1,\r\n\t\t\t\t\ttransform: ''\r\n\t\t\t\t},\r\n\t\t\t\tlayout: 'sameWidth',\r\n\t\t\t\tsetupControls: false,\r\n\t\t\t\tselector: '.filtr-item',\r\n\t\t\t}\r\n\t\t\tvar filterizd = jQuery('.bf_gallery_1-319').filterizr(options319);\r\n\t\t\tfilterizd.filterizr('destroy');\r\n\t\t\tfilterizd.filterizr(options319).resize();\r\n\t\t\tjQuery('.filter-active').removeClass('filter-active');\r\n\t\t\tjQuery('#filter-all').addClass('filter-active');\r\n\t\t});\r\n\r\n\t\t\/\/ ==================================================\r\n\r\n\t\t\t\tvar total_posts_in_filter = {\"85\":42};\r\n\r\n\t\tvar initload = jQuery(\"#BlogFilterMain-319\").attr(\"data-initload\");\r\n\t\tjQuery('.filtr-controls-319').click(function () {\r\n\t\t\tvar button = jQuery('#load-more-319');\r\n\t\t\tvar targetFilter = jQuery(this).data('filter');\r\n\t\t\tvar filter_image_len = total_posts_in_filter[targetFilter];\r\n\t\t\tvar loadedItems = jQuery('.filtr-item.' + targetFilter).length;\r\n\t\t\t\/\/console.log(filter_image_len);\r\n\t\t\t\/\/console.log(loadedItems);\r\n\t\t\tif (filter_image_len == loadedItems) {\r\n\t\t\t\t\t\t\t} else {\r\n\t\t\t\t\t\t\t\t\r\n\t\t\t}\r\n\r\n\t\t\t\r\n\t\t\t\tlet targetMultiFilter = jQuery('.filtr-controls-319.active').map(function () {\r\n\t\t\t\t\treturn parseInt(jQuery(this).data('filter'), 10);\r\n\t\t\t\t}).get();\r\n\t\t\t\r\n\r\n\t\t\t\/\/if ( isAnyTargetFilterInDataCategory == false) {\r\n\t\t\tif (loadedItems < initload) {\r\n\r\n\t\t\t\tlet taxonomyTargetFilter = {};\r\n\r\n\t\t\t\t\/\/ Iterate over each .dropdown element\r\n\t\t\t\tjQuery('.dropdown').each(function () {\r\n\t\t\t\t\t\/\/ Get the taxonomy data attribute value of the dropdown\r\n\t\t\t\t\tlet taxonomy = jQuery(this).data('taxonomy');\r\n\r\n\t\t\t\t\t\/\/ Initialize the array for this taxonomy if it doesn't exist\r\n\t\t\t\t\tif (!taxonomyTargetFilter[taxonomy]) {\r\n\t\t\t\t\t\ttaxonomyTargetFilter[taxonomy] = [];\r\n\t\t\t\t\t}\r\n\r\n\t\t\t\t\t\/\/ Find each input with the .filter-active class within this dropdown\r\n\t\t\t\t\tjQuery(this).find('input.filter-active').each(function () {\r\n\t\t\t\t\t\t\/\/ Get the value of the input\r\n\t\t\t\t\t\tlet value = jQuery(this).val();\r\n\r\n\t\t\t\t\t\t\/\/ Add the value to the array for this taxonomy\r\n\t\t\t\t\t\ttaxonomyTargetFilter[taxonomy].push(value);\r\n\t\t\t\t\t});\r\n\t\t\t\t});\r\n\r\n\t\t\t\t\/\/ console.log(targetMultiFilter);\r\n\t\t\t\tlet targetFilter = targetMultiFilter;\r\n\t\t\t\t\/\/ load items if no items on page\r\n\r\n\t\t\t\tif (targetFilter === '' || (Array.isArray(targetFilter) && targetFilter.length === 0)) {\r\n\t\t\t\t\ttargetFilter = 'all';\r\n\t\t\t\t}\r\n\t\t\t\t\/\/console.log(targetFilter);\r\n\r\n\t\t\t\tvar ajaxurl = 'https:\/\/queervibesmag.com\/wp-admin\/admin-ajax.php' + '?nocache=' + (new Date())\r\n\t\t\t\t\t.getTime();\r\n\t\t\t\tvar nonce = 'fcab92adf3';\r\n\t\t\t\tvar bfg_query_vars = {\"post_type\":\"post\",\"blog_direction\":\"ltr\",\"blog_fixed_grid\":\"no\",\"blog_template\":\"template1\",\"blog_col_large_desktops\":\"col-lg-4\",\"blog_col_desktops\":\"col-md-4\",\"blog_col_tablets\":\"col-sm-6\",\"blog_col_phones\":\"col-xs-12\",\"blog_image\":\"yes\",\"blog_image_hover_effect\":\"hover1\",\"blog_image_quality\":\"medium\",\"blog_title\":\"yes\",\"blog_title_font_size\":\"25\",\"blog_title_color\":\"#000\",\"blog_title_below_image\":\"no\",\"blog_desc\":\"yes\",\"blog_desc_characters\":\"100\",\"blog_desc_font_size\":\"14\",\"blog_desc_color\":\"#606060\",\"blog_desc_box_color\":\"#EDEEF0\",\"three_dots\":\"no\",\"link_on_date\":\"no\",\"blog_read_more\":\"yes\",\"blog_read_more_text\":\"Read More\",\"blog_date\":\"yes\",\"blog_date_below_image\":\"no\",\"blog_author\":\"no\",\"blog_author_below_image\":\"no\",\"blog_categories\":\"no\",\"blog_tags\":\"no\",\"blog_pagination\":\"yes\",\"blog_load_more\":\"no\",\"blog_pagination_loadmore_color\":\"#58BBEE\",\"blog_per_page_and_init_load\":\"12\",\"load_more_text\":\"Load More\",\"no_more_text\":\"No More Posts\",\"blog_filters\":\"yes\",\"filter_post_count\":\"no\",\"blog_filter_all\":\"no\",\"blog_all_text\":\"All\",\"blog_first_filter_selected\":\"no\",\"blog_search\":\"yes\",\"blog_search_text\":\"Search\",\"blog_buttons_color\":\"#58BBEE\",\"blog_filtering\":\"category\",\"selected_terms\":\"85\",\"disable_bootstrap_css\":\"no\",\"disable_bootstrap_js\":\"no\",\"custom_css\":\"\"};\r\n\t\t\t\tvar unique_id = 319;\r\n\r\n\t\t\t\tvar displayed_posts = jQuery('.displayed_posts').map(function () {\r\n\t\t\t\t\treturn jQuery(this).val();\r\n\t\t\t\t}).get();\r\n\t\t\t\tvar button = jQuery('.load-scroll-block');\r\n\t\t\t\tdata = {\r\n\t\t\t\t\t'action': 'load_more',\r\n\t\t\t\t\t'nonce': nonce,\r\n\t\t\t\t\t'bfg_query_vars': bfg_query_vars,\r\n\t\t\t\t\t'displayed_posts': displayed_posts,\r\n\t\t\t\t\t'targetFilter': targetFilter,\r\n\t\t\t\t\t'taxonomyTargetFilter': taxonomyTargetFilter,\r\n\t\t\t\t\t'unique_id': unique_id,\r\n\t\t\t\t};\r\n\r\n\t\t\t\tjQuery.ajax({\r\n\t\t\t\t\t\/\/\/dataType : 'html',\r\n\t\t\t\t\turl: ajaxurl,\r\n\t\t\t\t\tdata: data,\r\n\t\t\t\t\ttype: 'POST',\r\n\t\t\t\t\tcache: false,\r\n\t\t\t\t\tbeforeSend: function (xhr) {\r\n\r\n\t\t\t\t\t\tif (jQuery(\".no-more-posts\").hasClass(\"active\")) {\r\n\t\t\t\t\t\t\tbutton.removeClass('active');\r\n\t\t\t\t\t\t} else {\r\n\t\t\t\t\t\t\tbutton.addClass('active');\r\n\t\t\t\t\t\t}\r\n\t\t\t\t\t},\r\n\t\t\t\t\tcomplete: function () { },\r\n\t\t\t\t\tsuccess: function (data) {\r\n\t\t\t\t\t\tif (jQuery.trim(data) != '') {\r\n\t\t\t\t\t\t\tbutton.removeClass('active');\r\n\t\t\t\t\t\t\toptions319 = {\r\n\t\t\t\t\t\t\t\t\/*animationDuration: 0.5,*\/\r\n\t\t\t\t\t\t\t\tcallbacks: {\r\n\t\t\t\t\t\t\t\t\tonFilteringStart: function () { },\r\n\t\t\t\t\t\t\t\t\tonFilteringEnd: function () { },\r\n\t\t\t\t\t\t\t\t\tonShufflingStart: function () { },\r\n\t\t\t\t\t\t\t\t\tonShufflingEnd: function () { },\r\n\t\t\t\t\t\t\t\t\tonSortingStart: function () { },\r\n\t\t\t\t\t\t\t\t\tonSortingEnd: function () { }\r\n\t\t\t\t\t\t\t\t},\r\n\t\t\t\t\t\t\t\tcontrolsSelector: '.filtr-controls-319',\r\n\t\t\t\t\t\t\t\tfilter: targetFilter,\r\n\t\t\t\t\t\t\t\tfilterOutCss: {\r\n\t\t\t\t\t\t\t\t\ttop: '0px',\r\n\t\t\t\t\t\t\t\t\tleft: '0px',\r\n\t\t\t\t\t\t\t\t\topacity: 0.001,\r\n\t\t\t\t\t\t\t\t\ttransform: ''\r\n\t\t\t\t\t\t\t\t},\r\n\t\t\t\t\t\t\t\tfilterInCss: {\r\n\t\t\t\t\t\t\t\t\ttop: '0px',\r\n\t\t\t\t\t\t\t\t\tleft: '0px',\r\n\t\t\t\t\t\t\t\t\topacity: 1,\r\n\t\t\t\t\t\t\t\t\ttransform: ''\r\n\t\t\t\t\t\t\t\t},\r\n\t\t\t\t\t\t\t\tlayout: 'sameWidth',\r\n\t\t\t\t\t\t\t\t\r\n\t\t\t\t\t\t\tselector: '.filtr-item',\r\n\t\t\t\t\t\t\t\tsetupControls: false\r\n\t\t\t\t\t\t\t}\r\n\r\n\t\t\t\t\t\t\tvar filterizd = jQuery('.bf_gallery_1-319').filterizr(options319);\r\n\t\t\t\t\t\t\t$node = jQuery(data);\r\n\t\t\t\t\t\t\t$node[0].firstElementChild.classList.add(\"loaded-block\");\r\n\r\n\t\t\t\t\t\t\tfilterizd.filterizr('insertItem', $node);\r\n\t\t\t\t\t\t\tfilterizd.filterizr(options319).resize();\r\n\t\t\t\t\t\t\tjQuery('.filtr-item .post-box').addClass('lazyimg');\r\n\r\n\t\t\t\t\t\t\tsetTimeout(function () {\r\n\t\t\t\t\t\t\t\tjQuery('body, html').animate({ scrollTop: jQuery('.loaded-block').offset().top - 300 }, 500);\r\n\t\t\t\t\t\t\t\tjQuery('.post-box').removeClass(\"loaded-block\");\r\n\t\t\t\t\t\t\t}, 1000);\r\n\r\n\t\t\t\t\t\t\tjQuery('.filtr-container').imagesLoaded(function () {\r\n\t\t\t\t\t\t\t\t\/\/ images have already loaded, instantiate Filterizr\r\n\t\t\t\t\t\t\t\tjQuery('.bf_gallery_1-319').filterizr(options319);\r\n\t\t\t\t\t\t\t});\r\n\r\n\t\t\t\t\t\t} else {\r\n\t\t\t\t\t\t\tbutton.removeClass('active');\r\n\t\t\t\t\t\t}\r\n\t\t\t\t\t}\r\n\t\t\t\t});\r\n\t\t\t}\r\n\t\t});\r\n\t\t\t});\r\n\r\n\t\r\n<\/script>    <\/div>\r\n\n","protected":false},"excerpt":{"rendered":"<p>France selects &#8220;Emilia Perez&#8221; 2025 Oscars As preparations for the 2025 Oscars are underway, France has announced its candidate for the Best International Feature Film category. The film &#8220;Emilia Perez,&#8221; directed by Jacques Audiard, has emerged as a top contender. Having been in theaters for five weeks and becoming a summer sensation, this movie could&#8230;<\/p>","protected":false},"author":1,"featured_media":3299,"comment_status":"open","ping_status":"open","sticky":false,"template":"","format":"standard","meta":{"_jetpack_memberships_contains_paid_content":false,"footnotes":""},"categories":[85],"tags":[],"class_list":["post-3298","post","type-post","status-publish","format-standard","has-post-thumbnail","hentry","category-french-lgbt-news"],"yoast_head":"<!-- This site is optimized with the Yoast SEO plugin v27.4 - https:\/\/yoast.com\/product\/yoast-seo-wordpress\/ -->\n<title>France selects &quot;Emilia Perez&quot; to represent the country at the 2025 Oscars<\/title>\n<meta name=\"description\" content=\"France selects Jacques Audiard&#039;s &quot;Emilia Perez&quot; to represent the country at the 2025 Oscars in the Best International Feature Film category.\" \/>\n<meta name=\"robots\" content=\"index, follow, max-snippet:-1, max-image-preview:large, max-video-preview:-1\" \/>\n<link rel=\"canonical\" href=\"https:\/\/queervibesmag.com\/es\/france-selects-emilia-perez-2025-oscars\/\" \/>\n<meta property=\"og:locale\" content=\"es_ES\" \/>\n<meta property=\"og:type\" content=\"article\" \/>\n<meta property=\"og:title\" content=\"France selects &quot;Emilia Perez&quot; to represent the country at the 2025 Oscars\" \/>\n<meta property=\"og:description\" content=\"France selects Jacques Audiard&#039;s &quot;Emilia Perez&quot; to represent the country at the 2025 Oscars in the Best International Feature Film category.\" \/>\n<meta property=\"og:url\" content=\"https:\/\/queervibesmag.com\/es\/france-selects-emilia-perez-2025-oscars\/\" \/>\n<meta property=\"og:site_name\" content=\"Queer Vibes Mag\" \/>\n<meta property=\"article:published_time\" content=\"2024-09-20T14:02:33+00:00\" \/>\n<meta property=\"article:modified_time\" content=\"2024-09-20T14:02:36+00:00\" \/>\n<meta property=\"og:image\" content=\"https:\/\/queervibesmag.com\/wp-content\/uploads\/2024\/09\/France-selects-Emilia-Perez-2025-Oscars.jpg\" \/>\n\t<meta property=\"og:image:width\" content=\"920\" \/>\n\t<meta property=\"og:image:height\" content=\"518\" \/>\n\t<meta property=\"og:image:type\" content=\"image\/jpeg\" \/>\n<meta name=\"author\" content=\"QueerVibesMag\" \/>\n<meta name=\"twitter:card\" content=\"summary_large_image\" \/>\n<meta name=\"twitter:creator\" content=\"@queervibesmag\" \/>\n<meta name=\"twitter:site\" content=\"@queervibesmag\" \/>\n<meta name=\"twitter:label1\" content=\"Escrito por\" \/>\n\t<meta name=\"twitter:data1\" content=\"QueerVibesMag\" \/>\n\t<meta name=\"twitter:label2\" content=\"Tiempo de lectura\" \/>\n\t<meta name=\"twitter:data2\" content=\"2 minutos\" \/>\n<script type=\"application\/ld+json\" class=\"yoast-schema-graph\">{\"@context\":\"https:\\\/\\\/schema.org\",\"@graph\":[{\"@type\":\"Article\",\"@id\":\"https:\\\/\\\/queervibesmag.com\\\/france-selects-emilia-perez-2025-oscars\\\/#article\",\"isPartOf\":{\"@id\":\"https:\\\/\\\/queervibesmag.com\\\/france-selects-emilia-perez-2025-oscars\\\/\"},\"author\":{\"name\":\"QueerVibesMag\",\"@id\":\"https:\\\/\\\/queervibesmag.com\\\/#\\\/schema\\\/person\\\/9d2589cb12fe07ed1ef0d3c3f9228d52\"},\"headline\":\"France selects &#8220;Emilia Perez&#8221; to represent the country at the 2025 Oscars\",\"datePublished\":\"2024-09-20T14:02:33+00:00\",\"dateModified\":\"2024-09-20T14:02:36+00:00\",\"mainEntityOfPage\":{\"@id\":\"https:\\\/\\\/queervibesmag.com\\\/france-selects-emilia-perez-2025-oscars\\\/\"},\"wordCount\":333,\"commentCount\":0,\"publisher\":{\"@id\":\"https:\\\/\\\/queervibesmag.com\\\/#organization\"},\"image\":{\"@id\":\"https:\\\/\\\/queervibesmag.com\\\/france-selects-emilia-perez-2025-oscars\\\/#primaryimage\"},\"thumbnailUrl\":\"https:\\\/\\\/i0.wp.com\\\/queervibesmag.com\\\/wp-content\\\/uploads\\\/2024\\\/09\\\/France-selects-Emilia-Perez-2025-Oscars.jpg?fit=920%2C518&ssl=1\",\"articleSection\":[\"FRENCH LGBT NEWS\"],\"inLanguage\":\"es\",\"potentialAction\":[{\"@type\":\"CommentAction\",\"name\":\"Comment\",\"target\":[\"https:\\\/\\\/queervibesmag.com\\\/france-selects-emilia-perez-2025-oscars\\\/#respond\"]}]},{\"@type\":\"WebPage\",\"@id\":\"https:\\\/\\\/queervibesmag.com\\\/france-selects-emilia-perez-2025-oscars\\\/\",\"url\":\"https:\\\/\\\/queervibesmag.com\\\/france-selects-emilia-perez-2025-oscars\\\/\",\"name\":\"France selects \\\"Emilia Perez\\\" to represent the country at the 2025 Oscars\",\"isPartOf\":{\"@id\":\"https:\\\/\\\/queervibesmag.com\\\/#website\"},\"primaryImageOfPage\":{\"@id\":\"https:\\\/\\\/queervibesmag.com\\\/france-selects-emilia-perez-2025-oscars\\\/#primaryimage\"},\"image\":{\"@id\":\"https:\\\/\\\/queervibesmag.com\\\/france-selects-emilia-perez-2025-oscars\\\/#primaryimage\"},\"thumbnailUrl\":\"https:\\\/\\\/i0.wp.com\\\/queervibesmag.com\\\/wp-content\\\/uploads\\\/2024\\\/09\\\/France-selects-Emilia-Perez-2025-Oscars.jpg?fit=920%2C518&ssl=1\",\"datePublished\":\"2024-09-20T14:02:33+00:00\",\"dateModified\":\"2024-09-20T14:02:36+00:00\",\"description\":\"France selects Jacques Audiard's \\\"Emilia Perez\\\" to represent the country at the 2025 Oscars in the Best International Feature Film category.\",\"breadcrumb\":{\"@id\":\"https:\\\/\\\/queervibesmag.com\\\/france-selects-emilia-perez-2025-oscars\\\/#breadcrumb\"},\"inLanguage\":\"es\",\"potentialAction\":[{\"@type\":\"ReadAction\",\"target\":[\"https:\\\/\\\/queervibesmag.com\\\/france-selects-emilia-perez-2025-oscars\\\/\"]}]},{\"@type\":\"ImageObject\",\"inLanguage\":\"es\",\"@id\":\"https:\\\/\\\/queervibesmag.com\\\/france-selects-emilia-perez-2025-oscars\\\/#primaryimage\",\"url\":\"https:\\\/\\\/i0.wp.com\\\/queervibesmag.com\\\/wp-content\\\/uploads\\\/2024\\\/09\\\/France-selects-Emilia-Perez-2025-Oscars.jpg?fit=920%2C518&ssl=1\",\"contentUrl\":\"https:\\\/\\\/i0.wp.com\\\/queervibesmag.com\\\/wp-content\\\/uploads\\\/2024\\\/09\\\/France-selects-Emilia-Perez-2025-Oscars.jpg?fit=920%2C518&ssl=1\",\"width\":920,\"height\":518,\"caption\":\"France selects Emilia Perez 2025 Oscars\"},{\"@type\":\"BreadcrumbList\",\"@id\":\"https:\\\/\\\/queervibesmag.com\\\/france-selects-emilia-perez-2025-oscars\\\/#breadcrumb\",\"itemListElement\":[{\"@type\":\"ListItem\",\"position\":1,\"name\":\"Home\",\"item\":\"https:\\\/\\\/queervibesmag.com\\\/\"},{\"@type\":\"ListItem\",\"position\":2,\"name\":\"France selects &#8220;Emilia Perez&#8221; to represent the country at the 2025 Oscars\"}]},{\"@type\":\"WebSite\",\"@id\":\"https:\\\/\\\/queervibesmag.com\\\/#website\",\"url\":\"https:\\\/\\\/queervibesmag.com\\\/\",\"name\":\"Queer Vibes Mag\",\"description\":\"WORLD WIDE LGBTQ NEWS\",\"publisher\":{\"@id\":\"https:\\\/\\\/queervibesmag.com\\\/#organization\"},\"potentialAction\":[{\"@type\":\"SearchAction\",\"target\":{\"@type\":\"EntryPoint\",\"urlTemplate\":\"https:\\\/\\\/queervibesmag.com\\\/?s={search_term_string}\"},\"query-input\":{\"@type\":\"PropertyValueSpecification\",\"valueRequired\":true,\"valueName\":\"search_term_string\"}}],\"inLanguage\":\"es\"},{\"@type\":\"Organization\",\"@id\":\"https:\\\/\\\/queervibesmag.com\\\/#organization\",\"name\":\"Queer Vibes Mag | LGBT NEWS\",\"alternateName\":\"Queer Vibes Mag | LGBT NEWS\",\"url\":\"https:\\\/\\\/queervibesmag.com\\\/\",\"logo\":{\"@type\":\"ImageObject\",\"inLanguage\":\"es\",\"@id\":\"https:\\\/\\\/queervibesmag.com\\\/#\\\/schema\\\/logo\\\/image\\\/\",\"url\":\"https:\\\/\\\/i0.wp.com\\\/queervibesmag.com\\\/wp-content\\\/uploads\\\/2023\\\/09\\\/cropped-Black_and_White_Modern_Literary_Magazine_Logo__2__-_Copie-removebg-preview.png?fit=200%2C200&ssl=1\",\"contentUrl\":\"https:\\\/\\\/i0.wp.com\\\/queervibesmag.com\\\/wp-content\\\/uploads\\\/2023\\\/09\\\/cropped-Black_and_White_Modern_Literary_Magazine_Logo__2__-_Copie-removebg-preview.png?fit=200%2C200&ssl=1\",\"width\":200,\"height\":200,\"caption\":\"Queer Vibes Mag | LGBT NEWS\"},\"image\":{\"@id\":\"https:\\\/\\\/queervibesmag.com\\\/#\\\/schema\\\/logo\\\/image\\\/\"},\"sameAs\":[\"https:\\\/\\\/x.com\\\/queervibesmag\"]},{\"@type\":\"Person\",\"@id\":\"https:\\\/\\\/queervibesmag.com\\\/#\\\/schema\\\/person\\\/9d2589cb12fe07ed1ef0d3c3f9228d52\",\"name\":\"QueerVibesMag\",\"image\":{\"@type\":\"ImageObject\",\"inLanguage\":\"es\",\"@id\":\"https:\\\/\\\/secure.gravatar.com\\\/avatar\\\/0bbb5765594baaa323b58b57926b3d7976708f18854390fef40c88a59647f3b8?s=96&d=mm&r=g\",\"url\":\"https:\\\/\\\/secure.gravatar.com\\\/avatar\\\/0bbb5765594baaa323b58b57926b3d7976708f18854390fef40c88a59647f3b8?s=96&d=mm&r=g\",\"contentUrl\":\"https:\\\/\\\/secure.gravatar.com\\\/avatar\\\/0bbb5765594baaa323b58b57926b3d7976708f18854390fef40c88a59647f3b8?s=96&d=mm&r=g\",\"caption\":\"QueerVibesMag\"},\"sameAs\":[\"https:\\\/\\\/queervibesmag.com\"],\"url\":\"https:\\\/\\\/queervibesmag.com\\\/es\\\/author\\\/admin\\\/\"}]}<\/script>\n<!-- \/ Yoast SEO plugin. -->","yoast_head_json":{"title":"France selects \"Emilia Perez\" to represent the country at the 2025 Oscars","description":"France selects Jacques Audiard's \"Emilia Perez\" to represent the country at the 2025 Oscars in the Best International Feature Film category.","robots":{"index":"index","follow":"follow","max-snippet":"max-snippet:-1","max-image-preview":"max-image-preview:large","max-video-preview":"max-video-preview:-1"},"canonical":"https:\/\/queervibesmag.com\/es\/france-selects-emilia-perez-2025-oscars\/","og_locale":"es_ES","og_type":"article","og_title":"France selects \"Emilia Perez\" to represent the country at the 2025 Oscars","og_description":"France selects Jacques Audiard's \"Emilia Perez\" to represent the country at the 2025 Oscars in the Best International Feature Film category.","og_url":"https:\/\/queervibesmag.com\/es\/france-selects-emilia-perez-2025-oscars\/","og_site_name":"Queer Vibes Mag","article_published_time":"2024-09-20T14:02:33+00:00","article_modified_time":"2024-09-20T14:02:36+00:00","og_image":[{"width":920,"height":518,"url":"https:\/\/queervibesmag.com\/wp-content\/uploads\/2024\/09\/France-selects-Emilia-Perez-2025-Oscars.jpg","type":"image\/jpeg"}],"author":"QueerVibesMag","twitter_card":"summary_large_image","twitter_creator":"@queervibesmag","twitter_site":"@queervibesmag","twitter_misc":{"Escrito por":"QueerVibesMag","Tiempo de lectura":"2 minutos"},"schema":{"@context":"https:\/\/schema.org","@graph":[{"@type":"Article","@id":"https:\/\/queervibesmag.com\/france-selects-emilia-perez-2025-oscars\/#article","isPartOf":{"@id":"https:\/\/queervibesmag.com\/france-selects-emilia-perez-2025-oscars\/"},"author":{"name":"QueerVibesMag","@id":"https:\/\/queervibesmag.com\/#\/schema\/person\/9d2589cb12fe07ed1ef0d3c3f9228d52"},"headline":"France selects &#8220;Emilia Perez&#8221; to represent the country at the 2025 Oscars","datePublished":"2024-09-20T14:02:33+00:00","dateModified":"2024-09-20T14:02:36+00:00","mainEntityOfPage":{"@id":"https:\/\/queervibesmag.com\/france-selects-emilia-perez-2025-oscars\/"},"wordCount":333,"commentCount":0,"publisher":{"@id":"https:\/\/queervibesmag.com\/#organization"},"image":{"@id":"https:\/\/queervibesmag.com\/france-selects-emilia-perez-2025-oscars\/#primaryimage"},"thumbnailUrl":"https:\/\/i0.wp.com\/queervibesmag.com\/wp-content\/uploads\/2024\/09\/France-selects-Emilia-Perez-2025-Oscars.jpg?fit=920%2C518&ssl=1","articleSection":["FRENCH LGBT NEWS"],"inLanguage":"es","potentialAction":[{"@type":"CommentAction","name":"Comment","target":["https:\/\/queervibesmag.com\/france-selects-emilia-perez-2025-oscars\/#respond"]}]},{"@type":"WebPage","@id":"https:\/\/queervibesmag.com\/france-selects-emilia-perez-2025-oscars\/","url":"https:\/\/queervibesmag.com\/france-selects-emilia-perez-2025-oscars\/","name":"France selects \"Emilia Perez\" to represent the country at the 2025 Oscars","isPartOf":{"@id":"https:\/\/queervibesmag.com\/#website"},"primaryImageOfPage":{"@id":"https:\/\/queervibesmag.com\/france-selects-emilia-perez-2025-oscars\/#primaryimage"},"image":{"@id":"https:\/\/queervibesmag.com\/france-selects-emilia-perez-2025-oscars\/#primaryimage"},"thumbnailUrl":"https:\/\/i0.wp.com\/queervibesmag.com\/wp-content\/uploads\/2024\/09\/France-selects-Emilia-Perez-2025-Oscars.jpg?fit=920%2C518&ssl=1","datePublished":"2024-09-20T14:02:33+00:00","dateModified":"2024-09-20T14:02:36+00:00","description":"France selects Jacques Audiard's \"Emilia Perez\" to represent the country at the 2025 Oscars in the Best International Feature Film category.","breadcrumb":{"@id":"https:\/\/queervibesmag.com\/france-selects-emilia-perez-2025-oscars\/#breadcrumb"},"inLanguage":"es","potentialAction":[{"@type":"ReadAction","target":["https:\/\/queervibesmag.com\/france-selects-emilia-perez-2025-oscars\/"]}]},{"@type":"ImageObject","inLanguage":"es","@id":"https:\/\/queervibesmag.com\/france-selects-emilia-perez-2025-oscars\/#primaryimage","url":"https:\/\/i0.wp.com\/queervibesmag.com\/wp-content\/uploads\/2024\/09\/France-selects-Emilia-Perez-2025-Oscars.jpg?fit=920%2C518&ssl=1","contentUrl":"https:\/\/i0.wp.com\/queervibesmag.com\/wp-content\/uploads\/2024\/09\/France-selects-Emilia-Perez-2025-Oscars.jpg?fit=920%2C518&ssl=1","width":920,"height":518,"caption":"France selects Emilia Perez 2025 Oscars"},{"@type":"BreadcrumbList","@id":"https:\/\/queervibesmag.com\/france-selects-emilia-perez-2025-oscars\/#breadcrumb","itemListElement":[{"@type":"ListItem","position":1,"name":"Home","item":"https:\/\/queervibesmag.com\/"},{"@type":"ListItem","position":2,"name":"France selects &#8220;Emilia Perez&#8221; to represent the country at the 2025 Oscars"}]},{"@type":"WebSite","@id":"https:\/\/queervibesmag.com\/#website","url":"https:\/\/queervibesmag.com\/","name":"Queer Vibes Mag","description":"NOTICIAS LGBT EN EL MUNDO","publisher":{"@id":"https:\/\/queervibesmag.com\/#organization"},"potentialAction":[{"@type":"SearchAction","target":{"@type":"EntryPoint","urlTemplate":"https:\/\/queervibesmag.com\/?s={search_term_string}"},"query-input":{"@type":"PropertyValueSpecification","valueRequired":true,"valueName":"search_term_string"}}],"inLanguage":"es"},{"@type":"Organization","@id":"https:\/\/queervibesmag.com\/#organization","name":"Queer Vibes Mag | LGBT NEWS","alternateName":"Queer Vibes Mag | LGBT NEWS","url":"https:\/\/queervibesmag.com\/","logo":{"@type":"ImageObject","inLanguage":"es","@id":"https:\/\/queervibesmag.com\/#\/schema\/logo\/image\/","url":"https:\/\/i0.wp.com\/queervibesmag.com\/wp-content\/uploads\/2023\/09\/cropped-Black_and_White_Modern_Literary_Magazine_Logo__2__-_Copie-removebg-preview.png?fit=200%2C200&ssl=1","contentUrl":"https:\/\/i0.wp.com\/queervibesmag.com\/wp-content\/uploads\/2023\/09\/cropped-Black_and_White_Modern_Literary_Magazine_Logo__2__-_Copie-removebg-preview.png?fit=200%2C200&ssl=1","width":200,"height":200,"caption":"Queer Vibes Mag | LGBT NEWS"},"image":{"@id":"https:\/\/queervibesmag.com\/#\/schema\/logo\/image\/"},"sameAs":["https:\/\/x.com\/queervibesmag"]},{"@type":"Person","@id":"https:\/\/queervibesmag.com\/#\/schema\/person\/9d2589cb12fe07ed1ef0d3c3f9228d52","name":"QueerVibesMag","image":{"@type":"ImageObject","inLanguage":"es","@id":"https:\/\/secure.gravatar.com\/avatar\/0bbb5765594baaa323b58b57926b3d7976708f18854390fef40c88a59647f3b8?s=96&d=mm&r=g","url":"https:\/\/secure.gravatar.com\/avatar\/0bbb5765594baaa323b58b57926b3d7976708f18854390fef40c88a59647f3b8?s=96&d=mm&r=g","contentUrl":"https:\/\/secure.gravatar.com\/avatar\/0bbb5765594baaa323b58b57926b3d7976708f18854390fef40c88a59647f3b8?s=96&d=mm&r=g","caption":"QueerVibesMag"},"sameAs":["https:\/\/queervibesmag.com"],"url":"https:\/\/queervibesmag.com\/es\/author\/admin\/"}]}},"jetpack_featured_media_url":"https:\/\/i0.wp.com\/queervibesmag.com\/wp-content\/uploads\/2024\/09\/France-selects-Emilia-Perez-2025-Oscars.jpg?fit=920%2C518&ssl=1","jetpack_sharing_enabled":true,"jetpack-related-posts":[{"id":8104,"url":"https:\/\/queervibesmag.com\/es\/top-10-unforgettable-gay-sex-scenes-in-2025-series\/","url_meta":{"origin":3298,"position":0},"title":"Top 10 Unforgettable Gay Sex Scenes in 2025 Series","author":"QueerVibesMag","date":"marzo 22, 2026","format":false,"excerpt":"In 2025, LGBTQ+ representation on screen has never been more scrutinized. Amid intense political debates, some media spaces have seen a significant decline in queer visibility, while others boldly reject the status quo. New series and films on major platforms like Netflix and HBO Max are bringing fresh stories where\u2026","rel":"","context":"En \u00abLGBTQ INFOS NEWS\u00bb","block_context":{"text":"LGBTQ INFOS NEWS","link":"https:\/\/queervibesmag.com\/es\/category\/lgbtq-infos-news\/"},"img":{"alt_text":"","src":"","width":0,"height":0},"classes":[]},{"id":2337,"url":"https:\/\/queervibesmag.com\/es\/cannes-unveils-the-poster-for-queer-palm-2024\/","url_meta":{"origin":3298,"position":1},"title":"Francia : Cannes desvela el cartel de Queer Palm 2024","author":"QueerVibesMag","date":"mayo 3, 2024","format":false,"excerpt":"France : Cannes Unveils the Poster for Queer Palm 2024 Poster Reveal Precedes Jury Announcement Ahead of the full jury reveal scheduled for April 29, the Queer Palm has released its poster for the 2024 edition. This year, the jury will be presided over by director Lukas Dhont, and the\u2026","rel":"","context":"En \u00abFRENCH LGBT NEWS\u00bb","block_context":{"text":"FRENCH LGBT NEWS","link":"https:\/\/queervibesmag.com\/es\/category\/world-news-lgbtq\/french-lgbt-news\/"},"img":{"alt_text":"Queer Palm 2024 poster","src":"https:\/\/i0.wp.com\/queervibesmag.com\/wp-content\/uploads\/2024\/05\/Queer-Palm-2024-poster.jpg?fit=1060%2C571&ssl=1&resize=350%2C200","width":350,"height":200,"srcset":"https:\/\/i0.wp.com\/queervibesmag.com\/wp-content\/uploads\/2024\/05\/Queer-Palm-2024-poster.jpg?fit=1060%2C571&ssl=1&resize=350%2C200 1x, https:\/\/i0.wp.com\/queervibesmag.com\/wp-content\/uploads\/2024\/05\/Queer-Palm-2024-poster.jpg?fit=1060%2C571&ssl=1&resize=525%2C300 1.5x, https:\/\/i0.wp.com\/queervibesmag.com\/wp-content\/uploads\/2024\/05\/Queer-Palm-2024-poster.jpg?fit=1060%2C571&ssl=1&resize=700%2C400 2x, https:\/\/i0.wp.com\/queervibesmag.com\/wp-content\/uploads\/2024\/05\/Queer-Palm-2024-poster.jpg?fit=1060%2C571&ssl=1&resize=1050%2C600 3x"},"classes":[]},{"id":7469,"url":"https:\/\/queervibesmag.com\/es\/miss-france-2026-and-inclusion-a-pageant-reflecting-todays-france\/","url_meta":{"origin":3298,"position":2},"title":"Miss France 2026 and Inclusion: A Pageant Reflecting Today\u2019s France?","author":"QueerVibesMag","date":"enero 8, 2026","format":false,"excerpt":"Miss France 2026 and the Path Toward Inclusivity The Miss France 2026 pageant, set to take place on December 6, 2025, at Le Z\u00e9nith in Amiens, is more than a widely anticipated televised event \u2014 it's a reflection of French society, showing both progress and lingering resistance. As the competition\u2026","rel":"","context":"En \u00abLGBTQ INFOS NEWS\u00bb","block_context":{"text":"LGBTQ INFOS NEWS","link":"https:\/\/queervibesmag.com\/es\/category\/lgbtq-infos-news\/"},"img":{"alt_text":"Miss France 2026 and Inclusion: A Pageant Reflecting Today\u2019s France?","src":"https:\/\/i0.wp.com\/queervibesmag.com\/wp-content\/uploads\/2026\/01\/695fc43a83f0d.png?fit=1024%2C1024&ssl=1&resize=350%2C200","width":350,"height":200,"srcset":"https:\/\/i0.wp.com\/queervibesmag.com\/wp-content\/uploads\/2026\/01\/695fc43a83f0d.png?fit=1024%2C1024&ssl=1&resize=350%2C200 1x, https:\/\/i0.wp.com\/queervibesmag.com\/wp-content\/uploads\/2026\/01\/695fc43a83f0d.png?fit=1024%2C1024&ssl=1&resize=525%2C300 1.5x, https:\/\/i0.wp.com\/queervibesmag.com\/wp-content\/uploads\/2026\/01\/695fc43a83f0d.png?fit=1024%2C1024&ssl=1&resize=700%2C400 2x"},"classes":[]},{"id":7013,"url":"https:\/\/queervibesmag.com\/es\/20-must-see-indie-trans-films-and-where-to-watch-in-france\/","url_meta":{"origin":3298,"position":3},"title":"20 Must-See Indie Trans Films and Where to Watch in France","author":"QueerVibesMag","date":"noviembre 21, 2025","format":false,"excerpt":"The history and evolution of trans cinema highlight the crucial role of independent trans filmmaking in today\u2019s queer culture.Led by trans directors and creatives, these films deconstruct stereotypes and share authentic narratives that go far beyond the limits of mainstream portrayals.Though often overlooked by the general public, these works shine\u2026","rel":"","context":"En \u00abLGBTQ INFOS NEWS\u00bb","block_context":{"text":"LGBTQ INFOS NEWS","link":"https:\/\/queervibesmag.com\/es\/category\/lgbtq-infos-news\/"},"img":{"alt_text":"20 Must-See Indie Trans Films and Where to Watch in France","src":"https:\/\/i0.wp.com\/queervibesmag.com\/wp-content\/uploads\/2025\/11\/69209cda1be5e.png?fit=1024%2C1024&ssl=1&resize=350%2C200","width":350,"height":200,"srcset":"https:\/\/i0.wp.com\/queervibesmag.com\/wp-content\/uploads\/2025\/11\/69209cda1be5e.png?fit=1024%2C1024&ssl=1&resize=350%2C200 1x, https:\/\/i0.wp.com\/queervibesmag.com\/wp-content\/uploads\/2025\/11\/69209cda1be5e.png?fit=1024%2C1024&ssl=1&resize=525%2C300 1.5x, https:\/\/i0.wp.com\/queervibesmag.com\/wp-content\/uploads\/2025\/11\/69209cda1be5e.png?fit=1024%2C1024&ssl=1&resize=700%2C400 2x"},"classes":[]},{"id":365,"url":"https:\/\/queervibesmag.com\/es\/frances-lgbt-rights-support\/","url_meta":{"origin":3298,"position":4},"title":"Francia ha creado recientemente un fondo de apoyo destinado a promover los derechos de las personas LGBT+.","author":"QueerVibesMag","date":"septiembre 19, 2023","format":false,"excerpt":"France's LGBT+ Rights Support https:\/\/www.youtube.com\/watch?v=tca2oavven0 France's LGBT+ Rights Support France has recently established a support fund aimed at promoting the rights of LGBT+ individuals internationally. Catherine Colonna, the Foreign Affairs Minister, announced this initiative on the 15th anniversary of the United Nations LGBTQI Group. Anne-Claire Legendre, spokesperson, emphasized the significance\u2026","rel":"","context":"En \u00abGOOD NEWS\u00bb","block_context":{"text":"GOOD NEWS","link":"https:\/\/queervibesmag.com\/es\/category\/good-news\/"},"img":{"alt_text":"France's LGBT+ Rights Support","src":"https:\/\/i0.wp.com\/queervibesmag.com\/wp-content\/uploads\/2023\/09\/fonds-lgbt-france.jpg?fit=1200%2C628&ssl=1&resize=350%2C200","width":350,"height":200,"srcset":"https:\/\/i0.wp.com\/queervibesmag.com\/wp-content\/uploads\/2023\/09\/fonds-lgbt-france.jpg?fit=1200%2C628&ssl=1&resize=350%2C200 1x, https:\/\/i0.wp.com\/queervibesmag.com\/wp-content\/uploads\/2023\/09\/fonds-lgbt-france.jpg?fit=1200%2C628&ssl=1&resize=525%2C300 1.5x, https:\/\/i0.wp.com\/queervibesmag.com\/wp-content\/uploads\/2023\/09\/fonds-lgbt-france.jpg?fit=1200%2C628&ssl=1&resize=700%2C400 2x, https:\/\/i0.wp.com\/queervibesmag.com\/wp-content\/uploads\/2023\/09\/fonds-lgbt-france.jpg?fit=1200%2C628&ssl=1&resize=1050%2C600 3x"},"classes":[]},{"id":6282,"url":"https:\/\/queervibesmag.com\/es\/celebrity-coming-outs-in-france-2024-stories-and-social-context\/","url_meta":{"origin":3298,"position":5},"title":"Celebrity Coming Outs in France 2024: Stories and Social Context","author":"QueerVibesMag","date":"septiembre 6, 2025","format":false,"excerpt":"Celebrity and Public Figure Coming-Outs in France \u2013 2024 Highlights and Societal Insights In 2024, France witnessed several high-profile coming-outs from public figures across politics, sports, culture, and media. These announcements, shared through interviews, social networks or on television, provoked a wide range of public reactions \u2014 from warm support\u2026","rel":"","context":"En \u00abLGBTQ INFOS NEWS\u00bb","block_context":{"text":"LGBTQ INFOS NEWS","link":"https:\/\/queervibesmag.com\/es\/category\/lgbtq-infos-news\/"},"img":{"alt_text":"Celebrity Coming Outs in France 2024: Stories and Social Context","src":"https:\/\/i0.wp.com\/queervibesmag.com\/wp-content\/uploads\/2025\/09\/68bc5cd0c4a91.png?fit=1024%2C1024&ssl=1&resize=350%2C200","width":350,"height":200,"srcset":"https:\/\/i0.wp.com\/queervibesmag.com\/wp-content\/uploads\/2025\/09\/68bc5cd0c4a91.png?fit=1024%2C1024&ssl=1&resize=350%2C200 1x, https:\/\/i0.wp.com\/queervibesmag.com\/wp-content\/uploads\/2025\/09\/68bc5cd0c4a91.png?fit=1024%2C1024&ssl=1&resize=525%2C300 1.5x, https:\/\/i0.wp.com\/queervibesmag.com\/wp-content\/uploads\/2025\/09\/68bc5cd0c4a91.png?fit=1024%2C1024&ssl=1&resize=700%2C400 2x"},"classes":[]}],"_links":{"self":[{"href":"https:\/\/queervibesmag.com\/es\/wp-json\/wp\/v2\/posts\/3298","targetHints":{"allow":["GET"]}}],"collection":[{"href":"https:\/\/queervibesmag.com\/es\/wp-json\/wp\/v2\/posts"}],"about":[{"href":"https:\/\/queervibesmag.com\/es\/wp-json\/wp\/v2\/types\/post"}],"author":[{"embeddable":true,"href":"https:\/\/queervibesmag.com\/es\/wp-json\/wp\/v2\/users\/1"}],"replies":[{"embeddable":true,"href":"https:\/\/queervibesmag.com\/es\/wp-json\/wp\/v2\/comments?post=3298"}],"version-history":[{"count":1,"href":"https:\/\/queervibesmag.com\/es\/wp-json\/wp\/v2\/posts\/3298\/revisions"}],"predecessor-version":[{"id":3300,"href":"https:\/\/queervibesmag.com\/es\/wp-json\/wp\/v2\/posts\/3298\/revisions\/3300"}],"wp:featuredmedia":[{"embeddable":true,"href":"https:\/\/queervibesmag.com\/es\/wp-json\/wp\/v2\/media\/3299"}],"wp:attachment":[{"href":"https:\/\/queervibesmag.com\/es\/wp-json\/wp\/v2\/media?parent=3298"}],"wp:term":[{"taxonomy":"category","embeddable":true,"href":"https:\/\/queervibesmag.com\/es\/wp-json\/wp\/v2\/categories?post=3298"},{"taxonomy":"post_tag","embeddable":true,"href":"https:\/\/queervibesmag.com\/es\/wp-json\/wp\/v2\/tags?post=3298"}],"curies":[{"name":"wp","href":"https:\/\/api.w.org\/{rel}","templated":true}]}}