{"id":6757,"date":"2025-10-26T17:09:20","date_gmt":"2025-10-26T17:09:20","guid":{"rendered":"https:\/\/queervibesmag.com\/tensions-rise-over-september-27-pride-event-in-pau\/"},"modified":"2025-10-26T17:09:20","modified_gmt":"2025-10-26T17:09:20","slug":"tensions-rise-over-september-27-pride-event-in-pau","status":"publish","type":"post","link":"https:\/\/queervibesmag.com\/es\/tensions-rise-over-september-27-pride-event-in-pau\/","title":{"rendered":"Tensions Rise Over September 27 Pride Event in Pau"},"content":{"rendered":"<p><strong><em>Rising Tensions Ahead of the Upcoming Pride in Pau<\/em><\/strong><\/p>\n<h2>Division Within the Local LGBT+ Community<\/h2>\n<p>As the fourth edition of Pau\u2019s LGBT+ Pride March approaches, scheduled for Saturday, September 27, internal friction is stirring within the local activist community. Back in June, eight former members of the Arcolan association broke away to form a new organization named Arcolan Pau B\u00e9arn. This unexpected move has created confusion and sparked open tensions over who should take the lead in organizing the event.<\/p>\n<h2>Controversial Split Leads to Legal Dispute<\/h2>\n<p>Micha\u00eblla Clapisson, president of the Centre LGBT+ Sud-Aquitaine \u2014 which encompasses regional organizations Nos Couleurs (Landes), Les Bascos (Basque Country), and Arcolan (B\u00e9arn) \u2014 shed light on the internal struggles that led to the fallout. She described the development as a \u201cdeep internal crisis\u201d which saw eight individuals, out of around twenty active members, sever ties with the parent association.<\/p>\n<p>According to her, those who departed allegedly crossed several legal boundaries by using the original association\u2019s name and accessing personal information of activists. Clapisson described these actions as both \u201cillegal and hostile,\u201d stating that this led to significant confusion and unrest among members and supporters.<\/p>\n<h2>A Conflict Over Pride Organization<\/h2>\n<p>Now, both groups are claiming the right to organize Pau\u2019s annual LGBT+ Pride March, intensifying disagreements as the date draws near. This situation not only creates logistical challenges but also raises broader concerns about governance, representation, and legitimacy within the local LGBT+ advocacy scene.<\/p>\n<p>Unless a resolution is reached soon, this year\u2019s Pride in Pau could become overshadowed by an unprecedented rivalry \u2014 putting its unity and message of inclusiveness at risk.<\/p>\n<h2>Latest LGBT+ News<\/h2>\n<p>Stay informed with the most up-to-date and impactful LGBTQIA+ news from around the globe. Our coverage features timely reports, inclusive storytelling, and powerful insights from the community.<\/p>\n<ul style=\"text-align: center;\">\n<li>\n<h3><a href=\"https:\/\/queervibesmag.com\/es\/category\/us-lgbt-news\/\" target=\"_blank\"><strong>USA NEWS<\/strong><\/a><\/h3>\n<\/li>\n<li>\n<h3><a href=\"https:\/\/queervibesmag.com\/es\/lgbt-world-news\/\" target=\"_blank\"><strong>WORLD NEWS<\/strong><\/a><\/h3>\n<\/li>\n<\/ul>\n<p>Welcome to our LGBTQIA+ news section, where we provide essential updates, inspiring stories, and a space for open dialogue. Whether it\u2019s human rights, cultural trends, or grassroots movements, our goal is to amplify diverse voices and help foster a world rooted in respect and equality. Let\u2019s stay connected, informed, and empowered together.<\/p>","protected":false},"excerpt":{"rendered":"<p>Rising Tensions Ahead of the Upcoming Pride in Pau Division Within the Local LGBT+ Community As the fourth edition of Pau\u2019s LGBT+ Pride March approaches, scheduled for Saturday, September 27, internal friction is stirring within the local activist community. Back in June, eight former members of the Arcolan association broke away to form a new&#8230;<\/p>","protected":false},"author":1,"featured_media":6758,"comment_status":"open","ping_status":"open","sticky":false,"template":"","format":"standard","meta":{"_jetpack_memberships_contains_paid_content":false,"footnotes":""},"categories":[8],"tags":[],"class_list":["post-6757","post","type-post","status-publish","format-standard","has-post-thumbnail","hentry","category-lgbtq-infos-news"],"yoast_head":"<!-- This site is optimized with the Yoast SEO plugin v27.5 - https:\/\/yoast.com\/product\/yoast-seo-wordpress\/ -->\n<title>Tensions Rise Over September 27 Pride Event in Pau - Queer Vibes Mag<\/title>\n<meta name=\"robots\" content=\"index, follow, max-snippet:-1, max-image-preview:large, max-video-preview:-1\" \/>\n<link rel=\"canonical\" href=\"https:\/\/queervibesmag.com\/es\/tensions-rise-over-september-27-pride-event-in-pau\/\" \/>\n<meta property=\"og:locale\" content=\"es_ES\" \/>\n<meta property=\"og:type\" content=\"article\" \/>\n<meta property=\"og:title\" content=\"Tensions Rise Over September 27 Pride Event in Pau - Queer Vibes Mag\" \/>\n<meta property=\"og:description\" content=\"Rising Tensions Ahead of the Upcoming Pride in Pau Division Within the Local LGBT+ Community As the fourth edition of Pau\u2019s LGBT+ Pride March approaches, scheduled for Saturday, September 27, internal friction is stirring within the local activist community. Back in June, eight former members of the Arcolan association broke away to form a new...\" \/>\n<meta property=\"og:url\" content=\"https:\/\/queervibesmag.com\/es\/tensions-rise-over-september-27-pride-event-in-pau\/\" \/>\n<meta property=\"og:site_name\" content=\"Queer Vibes Mag\" \/>\n<meta property=\"article:published_time\" content=\"2025-10-26T17:09:20+00:00\" \/>\n<meta property=\"og:image\" content=\"https:\/\/i0.wp.com\/queervibesmag.com\/wp-content\/uploads\/2025\/10\/68fe55d13e917.png?fit=1024%2C1024&ssl=1\" \/>\n\t<meta property=\"og:image:width\" content=\"1024\" \/>\n\t<meta property=\"og:image:height\" content=\"1024\" \/>\n\t<meta property=\"og:image:type\" content=\"image\/png\" \/>\n<meta name=\"author\" content=\"QueerVibesMag\" \/>\n<meta name=\"twitter:card\" content=\"summary_large_image\" \/>\n<meta name=\"twitter:creator\" content=\"@queervibesmag\" \/>\n<meta name=\"twitter:site\" content=\"@queervibesmag\" \/>\n<meta name=\"twitter:label1\" content=\"Escrito por\" \/>\n\t<meta name=\"twitter:data1\" content=\"QueerVibesMag\" \/>\n\t<meta name=\"twitter:label2\" content=\"Tiempo de lectura\" \/>\n\t<meta name=\"twitter:data2\" content=\"2 minutos\" \/>\n<script type=\"application\/ld+json\" class=\"yoast-schema-graph\">{\"@context\":\"https:\\\/\\\/schema.org\",\"@graph\":[{\"@type\":\"Article\",\"@id\":\"https:\\\/\\\/queervibesmag.com\\\/tensions-rise-over-september-27-pride-event-in-pau\\\/#article\",\"isPartOf\":{\"@id\":\"https:\\\/\\\/queervibesmag.com\\\/tensions-rise-over-september-27-pride-event-in-pau\\\/\"},\"author\":{\"name\":\"QueerVibesMag\",\"@id\":\"https:\\\/\\\/queervibesmag.com\\\/#\\\/schema\\\/person\\\/9d2589cb12fe07ed1ef0d3c3f9228d52\"},\"headline\":\"Tensions Rise Over September 27 Pride Event in Pau\",\"datePublished\":\"2025-10-26T17:09:20+00:00\",\"mainEntityOfPage\":{\"@id\":\"https:\\\/\\\/queervibesmag.com\\\/tensions-rise-over-september-27-pride-event-in-pau\\\/\"},\"wordCount\":367,\"commentCount\":0,\"publisher\":{\"@id\":\"https:\\\/\\\/queervibesmag.com\\\/#organization\"},\"image\":{\"@id\":\"https:\\\/\\\/queervibesmag.com\\\/tensions-rise-over-september-27-pride-event-in-pau\\\/#primaryimage\"},\"thumbnailUrl\":\"https:\\\/\\\/i0.wp.com\\\/queervibesmag.com\\\/wp-content\\\/uploads\\\/2025\\\/10\\\/68fe55d13e917.png?fit=1024%2C1024&ssl=1\",\"articleSection\":[\"LGBTQ INFOS NEWS\"],\"inLanguage\":\"es\",\"potentialAction\":[{\"@type\":\"CommentAction\",\"name\":\"Comment\",\"target\":[\"https:\\\/\\\/queervibesmag.com\\\/tensions-rise-over-september-27-pride-event-in-pau\\\/#respond\"]}]},{\"@type\":\"WebPage\",\"@id\":\"https:\\\/\\\/queervibesmag.com\\\/tensions-rise-over-september-27-pride-event-in-pau\\\/\",\"url\":\"https:\\\/\\\/queervibesmag.com\\\/tensions-rise-over-september-27-pride-event-in-pau\\\/\",\"name\":\"Tensions Rise Over September 27 Pride Event in Pau - Queer Vibes Mag\",\"isPartOf\":{\"@id\":\"https:\\\/\\\/queervibesmag.com\\\/#website\"},\"primaryImageOfPage\":{\"@id\":\"https:\\\/\\\/queervibesmag.com\\\/tensions-rise-over-september-27-pride-event-in-pau\\\/#primaryimage\"},\"image\":{\"@id\":\"https:\\\/\\\/queervibesmag.com\\\/tensions-rise-over-september-27-pride-event-in-pau\\\/#primaryimage\"},\"thumbnailUrl\":\"https:\\\/\\\/i0.wp.com\\\/queervibesmag.com\\\/wp-content\\\/uploads\\\/2025\\\/10\\\/68fe55d13e917.png?fit=1024%2C1024&ssl=1\",\"datePublished\":\"2025-10-26T17:09:20+00:00\",\"breadcrumb\":{\"@id\":\"https:\\\/\\\/queervibesmag.com\\\/tensions-rise-over-september-27-pride-event-in-pau\\\/#breadcrumb\"},\"inLanguage\":\"es\",\"potentialAction\":[{\"@type\":\"ReadAction\",\"target\":[\"https:\\\/\\\/queervibesmag.com\\\/tensions-rise-over-september-27-pride-event-in-pau\\\/\"]}]},{\"@type\":\"ImageObject\",\"inLanguage\":\"es\",\"@id\":\"https:\\\/\\\/queervibesmag.com\\\/tensions-rise-over-september-27-pride-event-in-pau\\\/#primaryimage\",\"url\":\"https:\\\/\\\/i0.wp.com\\\/queervibesmag.com\\\/wp-content\\\/uploads\\\/2025\\\/10\\\/68fe55d13e917.png?fit=1024%2C1024&ssl=1\",\"contentUrl\":\"https:\\\/\\\/i0.wp.com\\\/queervibesmag.com\\\/wp-content\\\/uploads\\\/2025\\\/10\\\/68fe55d13e917.png?fit=1024%2C1024&ssl=1\",\"width\":1024,\"height\":1024,\"caption\":\"Tensions Rise Over September 27 Pride Event in Pau\"},{\"@type\":\"BreadcrumbList\",\"@id\":\"https:\\\/\\\/queervibesmag.com\\\/tensions-rise-over-september-27-pride-event-in-pau\\\/#breadcrumb\",\"itemListElement\":[{\"@type\":\"ListItem\",\"position\":1,\"name\":\"Home\",\"item\":\"https:\\\/\\\/queervibesmag.com\\\/\"},{\"@type\":\"ListItem\",\"position\":2,\"name\":\"Tensions Rise Over September 27 Pride Event in Pau\"}]},{\"@type\":\"WebSite\",\"@id\":\"https:\\\/\\\/queervibesmag.com\\\/#website\",\"url\":\"https:\\\/\\\/queervibesmag.com\\\/\",\"name\":\"Queer Vibes Mag\",\"description\":\"WORLD WIDE LGBTQ NEWS\",\"publisher\":{\"@id\":\"https:\\\/\\\/queervibesmag.com\\\/#organization\"},\"potentialAction\":[{\"@type\":\"SearchAction\",\"target\":{\"@type\":\"EntryPoint\",\"urlTemplate\":\"https:\\\/\\\/queervibesmag.com\\\/?s={search_term_string}\"},\"query-input\":{\"@type\":\"PropertyValueSpecification\",\"valueRequired\":true,\"valueName\":\"search_term_string\"}}],\"inLanguage\":\"es\"},{\"@type\":\"Organization\",\"@id\":\"https:\\\/\\\/queervibesmag.com\\\/#organization\",\"name\":\"Queer Vibes Mag | LGBT NEWS\",\"alternateName\":\"Queer Vibes Mag | LGBT NEWS\",\"url\":\"https:\\\/\\\/queervibesmag.com\\\/\",\"logo\":{\"@type\":\"ImageObject\",\"inLanguage\":\"es\",\"@id\":\"https:\\\/\\\/queervibesmag.com\\\/#\\\/schema\\\/logo\\\/image\\\/\",\"url\":\"https:\\\/\\\/i0.wp.com\\\/queervibesmag.com\\\/wp-content\\\/uploads\\\/2023\\\/09\\\/cropped-Black_and_White_Modern_Literary_Magazine_Logo__2__-_Copie-removebg-preview.png?fit=200%2C200&ssl=1\",\"contentUrl\":\"https:\\\/\\\/i0.wp.com\\\/queervibesmag.com\\\/wp-content\\\/uploads\\\/2023\\\/09\\\/cropped-Black_and_White_Modern_Literary_Magazine_Logo__2__-_Copie-removebg-preview.png?fit=200%2C200&ssl=1\",\"width\":200,\"height\":200,\"caption\":\"Queer Vibes Mag | LGBT NEWS\"},\"image\":{\"@id\":\"https:\\\/\\\/queervibesmag.com\\\/#\\\/schema\\\/logo\\\/image\\\/\"},\"sameAs\":[\"https:\\\/\\\/x.com\\\/queervibesmag\"]},{\"@type\":\"Person\",\"@id\":\"https:\\\/\\\/queervibesmag.com\\\/#\\\/schema\\\/person\\\/9d2589cb12fe07ed1ef0d3c3f9228d52\",\"name\":\"QueerVibesMag\",\"image\":{\"@type\":\"ImageObject\",\"inLanguage\":\"es\",\"@id\":\"https:\\\/\\\/secure.gravatar.com\\\/avatar\\\/0bbb5765594baaa323b58b57926b3d7976708f18854390fef40c88a59647f3b8?s=96&d=mm&r=g\",\"url\":\"https:\\\/\\\/secure.gravatar.com\\\/avatar\\\/0bbb5765594baaa323b58b57926b3d7976708f18854390fef40c88a59647f3b8?s=96&d=mm&r=g\",\"contentUrl\":\"https:\\\/\\\/secure.gravatar.com\\\/avatar\\\/0bbb5765594baaa323b58b57926b3d7976708f18854390fef40c88a59647f3b8?s=96&d=mm&r=g\",\"caption\":\"QueerVibesMag\"},\"sameAs\":[\"https:\\\/\\\/queervibesmag.com\"],\"url\":\"https:\\\/\\\/queervibesmag.com\\\/es\\\/author\\\/admin\\\/\"}]}<\/script>\n<!-- \/ Yoast SEO plugin. -->","yoast_head_json":{"title":"Tensions Rise Over September 27 Pride Event in Pau - Queer Vibes Mag","robots":{"index":"index","follow":"follow","max-snippet":"max-snippet:-1","max-image-preview":"max-image-preview:large","max-video-preview":"max-video-preview:-1"},"canonical":"https:\/\/queervibesmag.com\/es\/tensions-rise-over-september-27-pride-event-in-pau\/","og_locale":"es_ES","og_type":"article","og_title":"Tensions Rise Over September 27 Pride Event in Pau - Queer Vibes Mag","og_description":"Rising Tensions Ahead of the Upcoming Pride in Pau Division Within the Local LGBT+ Community As the fourth edition of Pau\u2019s LGBT+ Pride March approaches, scheduled for Saturday, September 27, internal friction is stirring within the local activist community. Back in June, eight former members of the Arcolan association broke away to form a new...","og_url":"https:\/\/queervibesmag.com\/es\/tensions-rise-over-september-27-pride-event-in-pau\/","og_site_name":"Queer Vibes Mag","article_published_time":"2025-10-26T17:09:20+00:00","og_image":[{"width":1024,"height":1024,"url":"https:\/\/i0.wp.com\/queervibesmag.com\/wp-content\/uploads\/2025\/10\/68fe55d13e917.png?fit=1024%2C1024&ssl=1","type":"image\/png"}],"author":"QueerVibesMag","twitter_card":"summary_large_image","twitter_creator":"@queervibesmag","twitter_site":"@queervibesmag","twitter_misc":{"Escrito por":"QueerVibesMag","Tiempo de lectura":"2 minutos"},"schema":{"@context":"https:\/\/schema.org","@graph":[{"@type":"Article","@id":"https:\/\/queervibesmag.com\/tensions-rise-over-september-27-pride-event-in-pau\/#article","isPartOf":{"@id":"https:\/\/queervibesmag.com\/tensions-rise-over-september-27-pride-event-in-pau\/"},"author":{"name":"QueerVibesMag","@id":"https:\/\/queervibesmag.com\/#\/schema\/person\/9d2589cb12fe07ed1ef0d3c3f9228d52"},"headline":"Tensions Rise Over September 27 Pride Event in Pau","datePublished":"2025-10-26T17:09:20+00:00","mainEntityOfPage":{"@id":"https:\/\/queervibesmag.com\/tensions-rise-over-september-27-pride-event-in-pau\/"},"wordCount":367,"commentCount":0,"publisher":{"@id":"https:\/\/queervibesmag.com\/#organization"},"image":{"@id":"https:\/\/queervibesmag.com\/tensions-rise-over-september-27-pride-event-in-pau\/#primaryimage"},"thumbnailUrl":"https:\/\/i0.wp.com\/queervibesmag.com\/wp-content\/uploads\/2025\/10\/68fe55d13e917.png?fit=1024%2C1024&ssl=1","articleSection":["LGBTQ INFOS NEWS"],"inLanguage":"es","potentialAction":[{"@type":"CommentAction","name":"Comment","target":["https:\/\/queervibesmag.com\/tensions-rise-over-september-27-pride-event-in-pau\/#respond"]}]},{"@type":"WebPage","@id":"https:\/\/queervibesmag.com\/tensions-rise-over-september-27-pride-event-in-pau\/","url":"https:\/\/queervibesmag.com\/tensions-rise-over-september-27-pride-event-in-pau\/","name":"Tensions Rise Over September 27 Pride Event in Pau - Queer Vibes Mag","isPartOf":{"@id":"https:\/\/queervibesmag.com\/#website"},"primaryImageOfPage":{"@id":"https:\/\/queervibesmag.com\/tensions-rise-over-september-27-pride-event-in-pau\/#primaryimage"},"image":{"@id":"https:\/\/queervibesmag.com\/tensions-rise-over-september-27-pride-event-in-pau\/#primaryimage"},"thumbnailUrl":"https:\/\/i0.wp.com\/queervibesmag.com\/wp-content\/uploads\/2025\/10\/68fe55d13e917.png?fit=1024%2C1024&ssl=1","datePublished":"2025-10-26T17:09:20+00:00","breadcrumb":{"@id":"https:\/\/queervibesmag.com\/tensions-rise-over-september-27-pride-event-in-pau\/#breadcrumb"},"inLanguage":"es","potentialAction":[{"@type":"ReadAction","target":["https:\/\/queervibesmag.com\/tensions-rise-over-september-27-pride-event-in-pau\/"]}]},{"@type":"ImageObject","inLanguage":"es","@id":"https:\/\/queervibesmag.com\/tensions-rise-over-september-27-pride-event-in-pau\/#primaryimage","url":"https:\/\/i0.wp.com\/queervibesmag.com\/wp-content\/uploads\/2025\/10\/68fe55d13e917.png?fit=1024%2C1024&ssl=1","contentUrl":"https:\/\/i0.wp.com\/queervibesmag.com\/wp-content\/uploads\/2025\/10\/68fe55d13e917.png?fit=1024%2C1024&ssl=1","width":1024,"height":1024,"caption":"Tensions Rise Over September 27 Pride Event in Pau"},{"@type":"BreadcrumbList","@id":"https:\/\/queervibesmag.com\/tensions-rise-over-september-27-pride-event-in-pau\/#breadcrumb","itemListElement":[{"@type":"ListItem","position":1,"name":"Home","item":"https:\/\/queervibesmag.com\/"},{"@type":"ListItem","position":2,"name":"Tensions Rise Over September 27 Pride Event in Pau"}]},{"@type":"WebSite","@id":"https:\/\/queervibesmag.com\/#website","url":"https:\/\/queervibesmag.com\/","name":"Queer Vibes Mag","description":"NOTICIAS LGBT EN EL MUNDO","publisher":{"@id":"https:\/\/queervibesmag.com\/#organization"},"potentialAction":[{"@type":"SearchAction","target":{"@type":"EntryPoint","urlTemplate":"https:\/\/queervibesmag.com\/?s={search_term_string}"},"query-input":{"@type":"PropertyValueSpecification","valueRequired":true,"valueName":"search_term_string"}}],"inLanguage":"es"},{"@type":"Organization","@id":"https:\/\/queervibesmag.com\/#organization","name":"Queer Vibes Mag | LGBT NEWS","alternateName":"Queer Vibes Mag | LGBT NEWS","url":"https:\/\/queervibesmag.com\/","logo":{"@type":"ImageObject","inLanguage":"es","@id":"https:\/\/queervibesmag.com\/#\/schema\/logo\/image\/","url":"https:\/\/i0.wp.com\/queervibesmag.com\/wp-content\/uploads\/2023\/09\/cropped-Black_and_White_Modern_Literary_Magazine_Logo__2__-_Copie-removebg-preview.png?fit=200%2C200&ssl=1","contentUrl":"https:\/\/i0.wp.com\/queervibesmag.com\/wp-content\/uploads\/2023\/09\/cropped-Black_and_White_Modern_Literary_Magazine_Logo__2__-_Copie-removebg-preview.png?fit=200%2C200&ssl=1","width":200,"height":200,"caption":"Queer Vibes Mag | LGBT NEWS"},"image":{"@id":"https:\/\/queervibesmag.com\/#\/schema\/logo\/image\/"},"sameAs":["https:\/\/x.com\/queervibesmag"]},{"@type":"Person","@id":"https:\/\/queervibesmag.com\/#\/schema\/person\/9d2589cb12fe07ed1ef0d3c3f9228d52","name":"QueerVibesMag","image":{"@type":"ImageObject","inLanguage":"es","@id":"https:\/\/secure.gravatar.com\/avatar\/0bbb5765594baaa323b58b57926b3d7976708f18854390fef40c88a59647f3b8?s=96&d=mm&r=g","url":"https:\/\/secure.gravatar.com\/avatar\/0bbb5765594baaa323b58b57926b3d7976708f18854390fef40c88a59647f3b8?s=96&d=mm&r=g","contentUrl":"https:\/\/secure.gravatar.com\/avatar\/0bbb5765594baaa323b58b57926b3d7976708f18854390fef40c88a59647f3b8?s=96&d=mm&r=g","caption":"QueerVibesMag"},"sameAs":["https:\/\/queervibesmag.com"],"url":"https:\/\/queervibesmag.com\/es\/author\/admin\/"}]}},"jetpack_featured_media_url":"https:\/\/i0.wp.com\/queervibesmag.com\/wp-content\/uploads\/2025\/10\/68fe55d13e917.png?fit=1024%2C1024&ssl=1","jetpack_sharing_enabled":true,"jetpack-related-posts":[{"id":3130,"url":"https:\/\/queervibesmag.com\/es\/lgbt-rights-in-canada-a-growing-fragility\/","url_meta":{"origin":6757,"position":0},"title":"Los derechos LGBT+ en Canad\u00e1, cada vez m\u00e1s fr\u00e1giles","author":"QueerVibesMag","date":"agosto 15, 2024","format":false,"excerpt":"LGBT+ Rights in Canada a Growing Fragility Alarming Incidents Stir Concern Rainbow flags set on fire, disruptions at Pride marches, and growing violence are unsettling Canada's reputation for tolerance. LGBT+ groups and community members are raising concerns about what they perceive as a troubling regression, marked by a surge in\u2026","rel":"","context":"En \u00abCANADA LGBT NEWS\u00bb","block_context":{"text":"CANADA LGBT NEWS","link":"https:\/\/queervibesmag.com\/es\/category\/canada-lgbt-news\/"},"img":{"alt_text":"LGBT+ Rights in Canada: A Growing Fragility in the Face of Rising Tensions","src":"https:\/\/i0.wp.com\/queervibesmag.com\/wp-content\/uploads\/2024\/08\/dgdsgdsfdd.jpg?fit=1090%2C629&ssl=1&resize=350%2C200","width":350,"height":200,"srcset":"https:\/\/i0.wp.com\/queervibesmag.com\/wp-content\/uploads\/2024\/08\/dgdsgdsfdd.jpg?fit=1090%2C629&ssl=1&resize=350%2C200 1x, https:\/\/i0.wp.com\/queervibesmag.com\/wp-content\/uploads\/2024\/08\/dgdsgdsfdd.jpg?fit=1090%2C629&ssl=1&resize=525%2C300 1.5x, https:\/\/i0.wp.com\/queervibesmag.com\/wp-content\/uploads\/2024\/08\/dgdsgdsfdd.jpg?fit=1090%2C629&ssl=1&resize=700%2C400 2x, https:\/\/i0.wp.com\/queervibesmag.com\/wp-content\/uploads\/2024\/08\/dgdsgdsfdd.jpg?fit=1090%2C629&ssl=1&resize=1050%2C600 3x"},"classes":[]},{"id":8166,"url":"https:\/\/queervibesmag.com\/es\/us-rainbow-flag-removed-from-stonewall-monument-amid-federal-ruling\/","url_meta":{"origin":6757,"position":1},"title":"US: Rainbow Flag Removed from Stonewall Monument Amid Federal Ruling","author":"QueerVibesMag","date":"marzo 27, 2026","format":false,"excerpt":"```html Federal Directive Sparks Flag Removal The rainbow flag is no longer flying over the Stonewall National Monument in New York City. On Tuesday, February 10th, the local LGBTQ+ community was informed that the symbol of pride had been removed from this historically significant site. The change stemmed from a\u2026","rel":"","context":"En \u00abLGBTQ INFOS NEWS\u00bb","block_context":{"text":"LGBTQ INFOS NEWS","link":"https:\/\/queervibesmag.com\/es\/category\/lgbtq-infos-news\/"},"img":{"alt_text":"","src":"","width":0,"height":0},"classes":[]},{"id":4382,"url":"https:\/\/queervibesmag.com\/es\/mobilization-in-catalonia-against-the-ban-on-lgbt-events-in-hungary\/","url_meta":{"origin":6757,"position":2},"title":"Mobilization in Catalonia Against the Ban on LGBT Events in Hungary","author":"QueerVibesMag","date":"marzo 22, 2025","format":false,"excerpt":"A Protest to Denounce an Attack on Rights In Barcelona, more than fifty people gathered this Saturday in front of the Hungarian consulate to protest against the recent ban on LGBTQI+ events in Hungary. This ban, approved by the Hungarian Parliament this week, prevents the LGBTQI+ community from organizing demonstrations\u2026","rel":"","context":"En \u00abLGBT NEWS SPAIN\u00bb","block_context":{"text":"LGBT NEWS SPAIN","link":"https:\/\/queervibesmag.com\/es\/category\/lgbt-news-spain\/"},"img":{"alt_text":"Mobilization in Catalonia Against the Ban on LGBT Events in Hungary","src":"https:\/\/i0.wp.com\/queervibesmag.com\/wp-content\/uploads\/2025\/03\/Mobilization-in-Catalonia-Against-the-Ban-on-LGBT-Events-in-Hungary.jpg?fit=630%2C404&ssl=1&resize=350%2C200","width":350,"height":200,"srcset":"https:\/\/i0.wp.com\/queervibesmag.com\/wp-content\/uploads\/2025\/03\/Mobilization-in-Catalonia-Against-the-Ban-on-LGBT-Events-in-Hungary.jpg?fit=630%2C404&ssl=1&resize=350%2C200 1x, https:\/\/i0.wp.com\/queervibesmag.com\/wp-content\/uploads\/2025\/03\/Mobilization-in-Catalonia-Against-the-Ban-on-LGBT-Events-in-Hungary.jpg?fit=630%2C404&ssl=1&resize=525%2C300 1.5x"},"classes":[]},{"id":4905,"url":"https:\/\/queervibesmag.com\/es\/record-turnout-for-the-lgbt-pride-march-in-seoul\/","url_meta":{"origin":6757,"position":3},"title":"Record Turnout for the LGBT+ Pride March in Seoul","author":"QueerVibesMag","date":"junio 17, 2025","format":false,"excerpt":"Record Attendance at Seoul Pride March A demonstration marked by massive mobilization and unprecedented institutional support Tens of thousands of people took part in the 26th edition of the LGBT+ Pride March in Seoul, South Korea, on Saturday, June 14. For the first time, a government agency \u2014 the Korea\u2026","rel":"","context":"En \u00abLGBTQ WORLD EVENTS\u00bb","block_context":{"text":"LGBTQ WORLD EVENTS","link":"https:\/\/queervibesmag.com\/es\/category\/lgbtq-world-events\/"},"img":{"alt_text":"Record Turnout for the LGBT+ Pride March in Seoul","src":"https:\/\/i0.wp.com\/queervibesmag.com\/wp-content\/uploads\/2025\/06\/Record-Turnout-for-the-LGBT-Pride-March-in-Seoul.jpg?fit=1000%2C673&ssl=1&resize=350%2C200","width":350,"height":200,"srcset":"https:\/\/i0.wp.com\/queervibesmag.com\/wp-content\/uploads\/2025\/06\/Record-Turnout-for-the-LGBT-Pride-March-in-Seoul.jpg?fit=1000%2C673&ssl=1&resize=350%2C200 1x, https:\/\/i0.wp.com\/queervibesmag.com\/wp-content\/uploads\/2025\/06\/Record-Turnout-for-the-LGBT-Pride-March-in-Seoul.jpg?fit=1000%2C673&ssl=1&resize=525%2C300 1.5x, https:\/\/i0.wp.com\/queervibesmag.com\/wp-content\/uploads\/2025\/06\/Record-Turnout-for-the-LGBT-Pride-March-in-Seoul.jpg?fit=1000%2C673&ssl=1&resize=700%2C400 2x"},"classes":[]},{"id":2735,"url":"https:\/\/queervibesmag.com\/es\/sofia-pride-celebrates-its-17th-year\/","url_meta":{"origin":6757,"position":4},"title":"El Orgullo de Sof\u00eda celebra su 17\u00aa edici\u00f3n","author":"QueerVibesMag","date":"junio 24, 2024","format":false,"excerpt":"Sofia Pride Celebrates Its 17th Year Thousands Gather for 17th Annual Sofia Pride March On Saturday evening, the 17th annual Sofia Pride march took place, drawing thousands of participants. Held each summer, this event advocates for the rights of the LGBT community in Bulgaria. This year's theme, \"Bulgaria is Our\u2026","rel":"","context":"En \u00abLGBTQ WORLD EVENTS\u00bb","block_context":{"text":"LGBTQ WORLD EVENTS","link":"https:\/\/queervibesmag.com\/es\/category\/lgbtq-world-events\/"},"img":{"alt_text":"Sofia Pride Celebrates Its 17th Year","src":"https:\/\/i0.wp.com\/queervibesmag.com\/wp-content\/uploads\/2024\/06\/4sd4d.jpg?fit=708%2C410&ssl=1&resize=350%2C200","width":350,"height":200,"srcset":"https:\/\/i0.wp.com\/queervibesmag.com\/wp-content\/uploads\/2024\/06\/4sd4d.jpg?fit=708%2C410&ssl=1&resize=350%2C200 1x, https:\/\/i0.wp.com\/queervibesmag.com\/wp-content\/uploads\/2024\/06\/4sd4d.jpg?fit=708%2C410&ssl=1&resize=525%2C300 1.5x, https:\/\/i0.wp.com\/queervibesmag.com\/wp-content\/uploads\/2024\/06\/4sd4d.jpg?fit=708%2C410&ssl=1&resize=700%2C400 2x"},"classes":[]},{"id":8465,"url":"https:\/\/queervibesmag.com\/es\/why-the-lausanne-pride-launch-event-is-crucial\/","url_meta":{"origin":6757,"position":5},"title":"Why the Lausanne Pride Launch Event is Crucial","author":"QueerVibesMag","date":"mayo 1, 2026","format":false,"excerpt":"```html An Inaugural Event Beyond Celebration A stage, performances, and an engaged audience: behind this opening night lies the comprehensive organization of Pride. In Lausanne, the event slated for April 5 at Romandie signifies far more than just a seasonal kickoff. It lays the foundation for a collective, political, and\u2026","rel":"","context":"En \u00abLGBTQ INFOS NEWS\u00bb","block_context":{"text":"LGBTQ INFOS NEWS","link":"https:\/\/queervibesmag.com\/es\/category\/lgbtq-infos-news\/"},"img":{"alt_text":"","src":"","width":0,"height":0},"classes":[]}],"_links":{"self":[{"href":"https:\/\/queervibesmag.com\/es\/wp-json\/wp\/v2\/posts\/6757","targetHints":{"allow":["GET"]}}],"collection":[{"href":"https:\/\/queervibesmag.com\/es\/wp-json\/wp\/v2\/posts"}],"about":[{"href":"https:\/\/queervibesmag.com\/es\/wp-json\/wp\/v2\/types\/post"}],"author":[{"embeddable":true,"href":"https:\/\/queervibesmag.com\/es\/wp-json\/wp\/v2\/users\/1"}],"replies":[{"embeddable":true,"href":"https:\/\/queervibesmag.com\/es\/wp-json\/wp\/v2\/comments?post=6757"}],"version-history":[{"count":0,"href":"https:\/\/queervibesmag.com\/es\/wp-json\/wp\/v2\/posts\/6757\/revisions"}],"wp:featuredmedia":[{"embeddable":true,"href":"https:\/\/queervibesmag.com\/es\/wp-json\/wp\/v2\/media\/6758"}],"wp:attachment":[{"href":"https:\/\/queervibesmag.com\/es\/wp-json\/wp\/v2\/media?parent=6757"}],"wp:term":[{"taxonomy":"category","embeddable":true,"href":"https:\/\/queervibesmag.com\/es\/wp-json\/wp\/v2\/categories?post=6757"},{"taxonomy":"post_tag","embeddable":true,"href":"https:\/\/queervibesmag.com\/es\/wp-json\/wp\/v2\/tags?post=6757"}],"curies":[{"name":"wp","href":"https:\/\/api.w.org\/{rel}","templated":true}]}}