{"id":733,"date":"2023-11-16T14:47:18","date_gmt":"2023-11-16T14:47:18","guid":{"rendered":"https:\/\/queervibesmag.com\/?p=733"},"modified":"2023-11-16T14:47:21","modified_gmt":"2023-11-16T14:47:21","slug":"the-morning-show-season-3","status":"publish","type":"post","link":"https:\/\/queervibesmag.com\/es\/the-morning-show-season-3\/","title":{"rendered":"The Morning Show Temporada 3 : LGBTQ+ Romance"},"content":{"rendered":"<p><strong><em>The Morning Show Season 3 <\/em><\/strong><\/p>\n\n\n\n<h2 class=\"wp-block-heading\">Representaci\u00f3n LGBTQ+ en \"The Morning Show Temporada 3\"<\/h2>\n\n\n\n<p>En el cambiante panorama de los medios de comunicaci\u00f3n, la importancia de la representaci\u00f3n del colectivo LGBTQ+ es cada vez mayor, y \"The Morning Show\" est\u00e1 a la vanguardia con su fascinante narrativa l\u00e9sbica. La historia, introducida en la segunda temporada con Julianna Margulies en el papel de Laura Peterson, ha conquistado corazones y suscitado debates. En v\u00edsperas de la tercera temporada, una pregunta persiste: \u00bfpersistir\u00e1 esta encantadora trama queer?<\/p>\n\n\n\n<h2 class=\"wp-block-heading\">Laura Peterson : Un faro en \"The Morning Show Temporada 3\"<\/h2>\n\n\n\n<p>Los creadores de la serie, en medio del caos inicial de la pandemia de Covid-19, introdujeron a Laura Peterson. Ella sirve de gu\u00eda a Bradley Jackson (interpretado por Reese Witherspoon) y la empuja a explorar una relaci\u00f3n homosexual. Esta subtrama se ha convertido en un romance que ha calado hondo entre los espectadores y ha recibido aplausos por su profundidad y simpat\u00eda.<\/p>\n\n\n\n<h2 class=\"wp-block-heading\">D\u00fao Din\u00e1mico : Laura y Bradley en \"The Morning Show Temporada 3\"<\/h2>\n\n\n\n<p>Laura Peterson, una experimentada periodista que tuvo que reconstruir su carrera tras su salida del armario en los a\u00f1os 90, se convierte en un instrumento para ayudar a Bradley a entender su sexualidad frente a las presiones conservadoras de su familia. Su qu\u00edmica ha sido descrita por Michael Ellenberg, productor ejecutivo, como un din\u00e1mico \"yin-yang\" que los une a pesar de sus diferencias.<\/p>\n\n\n\n<figure class=\"wp-block-embed is-type-video is-provider-youtube wp-block-embed-youtube wp-embed-aspect-16-9 wp-has-aspect-ratio\"><div class=\"wp-block-embed__wrapper\">\n<iframe title=\"The Morning Show \u2014 Season 3 Official Trailer | Apple TV+\" width=\"500\" height=\"281\" src=\"https:\/\/www.youtube.com\/embed\/HaIyoo-KLHk?feature=oembed\" frameborder=\"0\" allow=\"accelerometer; autoplay; clipboard-write; encrypted-media; gyroscope; picture-in-picture; web-share\" referrerpolicy=\"strict-origin-when-cross-origin\" allowfullscreen><\/iframe>\n<\/div><\/figure>\n\n\n\n<h2 class=\"wp-block-heading\">Anticipaci\u00f3n para \"The Morning Show Temporada 3\"<\/h2>\n\n\n\n<p>La pr\u00f3xima temporada se estrenar\u00e1 el 13 de septiembre y los fans est\u00e1n impacientes por conocer el futuro de Bradley y Laura. El tr\u00e1iler de la tercera temporada anuncia una serie de acontecimientos dram\u00e1ticos, incluida una nueva historia para Alex (Jennifer Aniston). En medio de esto, hay una esperanza colectiva de que el viaje de Bradley de la identidad sexual y su relaci\u00f3n con Laura seguir\u00e1 siendo un punto focal.<\/p>\n\n\n\n<h2 class=\"wp-block-heading\">Celebrando las narrativas LGBTQIA+ en \"The Morning Show Season 3\"<\/h2>\n\n\n\n<p>La segunda temporada de la serie fue aclamada por abordar temas clave de la comunidad LGBTQIA+, como la homofobia interiorizada y la aceptaci\u00f3n de la propia sexualidad en la edad adulta. Con Julianna Margulies retomando su papel en la tercera temporada, la continuaci\u00f3n de esta trama s\u00e1fica parece prometedora, y los espectadores esperan con impaciencia m\u00e1s de su convincente interpretaci\u00f3n.<\/p>\n\n\n\n<h2 class=\"wp-block-heading\">Cuestiones sociales en \"The Morning Show Temporada 3\"<\/h2>\n\n\n\n<p>La tercera temporada de \"The Morning Show\" pretende ahondar en cuestiones sociales acuciantes, con especial atenci\u00f3n a la autonom\u00eda de la mujer tras el caso Roe contra Wade. Se espera que la narraci\u00f3n explore temas como el derecho al aborto, las libertades reproductivas y la b\u00fasqueda de la verdad en una sociedad que escudri\u00f1a el poder de las mujeres.<\/p>\n\n\n\n<h2 class=\"wp-block-heading\">La evoluci\u00f3n de Bradley en \"The Morning Show Season 3\"<\/h2>\n\n\n\n<p>A medida que se desarrolla la nueva temporada, una Bradley m\u00e1s fuerte y firme, ahora al frente de las noticias de la noche, se enfrenta a un secreto oculto que amenaza su carrera. Su evoluci\u00f3n y las intrincadas interacciones con Laura dejan entrever una trama apasionante que invita a la reflexi\u00f3n.<\/p>\n\n\n\n<h2 class=\"wp-block-heading\">Contin\u00faa la dedicaci\u00f3n LGBTQ+ en \"The Morning Show Season 3\"<\/h2>\n\n\n\n<p>\"The Morning Show\" ha sido siempre pionero en el tratamiento de temas vitales, y se espera que contin\u00fae su dedicaci\u00f3n a la representaci\u00f3n LGBTQ+ en la pr\u00f3xima temporada. Con el estreno de los dos primeros episodios el 13 de septiembre, los fans est\u00e1n ansiosos por ver la continuaci\u00f3n de una historia que no solo ha cautivado, sino que tambi\u00e9n ha inspirado a muchos.<\/p>","protected":false},"excerpt":{"rendered":"<p>The Morning Show Season 3 LGBTQ+ Representation in &#8220;The Morning Show Season 3&#8221; In the evolving landscape of media, the significance of LGBTQ+ portrayal is ever-growing, and &#8220;The Morning Show&#8221; is at the forefront with its riveting lesbian narrative. The story, introduced in the second season with Julianna Margulies as Laura Peterson, has won hearts&#8230;<\/p>","protected":false},"author":1,"featured_media":734,"comment_status":"open","ping_status":"open","sticky":false,"template":"","format":"standard","meta":{"_jetpack_memberships_contains_paid_content":false,"footnotes":""},"categories":[81],"tags":[],"class_list":["post-733","post","type-post","status-publish","format-standard","has-post-thumbnail","hentry","category-tv"],"yoast_head":"<!-- This site is optimized with the Yoast SEO plugin v27.5 - https:\/\/yoast.com\/product\/yoast-seo-wordpress\/ -->\n<title>The Morning Show Season 3 : LGBTQ+ Romance<\/title>\n<meta name=\"description\" content=\"Explore &#039;The Morning Show&#039; Season 3: Anticipate gripping LGBTQ+ narratives, evolving characters, and contemporary social issues, premiering September 13.\" \/>\n<meta name=\"robots\" content=\"index, follow, max-snippet:-1, max-image-preview:large, max-video-preview:-1\" \/>\n<link rel=\"canonical\" href=\"https:\/\/queervibesmag.com\/es\/the-morning-show-season-3\/\" \/>\n<meta property=\"og:locale\" content=\"es_ES\" \/>\n<meta property=\"og:type\" content=\"article\" \/>\n<meta property=\"og:title\" content=\"The Morning Show Season 3 : LGBTQ+ Romance\" \/>\n<meta property=\"og:description\" content=\"Explore &#039;The Morning Show&#039; Season 3: Anticipate gripping LGBTQ+ narratives, evolving characters, and contemporary social issues, premiering September 13.\" \/>\n<meta property=\"og:url\" content=\"https:\/\/queervibesmag.com\/es\/the-morning-show-season-3\/\" \/>\n<meta property=\"og:site_name\" content=\"Queer Vibes Mag\" \/>\n<meta property=\"article:published_time\" content=\"2023-11-16T14:47:18+00:00\" \/>\n<meta property=\"article:modified_time\" content=\"2023-11-16T14:47:21+00:00\" \/>\n<meta property=\"og:image\" content=\"https:\/\/queervibesmag.com\/wp-content\/uploads\/2023\/11\/the-morning-show.jpg\" \/>\n\t<meta property=\"og:image:width\" content=\"1210\" \/>\n\t<meta property=\"og:image:height\" content=\"676\" \/>\n\t<meta property=\"og:image:type\" content=\"image\/jpeg\" \/>\n<meta name=\"author\" content=\"QueerVibesMag\" \/>\n<meta name=\"twitter:card\" content=\"summary_large_image\" \/>\n<meta name=\"twitter:creator\" content=\"@queervibesmag\" \/>\n<meta name=\"twitter:site\" content=\"@queervibesmag\" \/>\n<meta name=\"twitter:label1\" content=\"Escrito por\" \/>\n\t<meta name=\"twitter:data1\" content=\"QueerVibesMag\" \/>\n\t<meta name=\"twitter:label2\" content=\"Tiempo de lectura\" \/>\n\t<meta name=\"twitter:data2\" content=\"3 minutos\" \/>\n<script type=\"application\/ld+json\" class=\"yoast-schema-graph\">{\"@context\":\"https:\\\/\\\/schema.org\",\"@graph\":[{\"@type\":\"Article\",\"@id\":\"https:\\\/\\\/queervibesmag.com\\\/the-morning-show-season-3\\\/#article\",\"isPartOf\":{\"@id\":\"https:\\\/\\\/queervibesmag.com\\\/the-morning-show-season-3\\\/\"},\"author\":{\"name\":\"QueerVibesMag\",\"@id\":\"https:\\\/\\\/queervibesmag.com\\\/#\\\/schema\\\/person\\\/9d2589cb12fe07ed1ef0d3c3f9228d52\"},\"headline\":\"The Morning Show Season 3 : LGBTQ+ Romance\",\"datePublished\":\"2023-11-16T14:47:18+00:00\",\"dateModified\":\"2023-11-16T14:47:21+00:00\",\"mainEntityOfPage\":{\"@id\":\"https:\\\/\\\/queervibesmag.com\\\/the-morning-show-season-3\\\/\"},\"wordCount\":498,\"commentCount\":0,\"publisher\":{\"@id\":\"https:\\\/\\\/queervibesmag.com\\\/#organization\"},\"image\":{\"@id\":\"https:\\\/\\\/queervibesmag.com\\\/the-morning-show-season-3\\\/#primaryimage\"},\"thumbnailUrl\":\"https:\\\/\\\/i0.wp.com\\\/queervibesmag.com\\\/wp-content\\\/uploads\\\/2023\\\/11\\\/the-morning-show.jpg?fit=1210%2C676&ssl=1\",\"articleSection\":[\"TV\"],\"inLanguage\":\"es\",\"potentialAction\":[{\"@type\":\"CommentAction\",\"name\":\"Comment\",\"target\":[\"https:\\\/\\\/queervibesmag.com\\\/the-morning-show-season-3\\\/#respond\"]}]},{\"@type\":\"WebPage\",\"@id\":\"https:\\\/\\\/queervibesmag.com\\\/the-morning-show-season-3\\\/\",\"url\":\"https:\\\/\\\/queervibesmag.com\\\/the-morning-show-season-3\\\/\",\"name\":\"The Morning Show Season 3 : LGBTQ+ Romance\",\"isPartOf\":{\"@id\":\"https:\\\/\\\/queervibesmag.com\\\/#website\"},\"primaryImageOfPage\":{\"@id\":\"https:\\\/\\\/queervibesmag.com\\\/the-morning-show-season-3\\\/#primaryimage\"},\"image\":{\"@id\":\"https:\\\/\\\/queervibesmag.com\\\/the-morning-show-season-3\\\/#primaryimage\"},\"thumbnailUrl\":\"https:\\\/\\\/i0.wp.com\\\/queervibesmag.com\\\/wp-content\\\/uploads\\\/2023\\\/11\\\/the-morning-show.jpg?fit=1210%2C676&ssl=1\",\"datePublished\":\"2023-11-16T14:47:18+00:00\",\"dateModified\":\"2023-11-16T14:47:21+00:00\",\"description\":\"Explore 'The Morning Show' Season 3: Anticipate gripping LGBTQ+ narratives, evolving characters, and contemporary social issues, premiering September 13.\",\"breadcrumb\":{\"@id\":\"https:\\\/\\\/queervibesmag.com\\\/the-morning-show-season-3\\\/#breadcrumb\"},\"inLanguage\":\"es\",\"potentialAction\":[{\"@type\":\"ReadAction\",\"target\":[\"https:\\\/\\\/queervibesmag.com\\\/the-morning-show-season-3\\\/\"]}]},{\"@type\":\"ImageObject\",\"inLanguage\":\"es\",\"@id\":\"https:\\\/\\\/queervibesmag.com\\\/the-morning-show-season-3\\\/#primaryimage\",\"url\":\"https:\\\/\\\/i0.wp.com\\\/queervibesmag.com\\\/wp-content\\\/uploads\\\/2023\\\/11\\\/the-morning-show.jpg?fit=1210%2C676&ssl=1\",\"contentUrl\":\"https:\\\/\\\/i0.wp.com\\\/queervibesmag.com\\\/wp-content\\\/uploads\\\/2023\\\/11\\\/the-morning-show.jpg?fit=1210%2C676&ssl=1\",\"width\":1210,\"height\":676,\"caption\":\"The Morning Show Season 3 : LGBTQ+ Romance\"},{\"@type\":\"BreadcrumbList\",\"@id\":\"https:\\\/\\\/queervibesmag.com\\\/the-morning-show-season-3\\\/#breadcrumb\",\"itemListElement\":[{\"@type\":\"ListItem\",\"position\":1,\"name\":\"Home\",\"item\":\"https:\\\/\\\/queervibesmag.com\\\/\"},{\"@type\":\"ListItem\",\"position\":2,\"name\":\"The Morning Show Season 3 : LGBTQ+ Romance\"}]},{\"@type\":\"WebSite\",\"@id\":\"https:\\\/\\\/queervibesmag.com\\\/#website\",\"url\":\"https:\\\/\\\/queervibesmag.com\\\/\",\"name\":\"Queer Vibes Mag\",\"description\":\"WORLD WIDE LGBTQ NEWS\",\"publisher\":{\"@id\":\"https:\\\/\\\/queervibesmag.com\\\/#organization\"},\"potentialAction\":[{\"@type\":\"SearchAction\",\"target\":{\"@type\":\"EntryPoint\",\"urlTemplate\":\"https:\\\/\\\/queervibesmag.com\\\/?s={search_term_string}\"},\"query-input\":{\"@type\":\"PropertyValueSpecification\",\"valueRequired\":true,\"valueName\":\"search_term_string\"}}],\"inLanguage\":\"es\"},{\"@type\":\"Organization\",\"@id\":\"https:\\\/\\\/queervibesmag.com\\\/#organization\",\"name\":\"Queer Vibes Mag | LGBT NEWS\",\"alternateName\":\"Queer Vibes Mag | LGBT NEWS\",\"url\":\"https:\\\/\\\/queervibesmag.com\\\/\",\"logo\":{\"@type\":\"ImageObject\",\"inLanguage\":\"es\",\"@id\":\"https:\\\/\\\/queervibesmag.com\\\/#\\\/schema\\\/logo\\\/image\\\/\",\"url\":\"https:\\\/\\\/i0.wp.com\\\/queervibesmag.com\\\/wp-content\\\/uploads\\\/2023\\\/09\\\/cropped-Black_and_White_Modern_Literary_Magazine_Logo__2__-_Copie-removebg-preview.png?fit=200%2C200&ssl=1\",\"contentUrl\":\"https:\\\/\\\/i0.wp.com\\\/queervibesmag.com\\\/wp-content\\\/uploads\\\/2023\\\/09\\\/cropped-Black_and_White_Modern_Literary_Magazine_Logo__2__-_Copie-removebg-preview.png?fit=200%2C200&ssl=1\",\"width\":200,\"height\":200,\"caption\":\"Queer Vibes Mag | LGBT NEWS\"},\"image\":{\"@id\":\"https:\\\/\\\/queervibesmag.com\\\/#\\\/schema\\\/logo\\\/image\\\/\"},\"sameAs\":[\"https:\\\/\\\/x.com\\\/queervibesmag\"]},{\"@type\":\"Person\",\"@id\":\"https:\\\/\\\/queervibesmag.com\\\/#\\\/schema\\\/person\\\/9d2589cb12fe07ed1ef0d3c3f9228d52\",\"name\":\"QueerVibesMag\",\"image\":{\"@type\":\"ImageObject\",\"inLanguage\":\"es\",\"@id\":\"https:\\\/\\\/secure.gravatar.com\\\/avatar\\\/0bbb5765594baaa323b58b57926b3d7976708f18854390fef40c88a59647f3b8?s=96&d=mm&r=g\",\"url\":\"https:\\\/\\\/secure.gravatar.com\\\/avatar\\\/0bbb5765594baaa323b58b57926b3d7976708f18854390fef40c88a59647f3b8?s=96&d=mm&r=g\",\"contentUrl\":\"https:\\\/\\\/secure.gravatar.com\\\/avatar\\\/0bbb5765594baaa323b58b57926b3d7976708f18854390fef40c88a59647f3b8?s=96&d=mm&r=g\",\"caption\":\"QueerVibesMag\"},\"sameAs\":[\"https:\\\/\\\/queervibesmag.com\"],\"url\":\"https:\\\/\\\/queervibesmag.com\\\/es\\\/author\\\/admin\\\/\"}]}<\/script>\n<!-- \/ Yoast SEO plugin. -->","yoast_head_json":{"title":"The Morning Show Temporada 3 : LGBTQ+ Romance","description":"Explore 'The Morning Show' Season 3: Anticipate gripping LGBTQ+ narratives, evolving characters, and contemporary social issues, premiering September 13.","robots":{"index":"index","follow":"follow","max-snippet":"max-snippet:-1","max-image-preview":"max-image-preview:large","max-video-preview":"max-video-preview:-1"},"canonical":"https:\/\/queervibesmag.com\/es\/the-morning-show-season-3\/","og_locale":"es_ES","og_type":"article","og_title":"The Morning Show Season 3 : LGBTQ+ Romance","og_description":"Explore 'The Morning Show' Season 3: Anticipate gripping LGBTQ+ narratives, evolving characters, and contemporary social issues, premiering September 13.","og_url":"https:\/\/queervibesmag.com\/es\/the-morning-show-season-3\/","og_site_name":"Queer Vibes Mag","article_published_time":"2023-11-16T14:47:18+00:00","article_modified_time":"2023-11-16T14:47:21+00:00","og_image":[{"width":1210,"height":676,"url":"https:\/\/queervibesmag.com\/wp-content\/uploads\/2023\/11\/the-morning-show.jpg","type":"image\/jpeg"}],"author":"QueerVibesMag","twitter_card":"summary_large_image","twitter_creator":"@queervibesmag","twitter_site":"@queervibesmag","twitter_misc":{"Escrito por":"QueerVibesMag","Tiempo de lectura":"3 minutos"},"schema":{"@context":"https:\/\/schema.org","@graph":[{"@type":"Article","@id":"https:\/\/queervibesmag.com\/the-morning-show-season-3\/#article","isPartOf":{"@id":"https:\/\/queervibesmag.com\/the-morning-show-season-3\/"},"author":{"name":"QueerVibesMag","@id":"https:\/\/queervibesmag.com\/#\/schema\/person\/9d2589cb12fe07ed1ef0d3c3f9228d52"},"headline":"The Morning Show Season 3 : LGBTQ+ Romance","datePublished":"2023-11-16T14:47:18+00:00","dateModified":"2023-11-16T14:47:21+00:00","mainEntityOfPage":{"@id":"https:\/\/queervibesmag.com\/the-morning-show-season-3\/"},"wordCount":498,"commentCount":0,"publisher":{"@id":"https:\/\/queervibesmag.com\/#organization"},"image":{"@id":"https:\/\/queervibesmag.com\/the-morning-show-season-3\/#primaryimage"},"thumbnailUrl":"https:\/\/i0.wp.com\/queervibesmag.com\/wp-content\/uploads\/2023\/11\/the-morning-show.jpg?fit=1210%2C676&ssl=1","articleSection":["TV"],"inLanguage":"es","potentialAction":[{"@type":"CommentAction","name":"Comment","target":["https:\/\/queervibesmag.com\/the-morning-show-season-3\/#respond"]}]},{"@type":"WebPage","@id":"https:\/\/queervibesmag.com\/the-morning-show-season-3\/","url":"https:\/\/queervibesmag.com\/the-morning-show-season-3\/","name":"The Morning Show Temporada 3 : LGBTQ+ Romance","isPartOf":{"@id":"https:\/\/queervibesmag.com\/#website"},"primaryImageOfPage":{"@id":"https:\/\/queervibesmag.com\/the-morning-show-season-3\/#primaryimage"},"image":{"@id":"https:\/\/queervibesmag.com\/the-morning-show-season-3\/#primaryimage"},"thumbnailUrl":"https:\/\/i0.wp.com\/queervibesmag.com\/wp-content\/uploads\/2023\/11\/the-morning-show.jpg?fit=1210%2C676&ssl=1","datePublished":"2023-11-16T14:47:18+00:00","dateModified":"2023-11-16T14:47:21+00:00","description":"Explore 'The Morning Show' Season 3: Anticipate gripping LGBTQ+ narratives, evolving characters, and contemporary social issues, premiering September 13.","breadcrumb":{"@id":"https:\/\/queervibesmag.com\/the-morning-show-season-3\/#breadcrumb"},"inLanguage":"es","potentialAction":[{"@type":"ReadAction","target":["https:\/\/queervibesmag.com\/the-morning-show-season-3\/"]}]},{"@type":"ImageObject","inLanguage":"es","@id":"https:\/\/queervibesmag.com\/the-morning-show-season-3\/#primaryimage","url":"https:\/\/i0.wp.com\/queervibesmag.com\/wp-content\/uploads\/2023\/11\/the-morning-show.jpg?fit=1210%2C676&ssl=1","contentUrl":"https:\/\/i0.wp.com\/queervibesmag.com\/wp-content\/uploads\/2023\/11\/the-morning-show.jpg?fit=1210%2C676&ssl=1","width":1210,"height":676,"caption":"The Morning Show Season 3 : LGBTQ+ Romance"},{"@type":"BreadcrumbList","@id":"https:\/\/queervibesmag.com\/the-morning-show-season-3\/#breadcrumb","itemListElement":[{"@type":"ListItem","position":1,"name":"Home","item":"https:\/\/queervibesmag.com\/"},{"@type":"ListItem","position":2,"name":"The Morning Show Season 3 : LGBTQ+ Romance"}]},{"@type":"WebSite","@id":"https:\/\/queervibesmag.com\/#website","url":"https:\/\/queervibesmag.com\/","name":"Queer Vibes Mag","description":"NOTICIAS LGBT EN EL MUNDO","publisher":{"@id":"https:\/\/queervibesmag.com\/#organization"},"potentialAction":[{"@type":"SearchAction","target":{"@type":"EntryPoint","urlTemplate":"https:\/\/queervibesmag.com\/?s={search_term_string}"},"query-input":{"@type":"PropertyValueSpecification","valueRequired":true,"valueName":"search_term_string"}}],"inLanguage":"es"},{"@type":"Organization","@id":"https:\/\/queervibesmag.com\/#organization","name":"Queer Vibes Mag | LGBT NEWS","alternateName":"Queer Vibes Mag | LGBT NEWS","url":"https:\/\/queervibesmag.com\/","logo":{"@type":"ImageObject","inLanguage":"es","@id":"https:\/\/queervibesmag.com\/#\/schema\/logo\/image\/","url":"https:\/\/i0.wp.com\/queervibesmag.com\/wp-content\/uploads\/2023\/09\/cropped-Black_and_White_Modern_Literary_Magazine_Logo__2__-_Copie-removebg-preview.png?fit=200%2C200&ssl=1","contentUrl":"https:\/\/i0.wp.com\/queervibesmag.com\/wp-content\/uploads\/2023\/09\/cropped-Black_and_White_Modern_Literary_Magazine_Logo__2__-_Copie-removebg-preview.png?fit=200%2C200&ssl=1","width":200,"height":200,"caption":"Queer Vibes Mag | LGBT NEWS"},"image":{"@id":"https:\/\/queervibesmag.com\/#\/schema\/logo\/image\/"},"sameAs":["https:\/\/x.com\/queervibesmag"]},{"@type":"Person","@id":"https:\/\/queervibesmag.com\/#\/schema\/person\/9d2589cb12fe07ed1ef0d3c3f9228d52","name":"QueerVibesMag","image":{"@type":"ImageObject","inLanguage":"es","@id":"https:\/\/secure.gravatar.com\/avatar\/0bbb5765594baaa323b58b57926b3d7976708f18854390fef40c88a59647f3b8?s=96&d=mm&r=g","url":"https:\/\/secure.gravatar.com\/avatar\/0bbb5765594baaa323b58b57926b3d7976708f18854390fef40c88a59647f3b8?s=96&d=mm&r=g","contentUrl":"https:\/\/secure.gravatar.com\/avatar\/0bbb5765594baaa323b58b57926b3d7976708f18854390fef40c88a59647f3b8?s=96&d=mm&r=g","caption":"QueerVibesMag"},"sameAs":["https:\/\/queervibesmag.com"],"url":"https:\/\/queervibesmag.com\/es\/author\/admin\/"}]}},"jetpack_featured_media_url":"https:\/\/i0.wp.com\/queervibesmag.com\/wp-content\/uploads\/2023\/11\/the-morning-show.jpg?fit=1210%2C676&ssl=1","jetpack_sharing_enabled":true,"jetpack-related-posts":[{"id":6793,"url":"https:\/\/queervibesmag.com\/es\/complete-guide-to-lgbtq-movies-series-in-august-september-2025\/","url_meta":{"origin":733,"position":0},"title":"Complete Guide to LGBTQ+ Movies &#038; Series in August\u2013September 2025","author":"QueerVibesMag","date":"octubre 30, 2025","format":false,"excerpt":"LGBTQ+ Movies and TV Shows \u2013 August & September 2025 The end of summer 2025 brings a wealth of fresh content for fans of LGBTQ+ cinema and series. From intimate dramas to queer thrillers, and the return of standout shows, streaming platforms and international festivals are buzzing with inclusive stories.\u2026","rel":"","context":"En \u00abLGBTQ INFOS NEWS\u00bb","block_context":{"text":"LGBTQ INFOS NEWS","link":"https:\/\/queervibesmag.com\/es\/category\/lgbtq-infos-news\/"},"img":{"alt_text":"Complete Guide to LGBTQ+ Movies & Series in August\u2013September 2025","src":"https:\/\/i0.wp.com\/queervibesmag.com\/wp-content\/uploads\/2025\/10\/69039bec4aeb3.png?fit=1024%2C1024&ssl=1&resize=350%2C200","width":350,"height":200,"srcset":"https:\/\/i0.wp.com\/queervibesmag.com\/wp-content\/uploads\/2025\/10\/69039bec4aeb3.png?fit=1024%2C1024&ssl=1&resize=350%2C200 1x, https:\/\/i0.wp.com\/queervibesmag.com\/wp-content\/uploads\/2025\/10\/69039bec4aeb3.png?fit=1024%2C1024&ssl=1&resize=525%2C300 1.5x, https:\/\/i0.wp.com\/queervibesmag.com\/wp-content\/uploads\/2025\/10\/69039bec4aeb3.png?fit=1024%2C1024&ssl=1&resize=700%2C400 2x"},"classes":[]},{"id":559,"url":"https:\/\/queervibesmag.com\/es\/philadelphia-journalist-josh-kruger-murder\/","url_meta":{"origin":733,"position":1},"title":"Asesinato del periodista de Filadelfia Josh Kruger","author":"QueerVibesMag","date":"octubre 4, 2023","format":false,"excerpt":"Josh Kruger, renowned for his journalistic contributions and his role in Mayor Jim Kenney\u2019s administration, tragically lost his life in the early hours of a Monday morning at his residence in South Philadelphia. The police, arriving at the scene around 1:30 a.m., discovered Kruger with multiple gunshot wounds, leading to\u2026","rel":"","context":"En \u00abLGBTQ INFOS NEWS\u00bb","block_context":{"text":"LGBTQ INFOS NEWS","link":"https:\/\/queervibesmag.com\/es\/category\/lgbtq-infos-news\/"},"img":{"alt_text":"Philadelphia journalist Josh Kruger Murder","src":"https:\/\/i0.wp.com\/queervibesmag.com\/wp-content\/uploads\/2023\/10\/Philadelphia-journalist-Josh-Kruger-Murder.jpg?fit=1200%2C703&ssl=1&resize=350%2C200","width":350,"height":200,"srcset":"https:\/\/i0.wp.com\/queervibesmag.com\/wp-content\/uploads\/2023\/10\/Philadelphia-journalist-Josh-Kruger-Murder.jpg?fit=1200%2C703&ssl=1&resize=350%2C200 1x, https:\/\/i0.wp.com\/queervibesmag.com\/wp-content\/uploads\/2023\/10\/Philadelphia-journalist-Josh-Kruger-Murder.jpg?fit=1200%2C703&ssl=1&resize=525%2C300 1.5x, https:\/\/i0.wp.com\/queervibesmag.com\/wp-content\/uploads\/2023\/10\/Philadelphia-journalist-Josh-Kruger-Murder.jpg?fit=1200%2C703&ssl=1&resize=700%2C400 2x, https:\/\/i0.wp.com\/queervibesmag.com\/wp-content\/uploads\/2023\/10\/Philadelphia-journalist-Josh-Kruger-Murder.jpg?fit=1200%2C703&ssl=1&resize=1050%2C600 3x"},"classes":[]},{"id":7767,"url":"https:\/\/queervibesmag.com\/es\/lgbtq-movies-series-recap-october-december-2025\/","url_meta":{"origin":733,"position":2},"title":"LGBTQ+ Movies &#038; Series Recap: October\u2013December 2025","author":"QueerVibesMag","date":"febrero 12, 2026","format":false,"excerpt":"\ud83c\udfac October 2025: Queer Auteur Cinema in the Spotlight The final quarter of 2025 reaffirmed a growing trend: LGBTQ+ films and series are securing an increasingly prominent place in the cultural landscape. From October through December, numerous queer titles stood out in theaters, on streaming platforms, and at international festivals\u2014bringing\u2026","rel":"","context":"En \u00abLGBTQ INFOS NEWS\u00bb","block_context":{"text":"LGBTQ INFOS NEWS","link":"https:\/\/queervibesmag.com\/es\/category\/lgbtq-infos-news\/"},"img":{"alt_text":"","src":"","width":0,"height":0},"classes":[]},{"id":5591,"url":"https:\/\/queervibesmag.com\/es\/must-watch-lgbtqia-tv-series-coming-in-2025\/","url_meta":{"origin":733,"position":3},"title":"Must-Watch LGBTQIA+ TV Series Coming in 2025","author":"QueerVibesMag","date":"agosto 7, 2025","format":false,"excerpt":"LGBTQIA+ Series to Watch in 2025 In 2025, LGBTQ+ representation is taking center stage across the television landscape like never before. This growing prominence isn\u2019t merely a trend \u2014 it reflects a conscious effort by showrunners and streaming platforms to showcase authentic identities, tell inclusive stories, and dismantle the long-standing\u2026","rel":"","context":"En \u00abLGBTQ INFOS NEWS\u00bb","block_context":{"text":"LGBTQ INFOS NEWS","link":"https:\/\/queervibesmag.com\/es\/category\/lgbtq-infos-news\/"},"img":{"alt_text":"Must-Watch LGBTQIA+ TV Series Coming in 2025","src":"https:\/\/i0.wp.com\/queervibesmag.com\/wp-content\/uploads\/2025\/08\/6894cfec082e9.png?fit=1024%2C1024&ssl=1&resize=350%2C200","width":350,"height":200,"srcset":"https:\/\/i0.wp.com\/queervibesmag.com\/wp-content\/uploads\/2025\/08\/6894cfec082e9.png?fit=1024%2C1024&ssl=1&resize=350%2C200 1x, https:\/\/i0.wp.com\/queervibesmag.com\/wp-content\/uploads\/2025\/08\/6894cfec082e9.png?fit=1024%2C1024&ssl=1&resize=525%2C300 1.5x, https:\/\/i0.wp.com\/queervibesmag.com\/wp-content\/uploads\/2025\/08\/6894cfec082e9.png?fit=1024%2C1024&ssl=1&resize=700%2C400 2x"},"classes":[]},{"id":1055,"url":"https:\/\/queervibesmag.com\/es\/ugandan-lgbt-activist-in-critical-condition-after-stabbing\/","url_meta":{"origin":733,"position":4},"title":"Activista LGBT ugand\u00e9s en estado cr\u00edtico tras ser apu\u00f1alado","author":"QueerVibesMag","date":"enero 5, 2024","format":false,"excerpt":"Ugandan LGBT activist in critical condition after stabbing In a distressing development from Kampala, dated January 3, a prominent Ugandan LGBT activist lies in a critical state following a brutal stabbing. The incident casts a shadow over Uganda's already tumultuous environment for sexual minorities, exacerbated by the enactment of a\u2026","rel":"","context":"En \u00abLGBTQ INFOS NEWS\u00bb","block_context":{"text":"LGBTQ INFOS NEWS","link":"https:\/\/queervibesmag.com\/es\/category\/lgbtq-infos-news\/"},"img":{"alt_text":"Ugandan LGBT activist in critical condition after stabbing","src":"https:\/\/i0.wp.com\/queervibesmag.com\/wp-content\/uploads\/2024\/01\/Ugandan-LGBT-activist-in-critical-condition-after-stabbing.jpg?fit=1200%2C686&ssl=1&resize=350%2C200","width":350,"height":200,"srcset":"https:\/\/i0.wp.com\/queervibesmag.com\/wp-content\/uploads\/2024\/01\/Ugandan-LGBT-activist-in-critical-condition-after-stabbing.jpg?fit=1200%2C686&ssl=1&resize=350%2C200 1x, https:\/\/i0.wp.com\/queervibesmag.com\/wp-content\/uploads\/2024\/01\/Ugandan-LGBT-activist-in-critical-condition-after-stabbing.jpg?fit=1200%2C686&ssl=1&resize=525%2C300 1.5x, https:\/\/i0.wp.com\/queervibesmag.com\/wp-content\/uploads\/2024\/01\/Ugandan-LGBT-activist-in-critical-condition-after-stabbing.jpg?fit=1200%2C686&ssl=1&resize=700%2C400 2x, https:\/\/i0.wp.com\/queervibesmag.com\/wp-content\/uploads\/2024\/01\/Ugandan-LGBT-activist-in-critical-condition-after-stabbing.jpg?fit=1200%2C686&ssl=1&resize=1050%2C600 3x"},"classes":[]},{"id":7553,"url":"https:\/\/queervibesmag.com\/es\/is-will-from-stranger-things-gay-analysis-and-cultural-impact\/","url_meta":{"origin":733,"position":5},"title":"Is Will from Stranger Things Gay? Analysis and Cultural Impact","author":"QueerVibesMag","date":"enero 15, 2026","format":false,"excerpt":"Is Will Byers Gay in Stranger Things? Since the earliest seasons of Stranger Things, fans have speculated about one key question: Is Will Byers gay? With LGBTQ+ themes becoming increasingly prominent in mainstream TV shows, this isn\u2019t just idle curiosity. It\u2019s a deeper reflection on how Netflix portrays queer adolescence,\u2026","rel":"","context":"En \u00abLGBTQ INFOS NEWS\u00bb","block_context":{"text":"LGBTQ INFOS NEWS","link":"https:\/\/queervibesmag.com\/es\/category\/lgbtq-infos-news\/"},"img":{"alt_text":"Is Will from Stranger Things Gay? Analysis and Cultural Impact","src":"https:\/\/i0.wp.com\/queervibesmag.com\/wp-content\/uploads\/2026\/01\/69691f7e54a94.png?fit=1024%2C1024&ssl=1&resize=350%2C200","width":350,"height":200,"srcset":"https:\/\/i0.wp.com\/queervibesmag.com\/wp-content\/uploads\/2026\/01\/69691f7e54a94.png?fit=1024%2C1024&ssl=1&resize=350%2C200 1x, https:\/\/i0.wp.com\/queervibesmag.com\/wp-content\/uploads\/2026\/01\/69691f7e54a94.png?fit=1024%2C1024&ssl=1&resize=525%2C300 1.5x, https:\/\/i0.wp.com\/queervibesmag.com\/wp-content\/uploads\/2026\/01\/69691f7e54a94.png?fit=1024%2C1024&ssl=1&resize=700%2C400 2x"},"classes":[]}],"_links":{"self":[{"href":"https:\/\/queervibesmag.com\/es\/wp-json\/wp\/v2\/posts\/733","targetHints":{"allow":["GET"]}}],"collection":[{"href":"https:\/\/queervibesmag.com\/es\/wp-json\/wp\/v2\/posts"}],"about":[{"href":"https:\/\/queervibesmag.com\/es\/wp-json\/wp\/v2\/types\/post"}],"author":[{"embeddable":true,"href":"https:\/\/queervibesmag.com\/es\/wp-json\/wp\/v2\/users\/1"}],"replies":[{"embeddable":true,"href":"https:\/\/queervibesmag.com\/es\/wp-json\/wp\/v2\/comments?post=733"}],"version-history":[{"count":1,"href":"https:\/\/queervibesmag.com\/es\/wp-json\/wp\/v2\/posts\/733\/revisions"}],"predecessor-version":[{"id":740,"href":"https:\/\/queervibesmag.com\/es\/wp-json\/wp\/v2\/posts\/733\/revisions\/740"}],"wp:featuredmedia":[{"embeddable":true,"href":"https:\/\/queervibesmag.com\/es\/wp-json\/wp\/v2\/media\/734"}],"wp:attachment":[{"href":"https:\/\/queervibesmag.com\/es\/wp-json\/wp\/v2\/media?parent=733"}],"wp:term":[{"taxonomy":"category","embeddable":true,"href":"https:\/\/queervibesmag.com\/es\/wp-json\/wp\/v2\/categories?post=733"},{"taxonomy":"post_tag","embeddable":true,"href":"https:\/\/queervibesmag.com\/es\/wp-json\/wp\/v2\/tags?post=733"}],"curies":[{"name":"wp","href":"https:\/\/api.w.org\/{rel}","templated":true}]}}