{"id":8454,"date":"2026-04-30T16:10:19","date_gmt":"2026-04-30T16:10:19","guid":{"rendered":"https:\/\/queervibesmag.com\/biarritz-pride-2026-celebrating-diversity-solidarity\/"},"modified":"2026-04-30T16:10:19","modified_gmt":"2026-04-30T16:10:19","slug":"biarritz-pride-2026-celebrating-diversity-solidarity","status":"publish","type":"post","link":"https:\/\/queervibesmag.com\/es\/biarritz-pride-2026-celebrating-diversity-solidarity\/","title":{"rendered":"Biarritz Pride 2026: Celebrating Diversity &#038; Solidarity"},"content":{"rendered":"<p>&#8220;`html<\/p>\n<div style=\"border:1px solid #eaeaea; padding:20px; border-radius:12px; background:#fafafa; margin-bottom:25px;\">\n<h2 style=\"margin-top:0;\">\ud83d\udccd Biarritz Pride 2026 \u2013 Key Information<\/h2>\n<p>\n    <strong>Biarritz Pride 2026<\/strong> emerges as a premier LGBT+ event in Southern Aquitaine, blending Basque culture, activism, and community spirit. Supported by a network of dedicated associations, it champions diversity, inclusion, and respect for all identities.\n  <\/p>\n<p style=\"margin-bottom:10px;\">\n    \ud83d\udd17 Official Information:\n  <\/p>\n<ul style=\"padding-left:18px; margin-top:0;\">\n<li>\n      \ud83c\udf10 Official Website:<br \/>\n      <a href=\"https:\/\/biarritzpride.fr\" target=\"_blank\" rel=\"nofollow noopener\"><br \/>\n        biarritzpride.fr<br \/>\n      <\/a>\n    <\/li>\n<li>\n      \ud83d\udcf8 Instagram:<br \/>\n      <a href=\"https:\/\/www.instagram.com\/biarritzpride\/\" target=\"_blank\" rel=\"nofollow noopener\"><br \/>\n        @biarritzpride<br \/>\n      <\/a>\n    <\/li>\n<li>\n      \ud83d\udcd8 Facebook:<br \/>\n      <a href=\"https:\/\/www.facebook.com\/BiarritzPride\" target=\"_blank\" rel=\"nofollow noopener\"><br \/>\n        Biarritz Pride<br \/>\n      <\/a>\n    <\/li>\n<li>\n      \ud83c\udff3\ufe0f\u200d\ud83c\udf08 Les Bascos Association:<br \/>\n      <a href=\"https:\/\/www.lesbascos.com\" target=\"_blank\" rel=\"nofollow noopener\"><br \/>\n        lesbascos.com<br \/>\n      <\/a>\n    <\/li>\n<\/ul>\n<div style=\"margin-top:15px;\">\n    <iframe \n      src=\"https:\/\/www.google.com\/maps?q=Espace%20Txalaparta%20Biarritz&#038;output=embed\" \n      width=\"100%\" \n      height=\"220\" \n      style=\"border:0; border-radius:8px;\" \n      allowfullscreen=\"\" \n      loading=\"lazy\"><br \/>\n    <\/iframe>\n  <\/div>\n<p style=\"font-size:14px; color:#666; margin-top:10px;\">\n    \ud83d\udccd Central Venue: Espace Txalaparta, Biarritz \u2013 cultural and associative heart of the Pride\n  <\/p>\n<\/div>\n<ul class=\"wp-block-list\">\n<li><strong>Biarritz Pride 2026<\/strong> stands out as a leading LGBT+ event in Southern Aquitaine.<\/li>\n<li>Highlights of the historic work by associations such as <strong>Les Bascos<\/strong>, <strong>Arcolan<\/strong>, and <strong>Nos Couleurs<\/strong>.<\/li>\n<li>A rich program: hiking, sports activities, parties, cultural projects, and a <strong>pride march<\/strong>.<\/li>\n<li>Focus on inclusion, diversity, accessibility, and respect for identities.<\/li>\n<li>Expanded association partnerships at regional, national, and cross-border levels.<\/li>\n<li>Central venue: Espace <strong>Txalaparta<\/strong>, a cultural hub and resource for all ages.<\/li>\n<li>Committed volunteers: support, animation, and escort during the event and throughout the year.<\/li>\n<li>Pride: community spirit and activism at the heart of Basque culture.<\/li>\n<\/ul>\n<p>Over the years, Southern Aquitaine has become home to an unmissable rendezvous: <strong>Biarritz Pride 2026<\/strong>. Nestled between ocean and mountains, this event weaves together LGBT+ visibility, civic engagement, and associative vitality. In a local landscape that merges tradition and openness, Pride breathes new life by rooting itself in history, solidarity, and the fight for equality.<\/p>\n<p>Driven by the vitality of associations like <strong>Les Bascos<\/strong>, <strong>Arcolan<\/strong>, and <strong>Nos Couleurs<\/strong>, Biarritz Pride engages sport, culture, and activism, while welcoming everyone: young people, seniors, individuals with disabilities, locals, or visitors. The festivities extend beyond the march, into the scenic Basque Country, at the heart of the Txalaparta associative space, with a bustling calendar of activities, workshops, and meetings.<\/p>\n<h2 class=\"wp-block-heading\">Biarritz Pride 2026: A Hallmark of LGBT+ Mobilization in Southern Aquitaine<\/h2>\n<h3 class=\"wp-block-heading\">The Historical Commitment of Les Bascos, Arcolan, and Nos Couleurs Associations<\/h3>\n<p>For more than two decades, <strong>Les Bascos<\/strong> and its branches (notably <strong>Arcolan<\/strong> and <strong>Nos Couleurs<\/strong>) have kept the fight against discrimination alive. Emerging to make LGBT+ realities visible in the Basque Country, these associations have built a network of solidarity, multiplying encounters and initiatives. Their approach, focused on mutual aid and valuing identities, gives the Pride a robust foundation, blending militant memory with social innovation.<\/p>\n<p>Volunteers like Ana, who has dedicated 15 years, showcase progress: &#8220;I\u2019ve seen Pride grow, and each year, more families from the region proudly join us.&#8221; Les Bascos\u2019 legacy also aligns with feminist, disability, HIV, and anti-racist struggles, making this Pride an engaged, inclusive, and welcoming celebration.<\/p>\n<h3 class=\"wp-block-heading\">A Citizen-Led and Inclusive Mobilization Against LGBT-Phobias and Discrimination<\/h3>\n<p>At the heart of Biarritz Pride, the mobilization goes beyond condemning <strong>LGBT-Phobias<\/strong>. It pushes for collective transformation: intergenerational dialogues, educational workshops, school projects, and association forums. Stories from young people, like Jules, 17, often emphasize the kindness encountered: &#8220;Here, I learned to be myself without fear, the group watches over and supports us.&#8221;<\/p>\n<p>The fight also extends to social networks and institutional partners, creating a positive synergy to sustain a culture of inclusion in Southern Aquitaine.<\/p>\n<h3 class=\"wp-block-heading\">Regional and Cross-Border Partnerships for Equality and Human Rights<\/h3>\n<p>The scope of Biarritz Pride wouldn\u2019t be achievable without support from other equality champions: feminist collectives, HIV awareness groups, human rights defenders, neighboring Spanish organizations, among others. These collaborations reinforce the event\u2019s roots and ensure an exchange of ideas and best practices across the Pyrenean region, embedding the event in a unique cross-border and inter-association dynamic.<\/p>\n<p>This collaborative work is evident in the associated event calendar throughout the year and during the <a target=\"_blank\" href=\"https:\/\/boutique-lgbtqia.fr\/valence-pride-marche-des-fiertes-2026\/\" rel=\"noreferrer noopener\">Valence pride march<\/a>, showcasing the interconnectedness of initiatives across both regions.<\/p>\n<h2 class=\"wp-block-heading\">Sporty and Festive Activities at Biarritz Pride 2026: Merging Enjoyment with Engagement<\/h2>\n<h3 class=\"wp-block-heading\">Hikes, Sports Events, and Sociable Evenings at the Heart of the Basque Country<\/h3>\n<p>One of the highlights of Pride lies in its sporting dimension: hikes atop scenic views, inclusive rugby tournaments, community yoga sessions\u2014all opportunities to bond beyond activism alone. Each evening, the festive agenda continues with concerts, balls, and congenial after-parties, bringing all generations together in a spirit of celebration and sharing.<\/p>\n<p>To illustrate the strength of the mobilization, here are some key activities offered:<\/p>\n<ul class=\"wp-block-list\">\n<li>Rainbow Discovery Walk through the Basque trails<\/li>\n<li>Inclusive Solidarity Rugby Tournament<\/li>\n<li>Participatory Debates around Regional LGBT+ Issues<\/li>\n<li>Revised Traditional Drag and Ball Evenings<\/li>\n<\/ul>\n<h3 class=\"wp-block-heading\">The Txalaparta Space: A Cultural and Associative Hub for All Audiences<\/h3>\n<p>A hallmark venue of the Pride, the <strong>Txalaparta<\/strong> space hosts workshops, exhibitions, and thematic forums throughout the week. A true idea lab, it allows everyone to express themselves through writing workshops, screenings, and support groups.<\/p>\n<figure class=\"wp-block-table\">\n<table class=\"has-fixed-layout\">\n<tbody>\n<tr>\n<th>Workshop<\/th>\n<th>Audience<\/th>\n<th>Place<\/th>\n<\/tr>\n<tr>\n<td>Creative LGBT+ Writing<\/td>\n<td>Teens and Young Adults<\/td>\n<td>Txalaparta<\/td>\n<\/tr>\n<tr>\n<td>Conference on the History of Prides<\/td>\n<td>All Audiences<\/td>\n<td>Main Hall, Txalaparta<\/td>\n<\/tr>\n<tr>\n<td>Drag &#038; Gender Expression Workshop<\/td>\n<td>All Generations<\/td>\n<td>Cultural Studio, Txalaparta<\/td>\n<\/tr>\n<\/tbody>\n<\/table>\n<\/figure>\n<h4 class=\"wp-block-heading\">Artistic Projects and Innovative Thematic Evenings<\/h4>\n<p>The nights of Pride come alive with interactive exhibitions, drag performances, and themed evenings, like the highly anticipated Txalaparta Night. These animations bring together artists, performers, and musicians, offering open spaces for artistic expression.<\/p>\n<h4 class=\"wp-block-heading\">Welcome for Young People and Resources for Newcomers<\/h4>\n<p>As<\/p>","protected":false},"excerpt":{"rendered":"<p>&#8220;`html \ud83d\udccd Biarritz Pride 2026 \u2013 Key Information Biarritz Pride 2026 emerges as a premier LGBT+ event in Southern Aquitaine, blending Basque culture, activism, and community spirit. Supported by a network of dedicated associations, it champions diversity, inclusion, and respect for all identities. \ud83d\udd17 Official Information: \ud83c\udf10 Official Website: biarritzpride.fr \ud83d\udcf8 Instagram: @biarritzpride \ud83d\udcd8 Facebook:&#8230;<\/p>","protected":false},"author":1,"featured_media":0,"comment_status":"open","ping_status":"open","sticky":false,"template":"","format":"standard","meta":{"_jetpack_memberships_contains_paid_content":false,"footnotes":""},"categories":[8],"tags":[],"class_list":["post-8454","post","type-post","status-publish","format-standard","hentry","category-lgbtq-infos-news"],"yoast_head":"<!-- This site is optimized with the Yoast SEO plugin v27.5 - https:\/\/yoast.com\/product\/yoast-seo-wordpress\/ -->\n<title>Biarritz Pride 2026: Celebrating Diversity &amp; Solidarity - Queer Vibes Mag<\/title>\n<meta name=\"robots\" content=\"index, follow, max-snippet:-1, max-image-preview:large, max-video-preview:-1\" \/>\n<link rel=\"canonical\" href=\"https:\/\/queervibesmag.com\/es\/biarritz-pride-2026-celebrating-diversity-solidarity\/\" \/>\n<meta property=\"og:locale\" content=\"es_ES\" \/>\n<meta property=\"og:type\" content=\"article\" \/>\n<meta property=\"og:title\" content=\"Biarritz Pride 2026: Celebrating Diversity &amp; Solidarity - Queer Vibes Mag\" \/>\n<meta property=\"og:description\" content=\"&#8220;`html \ud83d\udccd Biarritz Pride 2026 \u2013 Key Information Biarritz Pride 2026 emerges as a premier LGBT+ event in Southern Aquitaine, blending Basque culture, activism, and community spirit. Supported by a network of dedicated associations, it champions diversity, inclusion, and respect for all identities. \ud83d\udd17 Official Information: \ud83c\udf10 Official Website: biarritzpride.fr \ud83d\udcf8 Instagram: @biarritzpride \ud83d\udcd8 Facebook:...\" \/>\n<meta property=\"og:url\" content=\"https:\/\/queervibesmag.com\/es\/biarritz-pride-2026-celebrating-diversity-solidarity\/\" \/>\n<meta property=\"og:site_name\" content=\"Queer Vibes Mag\" \/>\n<meta property=\"article:published_time\" content=\"2026-04-30T16:10:19+00:00\" \/>\n<meta name=\"author\" content=\"QueerVibesMag\" \/>\n<meta name=\"twitter:card\" content=\"summary_large_image\" \/>\n<meta name=\"twitter:creator\" content=\"@queervibesmag\" \/>\n<meta name=\"twitter:site\" content=\"@queervibesmag\" \/>\n<meta name=\"twitter:label1\" content=\"Escrito por\" \/>\n\t<meta name=\"twitter:data1\" content=\"QueerVibesMag\" \/>\n\t<meta name=\"twitter:label2\" content=\"Tiempo de lectura\" \/>\n\t<meta name=\"twitter:data2\" content=\"4 minutos\" \/>\n<script type=\"application\/ld+json\" class=\"yoast-schema-graph\">{\"@context\":\"https:\\\/\\\/schema.org\",\"@graph\":[{\"@type\":\"Article\",\"@id\":\"https:\\\/\\\/queervibesmag.com\\\/biarritz-pride-2026-celebrating-diversity-solidarity\\\/#article\",\"isPartOf\":{\"@id\":\"https:\\\/\\\/queervibesmag.com\\\/biarritz-pride-2026-celebrating-diversity-solidarity\\\/\"},\"author\":{\"name\":\"QueerVibesMag\",\"@id\":\"https:\\\/\\\/queervibesmag.com\\\/#\\\/schema\\\/person\\\/9d2589cb12fe07ed1ef0d3c3f9228d52\"},\"headline\":\"Biarritz Pride 2026: Celebrating Diversity &#038; Solidarity\",\"datePublished\":\"2026-04-30T16:10:19+00:00\",\"mainEntityOfPage\":{\"@id\":\"https:\\\/\\\/queervibesmag.com\\\/biarritz-pride-2026-celebrating-diversity-solidarity\\\/\"},\"wordCount\":827,\"commentCount\":0,\"publisher\":{\"@id\":\"https:\\\/\\\/queervibesmag.com\\\/#organization\"},\"articleSection\":[\"LGBTQ INFOS NEWS\"],\"inLanguage\":\"es\",\"potentialAction\":[{\"@type\":\"CommentAction\",\"name\":\"Comment\",\"target\":[\"https:\\\/\\\/queervibesmag.com\\\/biarritz-pride-2026-celebrating-diversity-solidarity\\\/#respond\"]}]},{\"@type\":\"WebPage\",\"@id\":\"https:\\\/\\\/queervibesmag.com\\\/biarritz-pride-2026-celebrating-diversity-solidarity\\\/\",\"url\":\"https:\\\/\\\/queervibesmag.com\\\/biarritz-pride-2026-celebrating-diversity-solidarity\\\/\",\"name\":\"Biarritz Pride 2026: Celebrating Diversity & Solidarity - Queer Vibes Mag\",\"isPartOf\":{\"@id\":\"https:\\\/\\\/queervibesmag.com\\\/#website\"},\"datePublished\":\"2026-04-30T16:10:19+00:00\",\"breadcrumb\":{\"@id\":\"https:\\\/\\\/queervibesmag.com\\\/biarritz-pride-2026-celebrating-diversity-solidarity\\\/#breadcrumb\"},\"inLanguage\":\"es\",\"potentialAction\":[{\"@type\":\"ReadAction\",\"target\":[\"https:\\\/\\\/queervibesmag.com\\\/biarritz-pride-2026-celebrating-diversity-solidarity\\\/\"]}]},{\"@type\":\"BreadcrumbList\",\"@id\":\"https:\\\/\\\/queervibesmag.com\\\/biarritz-pride-2026-celebrating-diversity-solidarity\\\/#breadcrumb\",\"itemListElement\":[{\"@type\":\"ListItem\",\"position\":1,\"name\":\"Home\",\"item\":\"https:\\\/\\\/queervibesmag.com\\\/\"},{\"@type\":\"ListItem\",\"position\":2,\"name\":\"Biarritz Pride 2026: Celebrating Diversity &#038; Solidarity\"}]},{\"@type\":\"WebSite\",\"@id\":\"https:\\\/\\\/queervibesmag.com\\\/#website\",\"url\":\"https:\\\/\\\/queervibesmag.com\\\/\",\"name\":\"Queer Vibes Mag\",\"description\":\"WORLD WIDE LGBTQ NEWS\",\"publisher\":{\"@id\":\"https:\\\/\\\/queervibesmag.com\\\/#organization\"},\"potentialAction\":[{\"@type\":\"SearchAction\",\"target\":{\"@type\":\"EntryPoint\",\"urlTemplate\":\"https:\\\/\\\/queervibesmag.com\\\/?s={search_term_string}\"},\"query-input\":{\"@type\":\"PropertyValueSpecification\",\"valueRequired\":true,\"valueName\":\"search_term_string\"}}],\"inLanguage\":\"es\"},{\"@type\":\"Organization\",\"@id\":\"https:\\\/\\\/queervibesmag.com\\\/#organization\",\"name\":\"Queer Vibes Mag | LGBT NEWS\",\"alternateName\":\"Queer Vibes Mag | LGBT NEWS\",\"url\":\"https:\\\/\\\/queervibesmag.com\\\/\",\"logo\":{\"@type\":\"ImageObject\",\"inLanguage\":\"es\",\"@id\":\"https:\\\/\\\/queervibesmag.com\\\/#\\\/schema\\\/logo\\\/image\\\/\",\"url\":\"https:\\\/\\\/i0.wp.com\\\/queervibesmag.com\\\/wp-content\\\/uploads\\\/2023\\\/09\\\/cropped-Black_and_White_Modern_Literary_Magazine_Logo__2__-_Copie-removebg-preview.png?fit=200%2C200&ssl=1\",\"contentUrl\":\"https:\\\/\\\/i0.wp.com\\\/queervibesmag.com\\\/wp-content\\\/uploads\\\/2023\\\/09\\\/cropped-Black_and_White_Modern_Literary_Magazine_Logo__2__-_Copie-removebg-preview.png?fit=200%2C200&ssl=1\",\"width\":200,\"height\":200,\"caption\":\"Queer Vibes Mag | LGBT NEWS\"},\"image\":{\"@id\":\"https:\\\/\\\/queervibesmag.com\\\/#\\\/schema\\\/logo\\\/image\\\/\"},\"sameAs\":[\"https:\\\/\\\/x.com\\\/queervibesmag\"]},{\"@type\":\"Person\",\"@id\":\"https:\\\/\\\/queervibesmag.com\\\/#\\\/schema\\\/person\\\/9d2589cb12fe07ed1ef0d3c3f9228d52\",\"name\":\"QueerVibesMag\",\"image\":{\"@type\":\"ImageObject\",\"inLanguage\":\"es\",\"@id\":\"https:\\\/\\\/secure.gravatar.com\\\/avatar\\\/0bbb5765594baaa323b58b57926b3d7976708f18854390fef40c88a59647f3b8?s=96&d=mm&r=g\",\"url\":\"https:\\\/\\\/secure.gravatar.com\\\/avatar\\\/0bbb5765594baaa323b58b57926b3d7976708f18854390fef40c88a59647f3b8?s=96&d=mm&r=g\",\"contentUrl\":\"https:\\\/\\\/secure.gravatar.com\\\/avatar\\\/0bbb5765594baaa323b58b57926b3d7976708f18854390fef40c88a59647f3b8?s=96&d=mm&r=g\",\"caption\":\"QueerVibesMag\"},\"sameAs\":[\"https:\\\/\\\/queervibesmag.com\"],\"url\":\"https:\\\/\\\/queervibesmag.com\\\/es\\\/author\\\/admin\\\/\"}]}<\/script>\n<!-- \/ Yoast SEO plugin. -->","yoast_head_json":{"title":"Biarritz Pride 2026: Celebrating Diversity & Solidarity - Queer Vibes Mag","robots":{"index":"index","follow":"follow","max-snippet":"max-snippet:-1","max-image-preview":"max-image-preview:large","max-video-preview":"max-video-preview:-1"},"canonical":"https:\/\/queervibesmag.com\/es\/biarritz-pride-2026-celebrating-diversity-solidarity\/","og_locale":"es_ES","og_type":"article","og_title":"Biarritz Pride 2026: Celebrating Diversity & Solidarity - Queer Vibes Mag","og_description":"&#8220;`html \ud83d\udccd Biarritz Pride 2026 \u2013 Key Information Biarritz Pride 2026 emerges as a premier LGBT+ event in Southern Aquitaine, blending Basque culture, activism, and community spirit. Supported by a network of dedicated associations, it champions diversity, inclusion, and respect for all identities. \ud83d\udd17 Official Information: \ud83c\udf10 Official Website: biarritzpride.fr \ud83d\udcf8 Instagram: @biarritzpride \ud83d\udcd8 Facebook:...","og_url":"https:\/\/queervibesmag.com\/es\/biarritz-pride-2026-celebrating-diversity-solidarity\/","og_site_name":"Queer Vibes Mag","article_published_time":"2026-04-30T16:10:19+00:00","author":"QueerVibesMag","twitter_card":"summary_large_image","twitter_creator":"@queervibesmag","twitter_site":"@queervibesmag","twitter_misc":{"Escrito por":"QueerVibesMag","Tiempo de lectura":"4 minutos"},"schema":{"@context":"https:\/\/schema.org","@graph":[{"@type":"Article","@id":"https:\/\/queervibesmag.com\/biarritz-pride-2026-celebrating-diversity-solidarity\/#article","isPartOf":{"@id":"https:\/\/queervibesmag.com\/biarritz-pride-2026-celebrating-diversity-solidarity\/"},"author":{"name":"QueerVibesMag","@id":"https:\/\/queervibesmag.com\/#\/schema\/person\/9d2589cb12fe07ed1ef0d3c3f9228d52"},"headline":"Biarritz Pride 2026: Celebrating Diversity &#038; Solidarity","datePublished":"2026-04-30T16:10:19+00:00","mainEntityOfPage":{"@id":"https:\/\/queervibesmag.com\/biarritz-pride-2026-celebrating-diversity-solidarity\/"},"wordCount":827,"commentCount":0,"publisher":{"@id":"https:\/\/queervibesmag.com\/#organization"},"articleSection":["LGBTQ INFOS NEWS"],"inLanguage":"es","potentialAction":[{"@type":"CommentAction","name":"Comment","target":["https:\/\/queervibesmag.com\/biarritz-pride-2026-celebrating-diversity-solidarity\/#respond"]}]},{"@type":"WebPage","@id":"https:\/\/queervibesmag.com\/biarritz-pride-2026-celebrating-diversity-solidarity\/","url":"https:\/\/queervibesmag.com\/biarritz-pride-2026-celebrating-diversity-solidarity\/","name":"Biarritz Pride 2026: Celebrating Diversity & Solidarity - Queer Vibes Mag","isPartOf":{"@id":"https:\/\/queervibesmag.com\/#website"},"datePublished":"2026-04-30T16:10:19+00:00","breadcrumb":{"@id":"https:\/\/queervibesmag.com\/biarritz-pride-2026-celebrating-diversity-solidarity\/#breadcrumb"},"inLanguage":"es","potentialAction":[{"@type":"ReadAction","target":["https:\/\/queervibesmag.com\/biarritz-pride-2026-celebrating-diversity-solidarity\/"]}]},{"@type":"BreadcrumbList","@id":"https:\/\/queervibesmag.com\/biarritz-pride-2026-celebrating-diversity-solidarity\/#breadcrumb","itemListElement":[{"@type":"ListItem","position":1,"name":"Home","item":"https:\/\/queervibesmag.com\/"},{"@type":"ListItem","position":2,"name":"Biarritz Pride 2026: Celebrating Diversity &#038; Solidarity"}]},{"@type":"WebSite","@id":"https:\/\/queervibesmag.com\/#website","url":"https:\/\/queervibesmag.com\/","name":"Queer Vibes Mag","description":"NOTICIAS LGBT EN EL MUNDO","publisher":{"@id":"https:\/\/queervibesmag.com\/#organization"},"potentialAction":[{"@type":"SearchAction","target":{"@type":"EntryPoint","urlTemplate":"https:\/\/queervibesmag.com\/?s={search_term_string}"},"query-input":{"@type":"PropertyValueSpecification","valueRequired":true,"valueName":"search_term_string"}}],"inLanguage":"es"},{"@type":"Organization","@id":"https:\/\/queervibesmag.com\/#organization","name":"Queer Vibes Mag | LGBT NEWS","alternateName":"Queer Vibes Mag | LGBT NEWS","url":"https:\/\/queervibesmag.com\/","logo":{"@type":"ImageObject","inLanguage":"es","@id":"https:\/\/queervibesmag.com\/#\/schema\/logo\/image\/","url":"https:\/\/i0.wp.com\/queervibesmag.com\/wp-content\/uploads\/2023\/09\/cropped-Black_and_White_Modern_Literary_Magazine_Logo__2__-_Copie-removebg-preview.png?fit=200%2C200&ssl=1","contentUrl":"https:\/\/i0.wp.com\/queervibesmag.com\/wp-content\/uploads\/2023\/09\/cropped-Black_and_White_Modern_Literary_Magazine_Logo__2__-_Copie-removebg-preview.png?fit=200%2C200&ssl=1","width":200,"height":200,"caption":"Queer Vibes Mag | LGBT NEWS"},"image":{"@id":"https:\/\/queervibesmag.com\/#\/schema\/logo\/image\/"},"sameAs":["https:\/\/x.com\/queervibesmag"]},{"@type":"Person","@id":"https:\/\/queervibesmag.com\/#\/schema\/person\/9d2589cb12fe07ed1ef0d3c3f9228d52","name":"QueerVibesMag","image":{"@type":"ImageObject","inLanguage":"es","@id":"https:\/\/secure.gravatar.com\/avatar\/0bbb5765594baaa323b58b57926b3d7976708f18854390fef40c88a59647f3b8?s=96&d=mm&r=g","url":"https:\/\/secure.gravatar.com\/avatar\/0bbb5765594baaa323b58b57926b3d7976708f18854390fef40c88a59647f3b8?s=96&d=mm&r=g","contentUrl":"https:\/\/secure.gravatar.com\/avatar\/0bbb5765594baaa323b58b57926b3d7976708f18854390fef40c88a59647f3b8?s=96&d=mm&r=g","caption":"QueerVibesMag"},"sameAs":["https:\/\/queervibesmag.com"],"url":"https:\/\/queervibesmag.com\/es\/author\/admin\/"}]}},"jetpack_featured_media_url":"","jetpack_sharing_enabled":true,"jetpack-related-posts":[{"id":8445,"url":"https:\/\/queervibesmag.com\/es\/2026-prides-calendar-southern-france-events\/","url_meta":{"origin":8454,"position":0},"title":"2026 Prides Calendar: Southern France Events","author":"QueerVibesMag","date":"abril 29, 2026","format":false,"excerpt":"The Pride events in the south of France encapsulate the vibrancy of a movement that is both festive and activist. In 2026, these parades are being reinvented in cities like Marseille, Montpellier, and Toulon, as well as in emerging locales, celebrating the diversity of LGBTQ+ stories, journeys, and identities. Beneath\u2026","rel":"","context":"En \u00abLGBTQ INFOS NEWS\u00bb","block_context":{"text":"LGBTQ INFOS NEWS","link":"https:\/\/queervibesmag.com\/es\/category\/lgbtq-infos-news\/"},"img":{"alt_text":"","src":"","width":0,"height":0},"classes":[]},{"id":8418,"url":"https:\/\/queervibesmag.com\/es\/normandy-prides-2026-full-schedule-dates-updates\/","url_meta":{"origin":8454,"position":1},"title":"Normandy Prides 2026: Full Schedule, Dates &#038; Updates","author":"QueerVibesMag","date":"abril 25, 2026","format":false,"excerpt":"```html Pride Marches in Normandy for 2026: An Overview Following a remarkable year in 2025 featuring eight key events and over 10,400 participants throughout the region, the 2026 Pride Marches in Normandy are beginning to take shape. With expected confirmations, fresh local initiatives, and significant absences, the schedule looks promising\u2026","rel":"","context":"En \u00abLGBTQ INFOS NEWS\u00bb","block_context":{"text":"LGBTQ INFOS NEWS","link":"https:\/\/queervibesmag.com\/es\/category\/lgbtq-infos-news\/"},"img":{"alt_text":"","src":"","width":0,"height":0},"classes":[]},{"id":8325,"url":"https:\/\/queervibesmag.com\/es\/2026-international-pride-awards-honor-lgbtiq-advocates\/","url_meta":{"origin":8454,"position":2},"title":"2026 International Pride Awards Honor LGBTIQ+ Advocates","author":"QueerVibesMag","date":"abril 14, 2026","format":false,"excerpt":"Global Recognition for Change-Makers Honoring Pioneers of Change Worldwide From all corners of the globe, dedicated individuals are tirelessly working, often in challenging situations, to ensure everyone can live freely and authentically. The United Nations Development Programme (UNDP) and ILGA World proudly announce the second edition of the International Pride\u2026","rel":"","context":"En \u00abLGBTQ INFOS NEWS\u00bb","block_context":{"text":"LGBTQ INFOS NEWS","link":"https:\/\/queervibesmag.com\/es\/category\/lgbtq-infos-news\/"},"img":{"alt_text":"","src":"","width":0,"height":0},"classes":[]},{"id":2055,"url":"https:\/\/queervibesmag.com\/es\/pride-house-paris-2024\/","url_meta":{"origin":8454,"position":3},"title":"Casa del Orgullo Par\u00eds 2024 : Vanguardia de la inclusi\u00f3n en el pante\u00f3n ol\u00edmpico","author":"QueerVibesMag","date":"abril 7, 2024","format":false,"excerpt":"Pride House Paris 2024 : A Vanguard for Inclusivity in the Olympic Pantheon In the panorama of the Paris 2024 Olympic Games, a beacon of progressivism shines through the conception of the \"Pride House\" for the LGBT community. Far beyond mere athletic endeavors, these Games herald a robust platform for\u2026","rel":"","context":"En \u00abGOOD NEWS\u00bb","block_context":{"text":"GOOD NEWS","link":"https:\/\/queervibesmag.com\/es\/category\/good-news\/"},"img":{"alt_text":"Pride House Paris 2024","src":"https:\/\/i0.wp.com\/queervibesmag.com\/wp-content\/uploads\/2024\/04\/Pride-House-Paris-2024.jpg?fit=1150%2C602&ssl=1&resize=350%2C200","width":350,"height":200,"srcset":"https:\/\/i0.wp.com\/queervibesmag.com\/wp-content\/uploads\/2024\/04\/Pride-House-Paris-2024.jpg?fit=1150%2C602&ssl=1&resize=350%2C200 1x, https:\/\/i0.wp.com\/queervibesmag.com\/wp-content\/uploads\/2024\/04\/Pride-House-Paris-2024.jpg?fit=1150%2C602&ssl=1&resize=525%2C300 1.5x, https:\/\/i0.wp.com\/queervibesmag.com\/wp-content\/uploads\/2024\/04\/Pride-House-Paris-2024.jpg?fit=1150%2C602&ssl=1&resize=700%2C400 2x, https:\/\/i0.wp.com\/queervibesmag.com\/wp-content\/uploads\/2024\/04\/Pride-House-Paris-2024.jpg?fit=1150%2C602&ssl=1&resize=1050%2C600 3x"},"classes":[]},{"id":8191,"url":"https:\/\/queervibesmag.com\/es\/lille-2026-pride-run-a-sport-event-supporting-solidarity\/","url_meta":{"origin":8454,"position":4},"title":"Lille 2026 Pride Run: A Sport Event Supporting Solidarity","author":"QueerVibesMag","date":"marzo 31, 2026","format":false,"excerpt":"```html Lille Pride Run 2026: A Celebration of Inclusivity and Sport Lille Pride Run 2026 is returning on June 7th in Lille, offering an event that embraces sporting spirit, solidarity, and inclusivity at the heart of the Citadel of Lille. Unlike the downtown Pride Parade, this running event is open\u2026","rel":"","context":"En \u00abLGBTQ INFOS NEWS\u00bb","block_context":{"text":"LGBTQ INFOS NEWS","link":"https:\/\/queervibesmag.com\/es\/category\/lgbtq-infos-news\/"},"img":{"alt_text":"","src":"","width":0,"height":0},"classes":[]},{"id":6200,"url":"https:\/\/queervibesmag.com\/es\/alternative-prides-a-return-to-activist-roots\/","url_meta":{"origin":8454,"position":5},"title":"Alternative Prides: A Return to Activist Roots","author":"QueerVibesMag","date":"agosto 28, 2025","format":false,"excerpt":"Alternative Prides What Is an Alternative Pride? Alternative Prides refer to LGBTQ+ marches or events organized independently from official Pride parades, often emphasizing a more activist and critical approach. These movements have emerged in response to the increasing depoliticization of traditional Pride celebrations, which are sometimes seen as overly commercialized,\u2026","rel":"","context":"En \u00abLGBTQ INFOS NEWS\u00bb","block_context":{"text":"LGBTQ INFOS NEWS","link":"https:\/\/queervibesmag.com\/es\/category\/lgbtq-infos-news\/"},"img":{"alt_text":"Alternative Prides: A Return to Activist Roots","src":"https:\/\/i0.wp.com\/queervibesmag.com\/wp-content\/uploads\/2025\/08\/68b07f55ee6e6.png?fit=1024%2C1024&ssl=1&resize=350%2C200","width":350,"height":200,"srcset":"https:\/\/i0.wp.com\/queervibesmag.com\/wp-content\/uploads\/2025\/08\/68b07f55ee6e6.png?fit=1024%2C1024&ssl=1&resize=350%2C200 1x, https:\/\/i0.wp.com\/queervibesmag.com\/wp-content\/uploads\/2025\/08\/68b07f55ee6e6.png?fit=1024%2C1024&ssl=1&resize=525%2C300 1.5x, https:\/\/i0.wp.com\/queervibesmag.com\/wp-content\/uploads\/2025\/08\/68b07f55ee6e6.png?fit=1024%2C1024&ssl=1&resize=700%2C400 2x"},"classes":[]}],"_links":{"self":[{"href":"https:\/\/queervibesmag.com\/es\/wp-json\/wp\/v2\/posts\/8454","targetHints":{"allow":["GET"]}}],"collection":[{"href":"https:\/\/queervibesmag.com\/es\/wp-json\/wp\/v2\/posts"}],"about":[{"href":"https:\/\/queervibesmag.com\/es\/wp-json\/wp\/v2\/types\/post"}],"author":[{"embeddable":true,"href":"https:\/\/queervibesmag.com\/es\/wp-json\/wp\/v2\/users\/1"}],"replies":[{"embeddable":true,"href":"https:\/\/queervibesmag.com\/es\/wp-json\/wp\/v2\/comments?post=8454"}],"version-history":[{"count":0,"href":"https:\/\/queervibesmag.com\/es\/wp-json\/wp\/v2\/posts\/8454\/revisions"}],"wp:attachment":[{"href":"https:\/\/queervibesmag.com\/es\/wp-json\/wp\/v2\/media?parent=8454"}],"wp:term":[{"taxonomy":"category","embeddable":true,"href":"https:\/\/queervibesmag.com\/es\/wp-json\/wp\/v2\/categories?post=8454"},{"taxonomy":"post_tag","embeddable":true,"href":"https:\/\/queervibesmag.com\/es\/wp-json\/wp\/v2\/tags?post=8454"}],"curies":[{"name":"wp","href":"https:\/\/api.w.org\/{rel}","templated":true}]}}