{"id":960,"date":"2023-12-25T12:16:37","date_gmt":"2023-12-25T12:16:37","guid":{"rendered":"https:\/\/queervibesmag.com\/?p=960"},"modified":"2024-02-13T14:56:07","modified_gmt":"2024-02-13T14:56:07","slug":"madrid-partially-revokes-trans-and-lgbtq-rights-laws","status":"publish","type":"post","link":"https:\/\/queervibesmag.com\/es\/madrid-partially-revokes-trans-and-lgbtq-rights-laws\/","title":{"rendered":"Madrid deroga parcialmente las leyes sobre derechos trans y LGBTQ"},"content":{"rendered":"<p><strong><em>Madrid deroga parcialmente las leyes sobre derechos trans y LGBTQ<\/em><\/strong><\/p>\n\n\n\n<h3 class=\"wp-block-heading\">Madrid deroga parcialmente las leyes sobre derechos trans y LGBTQ<br><\/h3>\n\n\n\n<p>En un movimiento sin precedentes, el panorama pol\u00edtico de Madrid ha cambiado, instigando un retroceso en los derechos establecidos para las personas transg\u00e9nero y LGBTQ. El partido gobernante en la ciudad, el conservador Partido Popular (PP), ha aprobado una pol\u00e9mica propuesta que supone el desmantelamiento de protecciones clave para la comunidad transexual.<\/p>\n\n\n\n<h3 class=\"wp-block-heading\">Negaci\u00f3n de las normas contra la discriminaci\u00f3n<\/h3>\n\n\n\n<p>Este dr\u00e1stico cambio de pol\u00edtica anula normas anteriores que penalizaban la discriminaci\u00f3n en el lugar de trabajo por motivos de orientaci\u00f3n sexual o identidad de g\u00e9nero. Adem\u00e1s, despenaliza pol\u00e9micamente las agresiones no lesivas motivadas por estos mismos factores.<\/p>\n\n\n\n<h3 class=\"wp-block-heading\">Modificaci\u00f3n de las leyes sobre derechos de 2016<\/h3>\n\n\n\n<p>La legislaci\u00f3n modifica dos leyes fundamentales -una ley regional de derechos de las personas trans y una ley de derechos de las personas LGBTQ-, ambas promulgadas en 2016, lo que convierte a Madrid en la primera regi\u00f3n espa\u00f1ola que retira estas medidas progresistas. Este retroceso ha provocado una feroz reacci\u00f3n de los partidos de la oposici\u00f3n y de los grupos de defensa de los derechos LGBTQ.<\/p>\n\n\n\n<h3 class=\"wp-block-heading\">Protesta simb\u00f3lica de Carla Antonelli<\/h3>\n\n\n\n<p>En una potente muestra de protesta, Carla Antonelli, miembro trans del partido de izquierdas Mas Madrid, se adorn\u00f3 con guantes rojos en la asamblea, simbolizando las manos manchadas de sangre, durante el encendido debate que precedi\u00f3 a la aprobaci\u00f3n de la ley.<\/p>\n\n\n\n<h3 class=\"wp-block-heading\">Denuncia del proyecto de ley por Antonelli<\/h3>\n\n\n\n<p>Antonelli denunci\u00f3 con vehemencia el proyecto de ley como una injusticia grotesca, evocando el oscuro legado del m\u00e9dico de las SS nazis Josef Mengele. Acus\u00f3 a los proponentes de la ley de derramamiento de sangre metaf\u00f3rico, declarando que sus acciones se asemejaban al terrorismo contra la comunidad trans y prometi\u00f3 recordar implacablemente sus actos.<\/p>\n\n\n\n<h3 class=\"wp-block-heading\">El PP justifica la reforma<\/h3>\n\n\n\n<p>In response, PP&#8217;s Monica Levin justified the reform as a stand against societal manipulation, framing it as an attempt to safeguard personal privacy and halt divisive social engineering.<\/p>\n\n\n\n<h3 class=\"wp-block-heading\">Alteraci\u00f3n del lenguaje y protestas simb\u00f3licas<\/h3>\n\n\n\n<p>La reforma tambi\u00e9n altera el lenguaje, sustituyendo los t\u00e9rminos \"personas trans\" e \"identidad de g\u00e9nero\" por \"transexuales\" y \"transexualidad\", una medida que los activistas critican por despectiva. En un gesto simb\u00f3lico, legisladores y activistas del partido mostraron banderas del Orgullo Trans y guantes rojos, expresando su disconformidad antes de ser expulsados de la tribuna.<\/p>\n\n\n\n<h3 class=\"wp-block-heading\">Nuevas estipulaciones para menores trans<\/h3>\n\n\n\n<p>Adem\u00e1s, la reforma estipula que los menores trans de la regi\u00f3n s\u00f3lo podr\u00e1n iniciar terapias de sustituci\u00f3n hormonal tras ser evaluados por profesionales m\u00e9dicos.<\/p>\n\n\n\n<h3 class=\"wp-block-heading\">Contraste con la legislaci\u00f3n nacional espa\u00f1ola<\/h3>\n\n\n\n<p>Esta evoluci\u00f3n contrasta fuertemente con la legislaci\u00f3n nacional espa\u00f1ola aprobada en diciembre de 2022, que permite a las personas transexuales mayores de 14 a\u00f1os cambiar legalmente de g\u00e9nero sin evaluaciones m\u00e9dicas obligatorias, aunque con el consentimiento paterno necesario para los que tienen entre 14 y 16 a\u00f1os.<\/p>\n\n\n\n<h3 class=\"wp-block-heading\">Madrid se desv\u00eda de la norma espa\u00f1ola<\/h3>\n\n\n\n<p>La decisi\u00f3n de Madrid supone una clara desviaci\u00f3n de la norma en Espa\u00f1a, donde 14 de las 17 comunidades aut\u00f3nomas cuentan con legislaciones que salvaguardan los derechos de las personas trans y LGBTQ.<\/p>","protected":false},"excerpt":{"rendered":"<p>Madrid partially revokes trans and LGBTQ rights laws Madrid partially revokes trans and LGBTQ rights laws In an unprecedented move, Madrid&#8217;s political landscape has shifted, instigating a rollback on established rights for transgender and LGBTQ individuals. The city&#8217;s ruling party, the conservative People&#8217;s Party (PP), has passed a contentious proposal, effectively dismantling key protections for&#8230;<\/p>","protected":false},"author":1,"featured_media":961,"comment_status":"open","ping_status":"open","sticky":false,"template":"","format":"standard","meta":{"_jetpack_memberships_contains_paid_content":false,"footnotes":""},"categories":[88,9,8,10],"tags":[],"class_list":["post-960","post","type-post","status-publish","format-standard","has-post-thumbnail","hentry","category-lgbt-news-spain","category-lgbt-political-news","category-lgbtq-infos-news","category-world-news-lgbtq"],"yoast_head":"<!-- This site is optimized with the Yoast SEO plugin v27.4 - https:\/\/yoast.com\/product\/yoast-seo-wordpress\/ -->\n<title>Madrid partially revokes trans and LGBTQ rights laws<\/title>\n<meta name=\"description\" content=\"Madrid&#039;s recent political decision marks a significant shift as it partially revokes laws protecting trans and LGBTQ rights.\" \/>\n<meta name=\"robots\" content=\"index, follow, max-snippet:-1, max-image-preview:large, max-video-preview:-1\" \/>\n<link rel=\"canonical\" href=\"https:\/\/queervibesmag.com\/es\/madrid-partially-revokes-trans-and-lgbtq-rights-laws\/\" \/>\n<meta property=\"og:locale\" content=\"es_ES\" \/>\n<meta property=\"og:type\" content=\"article\" \/>\n<meta property=\"og:title\" content=\"Madrid partially revokes trans and LGBTQ rights laws\" \/>\n<meta property=\"og:description\" content=\"Madrid&#039;s recent political decision marks a significant shift as it partially revokes laws protecting trans and LGBTQ rights.\" \/>\n<meta property=\"og:url\" content=\"https:\/\/queervibesmag.com\/es\/madrid-partially-revokes-trans-and-lgbtq-rights-laws\/\" \/>\n<meta property=\"og:site_name\" content=\"Queer Vibes Mag\" \/>\n<meta property=\"article:published_time\" content=\"2023-12-25T12:16:37+00:00\" \/>\n<meta property=\"article:modified_time\" content=\"2024-02-13T14:56:07+00:00\" \/>\n<meta property=\"og:image\" content=\"https:\/\/queervibesmag.com\/wp-content\/uploads\/2023\/12\/Madrid-partially-revokes-trans-and-LGBTQ-rights-laws.jpg\" \/>\n\t<meta property=\"og:image:width\" content=\"761\" \/>\n\t<meta property=\"og:image:height\" content=\"521\" \/>\n\t<meta property=\"og:image:type\" content=\"image\/jpeg\" \/>\n<meta name=\"author\" content=\"QueerVibesMag\" \/>\n<meta name=\"twitter:card\" content=\"summary_large_image\" \/>\n<meta name=\"twitter:creator\" content=\"@queervibesmag\" \/>\n<meta name=\"twitter:site\" content=\"@queervibesmag\" \/>\n<meta name=\"twitter:label1\" content=\"Escrito por\" \/>\n\t<meta name=\"twitter:data1\" content=\"QueerVibesMag\" \/>\n\t<meta name=\"twitter:label2\" content=\"Tiempo de lectura\" \/>\n\t<meta name=\"twitter:data2\" content=\"3 minutos\" \/>\n<script type=\"application\/ld+json\" class=\"yoast-schema-graph\">{\"@context\":\"https:\\\/\\\/schema.org\",\"@graph\":[{\"@type\":\"Article\",\"@id\":\"https:\\\/\\\/queervibesmag.com\\\/madrid-partially-revokes-trans-and-lgbtq-rights-laws\\\/#article\",\"isPartOf\":{\"@id\":\"https:\\\/\\\/queervibesmag.com\\\/madrid-partially-revokes-trans-and-lgbtq-rights-laws\\\/\"},\"author\":{\"name\":\"QueerVibesMag\",\"@id\":\"https:\\\/\\\/queervibesmag.com\\\/#\\\/schema\\\/person\\\/9d2589cb12fe07ed1ef0d3c3f9228d52\"},\"headline\":\"Madrid partially revokes trans and LGBTQ rights laws\",\"datePublished\":\"2023-12-25T12:16:37+00:00\",\"dateModified\":\"2024-02-13T14:56:07+00:00\",\"mainEntityOfPage\":{\"@id\":\"https:\\\/\\\/queervibesmag.com\\\/madrid-partially-revokes-trans-and-lgbtq-rights-laws\\\/\"},\"wordCount\":421,\"commentCount\":0,\"publisher\":{\"@id\":\"https:\\\/\\\/queervibesmag.com\\\/#organization\"},\"image\":{\"@id\":\"https:\\\/\\\/queervibesmag.com\\\/madrid-partially-revokes-trans-and-lgbtq-rights-laws\\\/#primaryimage\"},\"thumbnailUrl\":\"https:\\\/\\\/i0.wp.com\\\/queervibesmag.com\\\/wp-content\\\/uploads\\\/2023\\\/12\\\/Madrid-partially-revokes-trans-and-LGBTQ-rights-laws.jpg?fit=761%2C521&ssl=1\",\"articleSection\":[\"LGBT NEWS SPAIN\",\"LGBT POLITICAL NEWS\",\"LGBTQ INFOS NEWS\",\"WORLD NEWS LGBTQ\"],\"inLanguage\":\"es\",\"potentialAction\":[{\"@type\":\"CommentAction\",\"name\":\"Comment\",\"target\":[\"https:\\\/\\\/queervibesmag.com\\\/madrid-partially-revokes-trans-and-lgbtq-rights-laws\\\/#respond\"]}]},{\"@type\":\"WebPage\",\"@id\":\"https:\\\/\\\/queervibesmag.com\\\/madrid-partially-revokes-trans-and-lgbtq-rights-laws\\\/\",\"url\":\"https:\\\/\\\/queervibesmag.com\\\/madrid-partially-revokes-trans-and-lgbtq-rights-laws\\\/\",\"name\":\"Madrid partially revokes trans and LGBTQ rights laws\",\"isPartOf\":{\"@id\":\"https:\\\/\\\/queervibesmag.com\\\/#website\"},\"primaryImageOfPage\":{\"@id\":\"https:\\\/\\\/queervibesmag.com\\\/madrid-partially-revokes-trans-and-lgbtq-rights-laws\\\/#primaryimage\"},\"image\":{\"@id\":\"https:\\\/\\\/queervibesmag.com\\\/madrid-partially-revokes-trans-and-lgbtq-rights-laws\\\/#primaryimage\"},\"thumbnailUrl\":\"https:\\\/\\\/i0.wp.com\\\/queervibesmag.com\\\/wp-content\\\/uploads\\\/2023\\\/12\\\/Madrid-partially-revokes-trans-and-LGBTQ-rights-laws.jpg?fit=761%2C521&ssl=1\",\"datePublished\":\"2023-12-25T12:16:37+00:00\",\"dateModified\":\"2024-02-13T14:56:07+00:00\",\"description\":\"Madrid's recent political decision marks a significant shift as it partially revokes laws protecting trans and LGBTQ rights.\",\"breadcrumb\":{\"@id\":\"https:\\\/\\\/queervibesmag.com\\\/madrid-partially-revokes-trans-and-lgbtq-rights-laws\\\/#breadcrumb\"},\"inLanguage\":\"es\",\"potentialAction\":[{\"@type\":\"ReadAction\",\"target\":[\"https:\\\/\\\/queervibesmag.com\\\/madrid-partially-revokes-trans-and-lgbtq-rights-laws\\\/\"]}]},{\"@type\":\"ImageObject\",\"inLanguage\":\"es\",\"@id\":\"https:\\\/\\\/queervibesmag.com\\\/madrid-partially-revokes-trans-and-lgbtq-rights-laws\\\/#primaryimage\",\"url\":\"https:\\\/\\\/i0.wp.com\\\/queervibesmag.com\\\/wp-content\\\/uploads\\\/2023\\\/12\\\/Madrid-partially-revokes-trans-and-LGBTQ-rights-laws.jpg?fit=761%2C521&ssl=1\",\"contentUrl\":\"https:\\\/\\\/i0.wp.com\\\/queervibesmag.com\\\/wp-content\\\/uploads\\\/2023\\\/12\\\/Madrid-partially-revokes-trans-and-LGBTQ-rights-laws.jpg?fit=761%2C521&ssl=1\",\"width\":761,\"height\":521,\"caption\":\"Madrid partially revokes trans and LGBTQ rights laws\"},{\"@type\":\"BreadcrumbList\",\"@id\":\"https:\\\/\\\/queervibesmag.com\\\/madrid-partially-revokes-trans-and-lgbtq-rights-laws\\\/#breadcrumb\",\"itemListElement\":[{\"@type\":\"ListItem\",\"position\":1,\"name\":\"Home\",\"item\":\"https:\\\/\\\/queervibesmag.com\\\/\"},{\"@type\":\"ListItem\",\"position\":2,\"name\":\"Madrid partially revokes trans and LGBTQ rights laws\"}]},{\"@type\":\"WebSite\",\"@id\":\"https:\\\/\\\/queervibesmag.com\\\/#website\",\"url\":\"https:\\\/\\\/queervibesmag.com\\\/\",\"name\":\"Queer Vibes Mag\",\"description\":\"WORLD WIDE LGBTQ NEWS\",\"publisher\":{\"@id\":\"https:\\\/\\\/queervibesmag.com\\\/#organization\"},\"potentialAction\":[{\"@type\":\"SearchAction\",\"target\":{\"@type\":\"EntryPoint\",\"urlTemplate\":\"https:\\\/\\\/queervibesmag.com\\\/?s={search_term_string}\"},\"query-input\":{\"@type\":\"PropertyValueSpecification\",\"valueRequired\":true,\"valueName\":\"search_term_string\"}}],\"inLanguage\":\"es\"},{\"@type\":\"Organization\",\"@id\":\"https:\\\/\\\/queervibesmag.com\\\/#organization\",\"name\":\"Queer Vibes Mag | LGBT NEWS\",\"alternateName\":\"Queer Vibes Mag | LGBT NEWS\",\"url\":\"https:\\\/\\\/queervibesmag.com\\\/\",\"logo\":{\"@type\":\"ImageObject\",\"inLanguage\":\"es\",\"@id\":\"https:\\\/\\\/queervibesmag.com\\\/#\\\/schema\\\/logo\\\/image\\\/\",\"url\":\"https:\\\/\\\/i0.wp.com\\\/queervibesmag.com\\\/wp-content\\\/uploads\\\/2023\\\/09\\\/cropped-Black_and_White_Modern_Literary_Magazine_Logo__2__-_Copie-removebg-preview.png?fit=200%2C200&ssl=1\",\"contentUrl\":\"https:\\\/\\\/i0.wp.com\\\/queervibesmag.com\\\/wp-content\\\/uploads\\\/2023\\\/09\\\/cropped-Black_and_White_Modern_Literary_Magazine_Logo__2__-_Copie-removebg-preview.png?fit=200%2C200&ssl=1\",\"width\":200,\"height\":200,\"caption\":\"Queer Vibes Mag | LGBT NEWS\"},\"image\":{\"@id\":\"https:\\\/\\\/queervibesmag.com\\\/#\\\/schema\\\/logo\\\/image\\\/\"},\"sameAs\":[\"https:\\\/\\\/x.com\\\/queervibesmag\"]},{\"@type\":\"Person\",\"@id\":\"https:\\\/\\\/queervibesmag.com\\\/#\\\/schema\\\/person\\\/9d2589cb12fe07ed1ef0d3c3f9228d52\",\"name\":\"QueerVibesMag\",\"image\":{\"@type\":\"ImageObject\",\"inLanguage\":\"es\",\"@id\":\"https:\\\/\\\/secure.gravatar.com\\\/avatar\\\/0bbb5765594baaa323b58b57926b3d7976708f18854390fef40c88a59647f3b8?s=96&d=mm&r=g\",\"url\":\"https:\\\/\\\/secure.gravatar.com\\\/avatar\\\/0bbb5765594baaa323b58b57926b3d7976708f18854390fef40c88a59647f3b8?s=96&d=mm&r=g\",\"contentUrl\":\"https:\\\/\\\/secure.gravatar.com\\\/avatar\\\/0bbb5765594baaa323b58b57926b3d7976708f18854390fef40c88a59647f3b8?s=96&d=mm&r=g\",\"caption\":\"QueerVibesMag\"},\"sameAs\":[\"https:\\\/\\\/queervibesmag.com\"],\"url\":\"https:\\\/\\\/queervibesmag.com\\\/es\\\/author\\\/admin\\\/\"}]}<\/script>\n<!-- \/ Yoast SEO plugin. -->","yoast_head_json":{"title":"Madrid deroga parcialmente las leyes sobre derechos trans y LGBTQ","description":"Madrid's recent political decision marks a significant shift as it partially revokes laws protecting trans and LGBTQ rights.","robots":{"index":"index","follow":"follow","max-snippet":"max-snippet:-1","max-image-preview":"max-image-preview:large","max-video-preview":"max-video-preview:-1"},"canonical":"https:\/\/queervibesmag.com\/es\/madrid-partially-revokes-trans-and-lgbtq-rights-laws\/","og_locale":"es_ES","og_type":"article","og_title":"Madrid partially revokes trans and LGBTQ rights laws","og_description":"Madrid's recent political decision marks a significant shift as it partially revokes laws protecting trans and LGBTQ rights.","og_url":"https:\/\/queervibesmag.com\/es\/madrid-partially-revokes-trans-and-lgbtq-rights-laws\/","og_site_name":"Queer Vibes Mag","article_published_time":"2023-12-25T12:16:37+00:00","article_modified_time":"2024-02-13T14:56:07+00:00","og_image":[{"width":761,"height":521,"url":"https:\/\/queervibesmag.com\/wp-content\/uploads\/2023\/12\/Madrid-partially-revokes-trans-and-LGBTQ-rights-laws.jpg","type":"image\/jpeg"}],"author":"QueerVibesMag","twitter_card":"summary_large_image","twitter_creator":"@queervibesmag","twitter_site":"@queervibesmag","twitter_misc":{"Escrito por":"QueerVibesMag","Tiempo de lectura":"3 minutos"},"schema":{"@context":"https:\/\/schema.org","@graph":[{"@type":"Article","@id":"https:\/\/queervibesmag.com\/madrid-partially-revokes-trans-and-lgbtq-rights-laws\/#article","isPartOf":{"@id":"https:\/\/queervibesmag.com\/madrid-partially-revokes-trans-and-lgbtq-rights-laws\/"},"author":{"name":"QueerVibesMag","@id":"https:\/\/queervibesmag.com\/#\/schema\/person\/9d2589cb12fe07ed1ef0d3c3f9228d52"},"headline":"Madrid partially revokes trans and LGBTQ rights laws","datePublished":"2023-12-25T12:16:37+00:00","dateModified":"2024-02-13T14:56:07+00:00","mainEntityOfPage":{"@id":"https:\/\/queervibesmag.com\/madrid-partially-revokes-trans-and-lgbtq-rights-laws\/"},"wordCount":421,"commentCount":0,"publisher":{"@id":"https:\/\/queervibesmag.com\/#organization"},"image":{"@id":"https:\/\/queervibesmag.com\/madrid-partially-revokes-trans-and-lgbtq-rights-laws\/#primaryimage"},"thumbnailUrl":"https:\/\/i0.wp.com\/queervibesmag.com\/wp-content\/uploads\/2023\/12\/Madrid-partially-revokes-trans-and-LGBTQ-rights-laws.jpg?fit=761%2C521&ssl=1","articleSection":["LGBT NEWS SPAIN","LGBT POLITICAL NEWS","LGBTQ INFOS NEWS","WORLD NEWS LGBTQ"],"inLanguage":"es","potentialAction":[{"@type":"CommentAction","name":"Comment","target":["https:\/\/queervibesmag.com\/madrid-partially-revokes-trans-and-lgbtq-rights-laws\/#respond"]}]},{"@type":"WebPage","@id":"https:\/\/queervibesmag.com\/madrid-partially-revokes-trans-and-lgbtq-rights-laws\/","url":"https:\/\/queervibesmag.com\/madrid-partially-revokes-trans-and-lgbtq-rights-laws\/","name":"Madrid deroga parcialmente las leyes sobre derechos trans y LGBTQ","isPartOf":{"@id":"https:\/\/queervibesmag.com\/#website"},"primaryImageOfPage":{"@id":"https:\/\/queervibesmag.com\/madrid-partially-revokes-trans-and-lgbtq-rights-laws\/#primaryimage"},"image":{"@id":"https:\/\/queervibesmag.com\/madrid-partially-revokes-trans-and-lgbtq-rights-laws\/#primaryimage"},"thumbnailUrl":"https:\/\/i0.wp.com\/queervibesmag.com\/wp-content\/uploads\/2023\/12\/Madrid-partially-revokes-trans-and-LGBTQ-rights-laws.jpg?fit=761%2C521&ssl=1","datePublished":"2023-12-25T12:16:37+00:00","dateModified":"2024-02-13T14:56:07+00:00","description":"Madrid's recent political decision marks a significant shift as it partially revokes laws protecting trans and LGBTQ rights.","breadcrumb":{"@id":"https:\/\/queervibesmag.com\/madrid-partially-revokes-trans-and-lgbtq-rights-laws\/#breadcrumb"},"inLanguage":"es","potentialAction":[{"@type":"ReadAction","target":["https:\/\/queervibesmag.com\/madrid-partially-revokes-trans-and-lgbtq-rights-laws\/"]}]},{"@type":"ImageObject","inLanguage":"es","@id":"https:\/\/queervibesmag.com\/madrid-partially-revokes-trans-and-lgbtq-rights-laws\/#primaryimage","url":"https:\/\/i0.wp.com\/queervibesmag.com\/wp-content\/uploads\/2023\/12\/Madrid-partially-revokes-trans-and-LGBTQ-rights-laws.jpg?fit=761%2C521&ssl=1","contentUrl":"https:\/\/i0.wp.com\/queervibesmag.com\/wp-content\/uploads\/2023\/12\/Madrid-partially-revokes-trans-and-LGBTQ-rights-laws.jpg?fit=761%2C521&ssl=1","width":761,"height":521,"caption":"Madrid partially revokes trans and LGBTQ rights laws"},{"@type":"BreadcrumbList","@id":"https:\/\/queervibesmag.com\/madrid-partially-revokes-trans-and-lgbtq-rights-laws\/#breadcrumb","itemListElement":[{"@type":"ListItem","position":1,"name":"Home","item":"https:\/\/queervibesmag.com\/"},{"@type":"ListItem","position":2,"name":"Madrid partially revokes trans and LGBTQ rights laws"}]},{"@type":"WebSite","@id":"https:\/\/queervibesmag.com\/#website","url":"https:\/\/queervibesmag.com\/","name":"Queer Vibes Mag","description":"NOTICIAS LGBT EN EL MUNDO","publisher":{"@id":"https:\/\/queervibesmag.com\/#organization"},"potentialAction":[{"@type":"SearchAction","target":{"@type":"EntryPoint","urlTemplate":"https:\/\/queervibesmag.com\/?s={search_term_string}"},"query-input":{"@type":"PropertyValueSpecification","valueRequired":true,"valueName":"search_term_string"}}],"inLanguage":"es"},{"@type":"Organization","@id":"https:\/\/queervibesmag.com\/#organization","name":"Queer Vibes Mag | LGBT NEWS","alternateName":"Queer Vibes Mag | LGBT NEWS","url":"https:\/\/queervibesmag.com\/","logo":{"@type":"ImageObject","inLanguage":"es","@id":"https:\/\/queervibesmag.com\/#\/schema\/logo\/image\/","url":"https:\/\/i0.wp.com\/queervibesmag.com\/wp-content\/uploads\/2023\/09\/cropped-Black_and_White_Modern_Literary_Magazine_Logo__2__-_Copie-removebg-preview.png?fit=200%2C200&ssl=1","contentUrl":"https:\/\/i0.wp.com\/queervibesmag.com\/wp-content\/uploads\/2023\/09\/cropped-Black_and_White_Modern_Literary_Magazine_Logo__2__-_Copie-removebg-preview.png?fit=200%2C200&ssl=1","width":200,"height":200,"caption":"Queer Vibes Mag | LGBT NEWS"},"image":{"@id":"https:\/\/queervibesmag.com\/#\/schema\/logo\/image\/"},"sameAs":["https:\/\/x.com\/queervibesmag"]},{"@type":"Person","@id":"https:\/\/queervibesmag.com\/#\/schema\/person\/9d2589cb12fe07ed1ef0d3c3f9228d52","name":"QueerVibesMag","image":{"@type":"ImageObject","inLanguage":"es","@id":"https:\/\/secure.gravatar.com\/avatar\/0bbb5765594baaa323b58b57926b3d7976708f18854390fef40c88a59647f3b8?s=96&d=mm&r=g","url":"https:\/\/secure.gravatar.com\/avatar\/0bbb5765594baaa323b58b57926b3d7976708f18854390fef40c88a59647f3b8?s=96&d=mm&r=g","contentUrl":"https:\/\/secure.gravatar.com\/avatar\/0bbb5765594baaa323b58b57926b3d7976708f18854390fef40c88a59647f3b8?s=96&d=mm&r=g","caption":"QueerVibesMag"},"sameAs":["https:\/\/queervibesmag.com"],"url":"https:\/\/queervibesmag.com\/es\/author\/admin\/"}]}},"jetpack_featured_media_url":"https:\/\/i0.wp.com\/queervibesmag.com\/wp-content\/uploads\/2023\/12\/Madrid-partially-revokes-trans-and-LGBTQ-rights-laws.jpg?fit=761%2C521&ssl=1","jetpack_sharing_enabled":true,"jetpack-related-posts":[{"id":2968,"url":"https:\/\/queervibesmag.com\/es\/us-seeks-supreme-court-intervention-on-transgender-student-protections\/","url_meta":{"origin":960,"position":0},"title":"US Seeks Supreme Court Intervention on Transgender Student Protections","author":"QueerVibesMag","date":"julio 24, 2024","format":false,"excerpt":"US Seeks Supreme Court Intervention on Transgender Student Protections Biden Administration Challenges Lower Court Rulings The Biden administration has requested the US Supreme Court to intervene and restrict the comprehensive orders from lower courts that have halted the extension of anti-sex discrimination protections in education to transgender students. Solicitor General's\u2026","rel":"","context":"En \u00abLGBT POLITICAL NEWS\u00bb","block_context":{"text":"LGBT POLITICAL NEWS","link":"https:\/\/queervibesmag.com\/es\/category\/lgbt-political-news\/"},"img":{"alt_text":"US Seeks Supreme Court Intervention on Transgender Student Protections","src":"https:\/\/i0.wp.com\/queervibesmag.com\/wp-content\/uploads\/2024\/07\/US-Seeks-Supreme-Court-Intervention-on-Transgender-Student-Protections.jpg?fit=1200%2C750&ssl=1&resize=350%2C200","width":350,"height":200,"srcset":"https:\/\/i0.wp.com\/queervibesmag.com\/wp-content\/uploads\/2024\/07\/US-Seeks-Supreme-Court-Intervention-on-Transgender-Student-Protections.jpg?fit=1200%2C750&ssl=1&resize=350%2C200 1x, https:\/\/i0.wp.com\/queervibesmag.com\/wp-content\/uploads\/2024\/07\/US-Seeks-Supreme-Court-Intervention-on-Transgender-Student-Protections.jpg?fit=1200%2C750&ssl=1&resize=525%2C300 1.5x, https:\/\/i0.wp.com\/queervibesmag.com\/wp-content\/uploads\/2024\/07\/US-Seeks-Supreme-Court-Intervention-on-Transgender-Student-Protections.jpg?fit=1200%2C750&ssl=1&resize=700%2C400 2x, https:\/\/i0.wp.com\/queervibesmag.com\/wp-content\/uploads\/2024\/07\/US-Seeks-Supreme-Court-Intervention-on-Transgender-Student-Protections.jpg?fit=1200%2C750&ssl=1&resize=1050%2C600 3x"},"classes":[]},{"id":3597,"url":"https:\/\/queervibesmag.com\/es\/first-trans-candidates-nepal-election\/","url_meta":{"origin":960,"position":1},"title":"Nepal\u2019s First Openly Transgender Candidates Make History","author":"QueerVibesMag","date":"diciembre 3, 2024","format":false,"excerpt":"Nepal\u2019s First Openly Transgender Candidates Make History For the first time, two openly transgender candidates are running for office in Nepal, a country known for progressive LGBTQ+ rights yet lacking LGBTQ+ political representation since 2008. Honey Maharjan, 44, is campaigning to become mayor of Kirtipur, aiming to inspire the queer\u2026","rel":"","context":"En \u00abLGBT POLITICAL NEWS\u00bb","block_context":{"text":"LGBT POLITICAL NEWS","link":"https:\/\/queervibesmag.com\/es\/category\/lgbt-political-news\/"},"img":{"alt_text":"Nepal\u2019s First Openly Transgender Candidates Make History","src":"https:\/\/i0.wp.com\/queervibesmag.com\/wp-content\/uploads\/2024\/12\/First-Openly-Trans-Candidates-Run-for-Office-in-Nepal.jpg?fit=1200%2C708&ssl=1&resize=350%2C200","width":350,"height":200,"srcset":"https:\/\/i0.wp.com\/queervibesmag.com\/wp-content\/uploads\/2024\/12\/First-Openly-Trans-Candidates-Run-for-Office-in-Nepal.jpg?fit=1200%2C708&ssl=1&resize=350%2C200 1x, https:\/\/i0.wp.com\/queervibesmag.com\/wp-content\/uploads\/2024\/12\/First-Openly-Trans-Candidates-Run-for-Office-in-Nepal.jpg?fit=1200%2C708&ssl=1&resize=525%2C300 1.5x, https:\/\/i0.wp.com\/queervibesmag.com\/wp-content\/uploads\/2024\/12\/First-Openly-Trans-Candidates-Run-for-Office-in-Nepal.jpg?fit=1200%2C708&ssl=1&resize=700%2C400 2x, https:\/\/i0.wp.com\/queervibesmag.com\/wp-content\/uploads\/2024\/12\/First-Openly-Trans-Candidates-Run-for-Office-in-Nepal.jpg?fit=1200%2C708&ssl=1&resize=1050%2C600 3x"},"classes":[]},{"id":2219,"url":"https:\/\/queervibesmag.com\/es\/melania-trump-champions-lgbt-rights-and-joins-forces-with-caitlyn-jenner\/","url_meta":{"origin":960,"position":2},"title":"Melania Trump defiende los derechos LGTB y une fuerzas con Caitlyn Jenner","author":"QueerVibesMag","date":"abril 25, 2024","format":false,"excerpt":"Melania Trump LGBT Rights Melania Trump Champions LGBT Rights and Joins Forces with Caitlyn Jenner Event at Mar-a-Lago On April 13, Melania Trump held an event at her Mar-a-Lago residence aimed at highlighting President Trump's LGBT record and outlining his goals for a potential second term in office. This gathering\u2026","rel":"","context":"En \u00abUncategorized\u00bb","block_context":{"text":"Uncategorized","link":"https:\/\/queervibesmag.com\/es\/category\/uncategorized-en\/"},"img":{"alt_text":"Melania Trump LGBT Rights","src":"https:\/\/i0.wp.com\/queervibesmag.com\/wp-content\/uploads\/2024\/04\/gdggfdgd.jpg?fit=1160%2C745&ssl=1&resize=350%2C200","width":350,"height":200,"srcset":"https:\/\/i0.wp.com\/queervibesmag.com\/wp-content\/uploads\/2024\/04\/gdggfdgd.jpg?fit=1160%2C745&ssl=1&resize=350%2C200 1x, https:\/\/i0.wp.com\/queervibesmag.com\/wp-content\/uploads\/2024\/04\/gdggfdgd.jpg?fit=1160%2C745&ssl=1&resize=525%2C300 1.5x, https:\/\/i0.wp.com\/queervibesmag.com\/wp-content\/uploads\/2024\/04\/gdggfdgd.jpg?fit=1160%2C745&ssl=1&resize=700%2C400 2x, https:\/\/i0.wp.com\/queervibesmag.com\/wp-content\/uploads\/2024\/04\/gdggfdgd.jpg?fit=1160%2C745&ssl=1&resize=1050%2C600 3x"},"classes":[]},{"id":354,"url":"https:\/\/queervibesmag.com\/es\/a-push-for-trans-and-intersex-rights-in-rwanda\/","url_meta":{"origin":960,"position":3},"title":"Un impulso a los derechos de los transexuales e intersexuales en Ruanda","author":"QueerVibesMag","date":"septiembre 17, 2023","format":false,"excerpt":"A Push for Trans and Intersex Rights in Rwanda In Rwanda, a nation known for its progressive stance on LGBTQ+ issues, activists are advocating for enhanced legal recognition and protection for transgender and intersex individuals. Despite the country's relatively open-minded approach, many in the LGBTQ+ community still face discrimination and\u2026","rel":"","context":"En \u00abGOOD NEWS\u00bb","block_context":{"text":"GOOD NEWS","link":"https:\/\/queervibesmag.com\/es\/category\/good-news\/"},"img":{"alt_text":"A Push for Trans and Intersex Rights in Rwanda","src":"https:\/\/i0.wp.com\/queervibesmag.com\/wp-content\/uploads\/2023\/09\/A-Push-for-Trans-and-Intersex-Rights-in-Rwanda.jpg?fit=1200%2C628&ssl=1&resize=350%2C200","width":350,"height":200,"srcset":"https:\/\/i0.wp.com\/queervibesmag.com\/wp-content\/uploads\/2023\/09\/A-Push-for-Trans-and-Intersex-Rights-in-Rwanda.jpg?fit=1200%2C628&ssl=1&resize=350%2C200 1x, https:\/\/i0.wp.com\/queervibesmag.com\/wp-content\/uploads\/2023\/09\/A-Push-for-Trans-and-Intersex-Rights-in-Rwanda.jpg?fit=1200%2C628&ssl=1&resize=525%2C300 1.5x, https:\/\/i0.wp.com\/queervibesmag.com\/wp-content\/uploads\/2023\/09\/A-Push-for-Trans-and-Intersex-Rights-in-Rwanda.jpg?fit=1200%2C628&ssl=1&resize=700%2C400 2x, https:\/\/i0.wp.com\/queervibesmag.com\/wp-content\/uploads\/2023\/09\/A-Push-for-Trans-and-Intersex-Rights-in-Rwanda.jpg?fit=1200%2C628&ssl=1&resize=1050%2C600 3x"},"classes":[]},{"id":3165,"url":"https:\/\/queervibesmag.com\/es\/supreme-courts-recent-decision-casts-doubt-on-lgbtq-rights-protection\/","url_meta":{"origin":960,"position":4},"title":"La reciente decisi\u00f3n del Tribunal Supremo pone en duda la protecci\u00f3n de los derechos LGBTQ","author":"QueerVibesMag","date":"agosto 22, 2024","format":false,"excerpt":"Supreme Court's Decision Doubt LGBTQ Rights Court's New Ruling May Undermine Landmark LGBTQ Decision In a surprising move, the Supreme Court issued a brief and unusual opinion on Friday that appears to weaken its significant 2020 civil rights decision in Bostock v. Clayton County. That ruling, which required the Biden\u2026","rel":"","context":"En \u00abLGBT POLITICAL NEWS\u00bb","block_context":{"text":"LGBT POLITICAL NEWS","link":"https:\/\/queervibesmag.com\/es\/category\/lgbt-political-news\/"},"img":{"alt_text":"Supreme Court's Decision Doubt LGBTQ Rights","src":"https:\/\/i0.wp.com\/queervibesmag.com\/wp-content\/uploads\/2024\/08\/dfghfd.jpg?fit=850%2C574&ssl=1&resize=350%2C200","width":350,"height":200,"srcset":"https:\/\/i0.wp.com\/queervibesmag.com\/wp-content\/uploads\/2024\/08\/dfghfd.jpg?fit=850%2C574&ssl=1&resize=350%2C200 1x, https:\/\/i0.wp.com\/queervibesmag.com\/wp-content\/uploads\/2024\/08\/dfghfd.jpg?fit=850%2C574&ssl=1&resize=525%2C300 1.5x, https:\/\/i0.wp.com\/queervibesmag.com\/wp-content\/uploads\/2024\/08\/dfghfd.jpg?fit=850%2C574&ssl=1&resize=700%2C400 2x"},"classes":[]},{"id":1193,"url":"https:\/\/queervibesmag.com\/es\/anti-lgbtq-legislative-proposals\/","url_meta":{"origin":960,"position":5},"title":"2024 Aumento de la legislaci\u00f3n anti-LGBTQ+ en EE.UU.","author":"QueerVibesMag","date":"enero 19, 2024","format":false,"excerpt":"Anti-LGBTQ+ Legislative Proposals Surge in Anti-LGBTQ+ Legislation In the nascent days of 2024, a startling proliferation of anti-LGBTQ+ legislative proposals has emerged, eclipsing the previous year's total in mere fortnights. A staggering 285 such bills have been tabled in various state assemblies, a count surpassing half the aggregate proposed throughout\u2026","rel":"","context":"En \u00abLGBT POLITICAL NEWS\u00bb","block_context":{"text":"LGBT POLITICAL NEWS","link":"https:\/\/queervibesmag.com\/es\/category\/lgbt-political-news\/"},"img":{"alt_text":"Anti-LGBTQ+ Legislative Proposals","src":"https:\/\/i0.wp.com\/queervibesmag.com\/wp-content\/uploads\/2024\/01\/545ii.jpg?fit=1200%2C681&ssl=1&resize=350%2C200","width":350,"height":200,"srcset":"https:\/\/i0.wp.com\/queervibesmag.com\/wp-content\/uploads\/2024\/01\/545ii.jpg?fit=1200%2C681&ssl=1&resize=350%2C200 1x, https:\/\/i0.wp.com\/queervibesmag.com\/wp-content\/uploads\/2024\/01\/545ii.jpg?fit=1200%2C681&ssl=1&resize=525%2C300 1.5x, https:\/\/i0.wp.com\/queervibesmag.com\/wp-content\/uploads\/2024\/01\/545ii.jpg?fit=1200%2C681&ssl=1&resize=700%2C400 2x, https:\/\/i0.wp.com\/queervibesmag.com\/wp-content\/uploads\/2024\/01\/545ii.jpg?fit=1200%2C681&ssl=1&resize=1050%2C600 3x"},"classes":[]}],"_links":{"self":[{"href":"https:\/\/queervibesmag.com\/es\/wp-json\/wp\/v2\/posts\/960","targetHints":{"allow":["GET"]}}],"collection":[{"href":"https:\/\/queervibesmag.com\/es\/wp-json\/wp\/v2\/posts"}],"about":[{"href":"https:\/\/queervibesmag.com\/es\/wp-json\/wp\/v2\/types\/post"}],"author":[{"embeddable":true,"href":"https:\/\/queervibesmag.com\/es\/wp-json\/wp\/v2\/users\/1"}],"replies":[{"embeddable":true,"href":"https:\/\/queervibesmag.com\/es\/wp-json\/wp\/v2\/comments?post=960"}],"version-history":[{"count":1,"href":"https:\/\/queervibesmag.com\/es\/wp-json\/wp\/v2\/posts\/960\/revisions"}],"predecessor-version":[{"id":962,"href":"https:\/\/queervibesmag.com\/es\/wp-json\/wp\/v2\/posts\/960\/revisions\/962"}],"wp:featuredmedia":[{"embeddable":true,"href":"https:\/\/queervibesmag.com\/es\/wp-json\/wp\/v2\/media\/961"}],"wp:attachment":[{"href":"https:\/\/queervibesmag.com\/es\/wp-json\/wp\/v2\/media?parent=960"}],"wp:term":[{"taxonomy":"category","embeddable":true,"href":"https:\/\/queervibesmag.com\/es\/wp-json\/wp\/v2\/categories?post=960"},{"taxonomy":"post_tag","embeddable":true,"href":"https:\/\/queervibesmag.com\/es\/wp-json\/wp\/v2\/tags?post=960"}],"curies":[{"name":"wp","href":"https:\/\/api.w.org\/{rel}","templated":true}]}}